{"id":773392,"date":"2024-12-07T17:55:45","date_gmt":"2024-12-07T13:55:45","guid":{"rendered":"https:\/\/arantv.az\/?p=773392"},"modified":"2024-12-07T17:55:45","modified_gmt":"2024-12-07T13:55:45","slug":"dohada-rusiya-turkiy%c9%99-v%c9%99-iran-xin-bascilarinin-gorusu-olubfoto","status":"publish","type":"post","link":"https:\/\/arantv.az\/?p=773392","title":{"rendered":"Dohada Rusiya, T\u00fcrkiy\u0259 v\u0259 \u0130ran X\u0130N ba\u015f\u00e7\u0131lar\u0131n\u0131n g\u00f6r\u00fc\u015f\u00fc olubFOTO"},"content":{"rendered":"<p><strong>Dohada Rusiya, T\u00fcrkiy\u0259 v\u0259 \u0130ran\u0131n xarici i\u015fl\u0259r nazirl\u0259ri aras\u0131nda \u00fc\u00e7t\u0259r\u0259fli g\u00f6r\u00fc\u015f ke\u00e7irilib.<\/strong><\/p>\n<p>G\u00f6r\u00fc\u015f\u00fcn \u0259sas m\u0259qs\u0259di Suriya m\u00fcnaqi\u015f\u0259sinin cari v\u0259ziyy\u0259ti v\u0259 regiondak\u0131 g\u0259rginliyin artmas\u0131 m\u0259s\u0259l\u0259l\u0259rini m\u00fczakir\u0259 etm\u0259k olub.<\/p>\n<p><em><strong>Sammit zaman\u0131 t\u0259r\u0259fl\u0259r Suriyada davam ed\u0259n humanitar b\u00f6hran, m\u00fcnaqi\u015f\u0259nin h\u0259lli yollar\u0131 v\u0259 s\u00fclh prosesind\u0259 beyn\u0259lxalq \u0259m\u0259kda\u015fl\u0131\u011f\u0131n \u0259h\u0259miyy\u0259tini m\u00fczakir\u0259 edibl\u0259r.<\/strong><\/em><\/p>\n<p>Bu g\u00f6r\u00fc\u015f regionda ba\u015f ver\u0259n m\u00fcr\u0259kk\u0259b prosesl\u0259r fonunda m\u00fch\u00fcm diplomatik add\u0131m kimi qiym\u0259tl\u0259ndirilir.<\/p>\n<p>Qeyd ed\u0259k ki, g\u00f6r\u00fc\u015fd\u0259 Rusiya xarici i\u015fl\u0259r naziri Sergey Lavrov, T\u00fcrkiy\u0259 X\u0130N r\u0259hb\u0259ri Hakan Fidan v\u0259 \u0130ran\u0131n y\u00fcks\u0259k r\u00fctb\u0259li diplomatlar\u0131 i\u015ftirak edib. T\u0259dbir Dohada ke\u00e7iril\u0259n beyn\u0259lxalq platformalardan biri \u00e7\u0259r\u00e7iv\u0259sind\u0259 t\u0259\u015fkil olunub.<\/p>\n<p><em><strong>M\u00fczakir\u0259l\u0259rin yekunlar\u0131 bar\u0259d\u0259 \u0259lav\u0259 m\u0259lumatlar g\u00f6zl\u0259nilir.<\/strong><\/em><\/p>\n","protected":false},"excerpt":{"rendered":"<p>Dohada Rusiya, T\u00fcrkiy\u0259 v\u0259 \u0130ran\u0131n xarici i\u015fl\u0259r nazirl\u0259ri aras\u0131nda \u00fc\u00e7t\u0259r\u0259fli g\u00f6r\u00fc\u015f ke\u00e7irilib. G\u00f6r\u00fc\u015f\u00fcn \u0259sas m\u0259qs\u0259di Suriya m\u00fcnaqi\u015f\u0259sinin cari v\u0259ziyy\u0259ti v\u0259 regiondak\u0131 g\u0259rginliyin artmas\u0131 m\u0259s\u0259l\u0259l\u0259rini m\u00fczakir\u0259 etm\u0259k olub. Sammit zaman\u0131 t\u0259r\u0259fl\u0259r Suriyada davam ed\u0259n humanitar b\u00f6hran, m\u00fcnaqi\u015f\u0259nin h\u0259lli yollar\u0131 v\u0259 s\u00fclh prosesind\u0259 beyn\u0259lxalq \u0259m\u0259kda\u015fl\u0131\u011f\u0131n \u0259h\u0259miyy\u0259tini m\u00fczakir\u0259 edibl\u0259r. Bu g\u00f6r\u00fc\u015f regionda ba\u015f ver\u0259n m\u00fcr\u0259kk\u0259b prosesl\u0259r fonunda m\u00fch\u00fcm diplomatik add\u0131m kimi qiym\u0259tl\u0259ndirilir. Qeyd ed\u0259k ki, g\u00f6r\u00fc\u015fd\u0259 Rusiya xarici i\u015fl\u0259r naziri Sergey Lavrov, T\u00fcrkiy\u0259 X\u0130N r\u0259hb\u0259ri Hakan Fidan v\u0259 \u0130ran\u0131n y\u00fcks\u0259k r\u00fctb\u0259li diplomatlar\u0131 i\u015ftirak edib. T\u0259dbir Dohada ke\u00e7iril\u0259n beyn\u0259lxalq platformalardan biri \u00e7\u0259r\u00e7iv\u0259sind\u0259 t\u0259\u015fkil olunub.&hellip;<\/p>\n","protected":false},"author":2,"featured_media":773393,"comment_status":"closed","ping_status":"closed","sticky":false,"template":"","format":"standard","meta":{"om_disable_all_campaigns":false,"_monsterinsights_skip_tracking":false,"_monsterinsights_sitenote_active":false,"_monsterinsights_sitenote_note":"","_monsterinsights_sitenote_category":0},"categories":[19],"tags":[],"aioseo_notices":[],"gutentor_comment":0,"rttpg_featured_image_url":{"full":["https:\/\/arantv.az\/wp-content\/uploads\/2024\/12\/e58ecba0793370b59cd2948716ce0061.jpg",850,500,false],"landscape":["https:\/\/arantv.az\/wp-content\/uploads\/2024\/12\/e58ecba0793370b59cd2948716ce0061.jpg",850,500,false],"portraits":["https:\/\/arantv.az\/wp-content\/uploads\/2024\/12\/e58ecba0793370b59cd2948716ce0061.jpg",850,500,false],"thumbnail":["https:\/\/arantv.az\/wp-content\/uploads\/2024\/12\/e58ecba0793370b59cd2948716ce0061-500x280.jpg",500,280,true],"medium":["https:\/\/arantv.az\/wp-content\/uploads\/2024\/12\/e58ecba0793370b59cd2948716ce0061-621x365.jpg",621,365,true],"large":["https:\/\/arantv.az\/wp-content\/uploads\/2024\/12\/e58ecba0793370b59cd2948716ce0061-840x494.jpg",640,376,true],"1536x1536":["https:\/\/arantv.az\/wp-content\/uploads\/2024\/12\/e58ecba0793370b59cd2948716ce0061.jpg",850,500,false],"2048x2048":["https:\/\/arantv.az\/wp-content\/uploads\/2024\/12\/e58ecba0793370b59cd2948716ce0061.jpg",850,500,false],"post-thumbnail":["https:\/\/arantv.az\/wp-content\/uploads\/2024\/12\/e58ecba0793370b59cd2948716ce0061-240x172.jpg",240,172,true],"advps-thumb-one":["https:\/\/arantv.az\/wp-content\/uploads\/2024\/12\/e58ecba0793370b59cd2948716ce0061.jpg",850,500,false]},"rttpg_author":{"display_name":"V\u00fcsal Rafiqo\u011flu","author_link":"https:\/\/arantv.az\/?author=2"},"rttpg_comment":0,"rttpg_category":"<a href=\"https:\/\/arantv.az\/?cat=19\" rel=\"category\">G\u00fcnd\u0259m<\/a>","rttpg_excerpt":"Dohada Rusiya, T\u00fcrkiy\u0259 v\u0259 \u0130ran\u0131n xarici i\u015fl\u0259r nazirl\u0259ri aras\u0131nda \u00fc\u00e7t\u0259r\u0259fli g\u00f6r\u00fc\u015f ke\u00e7irilib. G\u00f6r\u00fc\u015f\u00fcn \u0259sas m\u0259qs\u0259di Suriya m\u00fcnaqi\u015f\u0259sinin cari v\u0259ziyy\u0259ti v\u0259 regiondak\u0131 g\u0259rginliyin artmas\u0131 m\u0259s\u0259l\u0259l\u0259rini m\u00fczakir\u0259 etm\u0259k olub. Sammit zaman\u0131 t\u0259r\u0259fl\u0259r Suriyada davam ed\u0259n humanitar b\u00f6hran, m\u00fcnaqi\u015f\u0259nin h\u0259lli yollar\u0131 v\u0259 s\u00fclh prosesind\u0259 beyn\u0259lxalq \u0259m\u0259kda\u015fl\u0131\u011f\u0131n \u0259h\u0259miyy\u0259tini m\u00fczakir\u0259 edibl\u0259r. Bu g\u00f6r\u00fc\u015f regionda ba\u015f ver\u0259n m\u00fcr\u0259kk\u0259b prosesl\u0259r fonunda m\u00fch\u00fcm&hellip;","_links":{"self":[{"href":"https:\/\/arantv.az\/index.php?rest_route=\/wp\/v2\/posts\/773392"}],"collection":[{"href":"https:\/\/arantv.az\/index.php?rest_route=\/wp\/v2\/posts"}],"about":[{"href":"https:\/\/arantv.az\/index.php?rest_route=\/wp\/v2\/types\/post"}],"author":[{"embeddable":true,"href":"https:\/\/arantv.az\/index.php?rest_route=\/wp\/v2\/users\/2"}],"replies":[{"embeddable":true,"href":"https:\/\/arantv.az\/index.php?rest_route=%2Fwp%2Fv2%2Fcomments&post=773392"}],"version-history":[{"count":1,"href":"https:\/\/arantv.az\/index.php?rest_route=\/wp\/v2\/posts\/773392\/revisions"}],"predecessor-version":[{"id":773394,"href":"https:\/\/arantv.az\/index.php?rest_route=\/wp\/v2\/posts\/773392\/revisions\/773394"}],"wp:featuredmedia":[{"embeddable":true,"href":"https:\/\/arantv.az\/index.php?rest_route=\/wp\/v2\/media\/773393"}],"wp:attachment":[{"href":"https:\/\/arantv.az\/index.php?rest_route=%2Fwp%2Fv2%2Fmedia&parent=773392"}],"wp:term":[{"taxonomy":"category","embeddable":true,"href":"https:\/\/arantv.az\/index.php?rest_route=%2Fwp%2Fv2%2Fcategories&post=773392"},{"taxonomy":"post_tag","embeddable":true,"href":"https:\/\/arantv.az\/index.php?rest_route=%2Fwp%2Fv2%2Ftags&post=773392"}],"curies":[{"name":"wp","href":"https:\/\/api.w.org\/{rel}","templated":true}]}}