{"id":773395,"date":"2024-12-07T17:57:38","date_gmt":"2024-12-07T13:57:38","guid":{"rendered":"https:\/\/arantv.az\/?p=773395"},"modified":"2024-12-07T17:57:38","modified_gmt":"2024-12-07T13:57:38","slug":"erm%c9%99nistanda-neytralliq-statusu-referendumu","status":"publish","type":"post","link":"https:\/\/arantv.az\/?p=773395","title":{"rendered":"Erm\u0259nistanda neytrall\u0131q statusu referendumu"},"content":{"rendered":"<h3><strong>\u0130r\u0259van KTMT-d\u0259n \u00e7\u0131xmal\u0131, G\u00fcmr\u00fcd\u0259ki h\u0259rbi baza da ba\u011flanmal\u0131d\u0131r, amma bu add\u0131mlar\u0131\u00a0 hans\u0131sa h\u0259rbi bloka \u201cpe\u015fka\u201dl\u0131q etm\u0259k \u00fc\u00e7\u00fcn atarlarsa, bu b\u00f6y\u00fck qanmazl\u0131qd\u0131r&#8230;<\/strong><\/h3>\n<p>Erm\u0259nistan\u0131n ba\u015f naziri Nikol Pa\u015finyan iki h\u0259qiq\u0259ti anlamaqda ya \u00e7\u0259tinlik \u00e7\u0259kir, ya da \u00f6z\u00fcn\u00fc qanmazl\u0131\u011fa qoyur. Birincisi, o m\u0259nsub oldu\u011fu xalq\u0131n n\u0259 mal oldu\u011funu yax\u015f\u0131 bils\u0259 d\u0259,\u00a0 \u00f6z\u00fcn\u00fc el\u0259 apar\u0131r ki, guya erm\u0259nil\u0259r Qafqazda kafa etibaril\u0259 \u00e7ox f\u0259rqlidirl\u0259r, y\u00fcks\u0259k m\u0259d\u0259niyy\u0259t v\u0259 \u0259xlaq da\u015f\u0131y\u0131c\u0131lar\u0131d\u0131rlar, demokratik c\u0259miyy\u0259td\u0259 ya\u015famaq ist\u0259yi babalar\u0131n\u0131n\u00a0 genetikalar\u0131ndan g\u0259lir v\u0259 sair\u0259.\u00a0 \u018flb\u0259tt\u0259, h\u0259r \u00f6lk\u0259nin lideri d\u00f6vl\u0259ti\u00a0 \u00fc\u00e7\u00fcn \u00e7al\u0131\u015fmal\u0131d\u0131r, xalq\u0131 haqda da y\u00fcks\u0259k fikird\u0259 olml\u0131d\u0131r. Amma s\u00f6hb\u0259t erm\u0259nid\u0259n gedirs\u0259, y\u00fcks\u0259k d\u0259y\u0259rl\u0259r\u00a0 ifad\u0259si art\u0131qd\u0131r, \u00e7\u00fcnki bu mill\u0259tin \u0259skikl\u0259ri \u00e7oxdur.<\/p>\n<p><img loading=\"lazy\" src=\"https:\/\/cdn.musavat.com\/news\/thumbnails\/42f14cd629f9c7bf7c42858c5e558f55.jpg\" alt=\"scale_1200 (3).jpg (111 KB)\" width=\"700\" height=\"467\" \/><\/p>\n<p>Pa\u015finyan h\u0259mi\u015f\u0259 erm\u0259ni c\u0259miyy\u0259tinin i\u00e7ind\u0259 olub, h\u0259tta h\u0259bs\u0259 d\u0259 d\u00fc\u015f\u00fcb,\u00a0 2018-ci ild\u0259n d\u0259 hakimyy\u0259td\u0259dir. Bu m\u00fcdd\u0259td\u0259 ba\u015f ver\u0259n hadis\u0259l\u0259r, 44 g\u00fcnl\u00fck m\u00fcharib\u0259 Pa\u015finyana erm\u0259ni xalq\u0131n\u0131 bir daha yax\u0131ndan tan\u0131maq imkan\u0131 verib. Pa\u015finyan is\u0259 o ger\u00e7\u0259kl\u0259ri g\u00f6rm\u0259k \u0259v\u0259zin\u0259, Erm\u0259nistan\u0131 m\u0259s\u0259l\u0259n, Avropa \u0130ttifaq\u0131na qo\u015fmaq kimi m\u0259nas\u0131z i\u015fin arxas\u0131na d\u00fc\u015f\u00fcb. Erm\u0259nistan\u0131n iqtisadi potensial\u0131 bir k\u0259nara, erm\u0259nil\u0259rin o ittifaqda n\u0259 i\u015fl\u0259ri ola bil\u0259r? A\u0130-ni q\u0259tiyy\u0259n idealla\u015fd\u0131rm\u0131r\u0131q, bu t\u0259\u015fkilat x\u00fcsusil\u0259 Brtianiyan\u0131n \u201cBrexsit\u201dind\u0259n\u00a0 v\u0259 son ill\u0259rki siyas\u0259tind\u0259n sonra\u00a0 \u00f6z\u00fcn\u00fc \u00e7ox y\u0131prad\u0131b, b\u00fct\u00fcn d\u0259y\u0259rl\u0259ri g\u00f6zd\u0259n sal\u0131b.\u00a0 Bu ittifaq m\u0259kanda insan haqlar\u0131 az qala \u201cki\u015filiyi g\u00f6zd\u0259n salmaq\u201d statusu qazan\u0131b, iqtisadi geril\u0259m\u0259 s\u00fcr\u0259tl\u0259nib, sosial b\u0259rab\u0259rsizlik, milli z\u0259mind\u0259 ayr\u0131-se\u00e7kilik art\u0131b. T\u00fcrkiy\u0259 kimi d\u00f6vl\u0259ti 50 ildir qap\u0131 arxas\u0131nda saxlay\u0131rlar ki, bu da milli ayr\u0131-se\u00e7kiliyinin ba\u015fqa bir t\u0259zah\u00fcr\u00fcd\u00fcr.\u00a0 Erm\u0259nistan Ukrayna, Moldova, G\u00fcrc\u00fcstan v\u0259 Belarus \u00fc\u00e7\u00fcn d\u00fc\u015f\u00fcn\u00fclm\u00fc\u015f\u00a0 \u201c\u015e\u0259rq T\u0259r\u0259fda\u015fl\u0131\u011f\u0131 \u00a0 \u00a0 t\u0259l\u0259si\u201dnd\u0259 \u00e7ox vurnuxdu, Qaraba\u011f problemini h\u0259tta bu \u0259m\u0259kda\u015fl\u0131qdan yararlanaraq \u00f6z xeyrin\u0259 h\u0259llin\u0259 c\u0259hd\u00a0 etdi. Bu \u0259m\u0259kda\u015fl\u0131\u011fa c\u0259lb edil\u0259n he\u00e7 bir \u00f6lk\u0259 h\u0259l\u0259 d\u0259 A\u0130-nin \u00fczv\u00fc deyil, h\u0259l\u0259 d\u0259 bu m\u0259s\u0259l\u0259 dart\u0131\u015fma v\u0259 g\u0259rginlik m\u00f6vzusudur. Pa\u015finyan bunlar\u0131 \u0259lb\u0259tt\u0259 ki, bilir. Amma erm\u0259ni h\u0259yas\u0131zl\u0131\u011f\u0131 burda da \u00f6z\u00fcn\u00fc g\u00f6st\u0259rir. \u00a0 \u00d6zl\u0259rini\u00a0 Avropa ail\u0259sin\u0259 \u00fczvl\u00fcy\u00fc haqq ed\u0259n \u00f6lk\u0259 v\u0259 mill\u0259t kimi gost\u0259rm\u0259y\u0259 \u00e7al\u0131\u015f\u0131rlar. Vaxtil\u0259 Amerikada, Avropaya k\u00f6\u00e7 ed\u0259n erm\u0259nil\u0259r\u0259 baxmay\u0131n, onlar\u0131n da b\u0259zil\u0259ri \u201cB\u00f6y\u00fck Erm\u0259nistan\u201d kimi x\u0259st\u0259 ideyan\u0131n arxas\u0131na d\u00fc\u015fs\u0259l\u0259r d\u0259, bir \u00e7oxu c\u0259miyy\u0259t\u0259 inteqrasiya ed\u0259 bilib. 30 il Az\u0259rbaycan\u0131n \u0259razil\u0259rini i\u015f\u011fal alt\u0131nda saxlayan, b\u00fct\u00fcn m\u0259d\u0259ni-tarixi abid\u0259l\u0259rini da\u011f\u0131dan, \u00fcst\u0259lik h\u0259l\u0259 d\u0259\u00a0 revan\u015fist hisl\u0259rl\u0259 ya\u015fayan erm\u0259nin Avropa \u0130ttifaq\u0131nda n\u0259 i\u015fi ola bil\u0259r?<\/p>\n<p>M\u0259lumata g\u00f6r\u0259, Pa\u015finyan Avropa \u0130ttifaq\u0131na \u00fczvl\u00fckl\u0259 ba\u011fl\u0131 referendum ke\u00e7irilm\u0259si t\u0259\u015f\u0259bb\u00fcs\u00fcn\u00fc d\u0259st\u0259kl\u0259yib.<\/p>\n<p>Avropa Partiyas\u0131n\u0131n\u00a0 r\u0259hb\u0259ri Tiqran Xzmalyan bildirib ki,\u00a0 referendum layih\u0259sinin m\u00fczakir\u0259si \u00fc\u00e7\u00fcn imzatoplama kampaniyas\u0131 yekunla\u015f\u0131b\u00a0 v\u0259 yax\u0131n g\u00fcnl\u0259rd\u0259 s\u0259n\u0259d parlament\u0259 t\u0259qdim olunacaq. Layih\u0259 qanunverici orqan\u0131n d\u0259st\u0259yini qazana bilm\u0259s\u0259, kampaniya yenid\u0259n ke\u00e7iril\u0259c\u0259k v\u0259 300 min imza toplamaq m\u00fcmk\u00fcn olsa, \u00fcmumxalq s\u0259sverm\u0259si qanunverici orqan\u0131n q\u0259rar\u0131 olmadan da ba\u015f tuta\u00a0 bil\u0259r.<\/p>\n<p>Bu h\u0259min Xzmalyand\u0131r ki, bug\u00fcnl\u0259rd\u0259 \u00a0 \u00a0 \u201cKr\u0131m\u0131n m\u00fcv\u0259qq\u0259ti ilhaq\u0131 m\u00fcqabilind\u0259 Ukraynan\u0131n NATO v\u0259 A\u0130-y\u0259 \u00fczvl\u00fck\u201d sxemi\u00a0 Qaraba\u011fla ba\u011fl\u0131 da t\u0259tbiq edil\u0259 bil\u0259r\u201d\u00a0 kimi s\u0259rs\u0259m a\u00e7\u0131qlama vermi\u015fdi.\u00a0 Dem\u0259li,\u00a0 A\u0130-y\u0259 \u00fczvl\u00fck arzusunun arxas\u0131nda da\u00a0 erm\u0259ni hiyl\u0259si v\u0259 m\u0259kri day\u0131n\u0131r.<\/p>\n<p><img loading=\"lazy\" src=\"https:\/\/cdn.musavat.com\/news\/thumbnails\/3e1e0732618ec10069601539e6d75fc1.jpg\" alt=\"o4gmkakpzch4e6ej3h8823n44ywdv2ne.jpg (164 KB)\" width=\"700\" height=\"466\" \/><\/p>\n<p>Pa\u015finyan\u0131n g\u00f6rm\u0259k ist\u0259m\u0259diyi ikinci ger\u00e7\u0259k Erm\u0259nistan d\u00f6vl\u0259tinin yanl\u0131\u015f kurs g\u00f6t\u00fcrm\u0259si il\u0259 ba\u011fl\u0131d\u0131r. Rusiyan\u0131n himay\u0259\u00e7iliyinind\u0259n imtina etm\u0259k \u00f6z se\u00e7iml\u0259ridir, y\u00fcz ill\u0259rl\u0259 Qafqazda Rusiyan\u0131n jandarm\u0131 rolunu oynayan, h\u0259r c\u00fcr \u015feytanl\u0131\u011fa t\u0259hrik edil\u0259n Erm\u0259nistan, indi Rusiyan\u0131n\u00a0 t\u0259b\u0259\u0259liyind\u0259n \u00e7\u0131xmaq ist\u0259m\u0259si anla\u015f\u0131land\u0131r. Amma Pa\u015finyan\u0131n Erm\u0259nistan\u0131n bir\u00a0 d\u00f6vl\u0259t kimi g\u0259l\u0259c\u0259kd\u0259 Fransa daxil bir ne\u00e7\u0259 \u00f6lk\u0259nin d\u0259 \u0259lalt\u0131s\u0131na \u00e7evirm\u0259k ist\u0259yi d\u00f6vl\u0259tin s\u00fcqutu il\u0259 n\u0259tic\u0259l\u0259n\u0259 bil\u0259r. Erm\u0259nistan indi d\u0259 onlar\u0131n a\u011f\u0131llar\u0131na uyub Qafqazda yen\u0259 d\u0259 sifari\u015fl\u0259r yerin\u0259 yetirm\u0259k ist\u0259kl\u0259ri, onlar\u0131 bird\u0259f\u0259lik m\u0259hv ed\u0259 bil\u0259r. \u0130r\u0259van Q\u0259rbin h\u0259rbi-siyasi \u201cm\u00fc\u015fahid\u0259\u00e7i\u201dl\u0259rini Erm\u0259nistan s\u0259rh\u0259din\u0259 g\u0259tirir v\u0259 \u00fcst\u0259lik, gizl\u0259tmir ki, Rusiyan\u0131n qoltu\u011fundan \u00e7\u0131xmaq \u00fc\u00e7\u00fcn Q\u0259rbd\u0259n ona t\u0259zyiq edirl\u0259r. Erm\u0259nistan o q\u0259d\u0259r x\u0131rda v\u0259\u00a0 Qafqazda \u00e7ox da strateji m\u00f6vqeyi olmayan \u00f6lk\u0259dir ki, onun \u00fcst\u00fcnd\u0259n x\u0259tt \u00e7\u0259k\u0259 bil\u0259rl\u0259r. Erm\u0259nil\u0259rin siyasi m\u0259nada istifad\u0259si davam ed\u0259 bil\u0259r, amma d\u00f6vl\u0259t kimi m\u0259hvi m\u00fcmk\u00fcnd\u00fcr. Pa\u015finyan d\u00fcz edir- Erm\u0259nistan KTMT-d\u0259n \u00e7\u0131xmal\u0131d\u0131r.G\u00fcmr\u00fcd\u0259ki h\u0259rbi bazan\u0131n m\u00f6vcudluq m\u00fcdd\u0259ti 2044-c\u00fc ild\u0259 ba\u015fa \u00e7atacaq. Rusiya qo\u015funlar\u0131n\u0131 da bundan daha tez G\u00fcmr\u00fcd\u0259n \u00e7\u0131xarmaq olsa, lap yax\u015f\u0131. Amma bu add\u0131mlar\u0131 gedib hans\u0131sa h\u0259rbi bloka \u201cpe\u015fka\u201dl\u0131q etm\u0259k \u00fc\u00e7\u00fcn at\u0131rlarsa, bu b\u00f6y\u00fck qanmazl\u0131qd\u0131r. Erm\u0259nistan\u0131n NATO \u00fczvl\u00fcy\u00fc A\u0130 kimi bir arzudur. Lap tutaq ki, NATO-da \u00fczvl\u00fckl\u0259 ba\u011fl\u0131 q\u0259rarlar konsensus yolu il\u0259 verilmir, y\u0259ni T\u00fcrkiy\u0259 Erm\u0259nistan\u0131n bu arzusunu \u0259ng\u0259ll\u0259m\u0259dir. B\u0259s, sonra? Sonras\u0131 da\u00a0 suallar&#8230;\u00a0 Ona g\u00f6r\u0259 Erm\u0259nistan\u0131n bir \u00a0 yolu qal\u0131r-t\u0259r\u0259fsizliyini, neytrall\u0131\u0131n\u0131 elan etm\u0259lidir. Bu, Erm\u0259nistan\u00a0 d\u00fc\u015fd\u00fcy\u00fc v\u0259ziyy\u0259td\u0259n yegan\u0259 \u00e7\u0131x\u0131\u015f yolu kimi g\u00f6r\u00fcn\u00fcr.<\/p>\n<p>Erm\u0259nistan\u0131n t\u0259kc\u0259 Az\u0259rbaycanla deyil, T\u00fcrkiy\u0259, indi is\u0259 Rusiya il\u0259 ciddi probleml\u0259ri var, \u0130ranla da olacaq, G\u00fcrc\u00fcstanla da.\u00a0 Pa\u015finyan l\u0259ngim\u0259d\u0259n bu iki problemi h\u0259ll etm\u0259k \u00fc\u00e7\u00fcn ciddi add\u0131m ata, yeni konstitusiya il\u0259 Bak\u0131 v\u0259 Ankara il\u0259 probleml\u0259ri aradan qald\u0131ra bil\u0259r. Rusiya v\u0259 \u0130ran\u0131n t\u0259zyiql\u0259rind\u0259n qorunmaq \u00fc\u00e7\u00fcn iki yox, 12 stulda otursan da, g\u00fcnl\u0259rin birind\u0259 ili\u015f\u0259s\u0259n&#8230; Ona\u00a0 g\u00f6r\u0259 beym\u0259lxalq qarantiya olmaq \u015f\u0259rti il\u0259 Erm\u0131nistan neytral \u00f6lk\u0259 statusu almaq yolunda f\u0259aliyy\u0259t\u0259 ba\u015flamal\u0131d\u0131r. B\u00fct\u00fcn bunlar Erm\u0259nistan\u0131n yeni konstitusiyas\u0131nda \u00f6z \u0259ksini tapmaqla \u00f6lk\u0259nin xarici siyas\u0259tinin proqnozla\u015fd\u0131r\u0131la bil\u0259n fundament rolunu oynaya bil\u0259r.He\u00e7 olmasa bundan sonra Erm\u0259nistan d\u00f6vl\u0259ti m\u00fcst\u0259qil ya\u015fama\u0131n dad\u0131n\u0131 b\u0259lk\u0259 \u00e7\u0131xara bil\u0259r.\u00a0 Dig\u0259r yollar Erm\u0259nistan\u0131 gec-tez \u201c\u0259jdahalar\u201d\u0131n q\u0259z\u0259bin\u0259 g\u0259tir\u0259 bil\u0259r, o s\u0131rada Az\u0259rbaycan da var&#8230;<\/p>\n","protected":false},"excerpt":{"rendered":"<p>\u0130r\u0259van KTMT-d\u0259n \u00e7\u0131xmal\u0131, G\u00fcmr\u00fcd\u0259ki h\u0259rbi baza da ba\u011flanmal\u0131d\u0131r, amma bu add\u0131mlar\u0131\u00a0 hans\u0131sa h\u0259rbi bloka \u201cpe\u015fka\u201dl\u0131q etm\u0259k \u00fc\u00e7\u00fcn atarlarsa, bu b\u00f6y\u00fck qanmazl\u0131qd\u0131r&#8230; Erm\u0259nistan\u0131n ba\u015f naziri Nikol Pa\u015finyan iki h\u0259qiq\u0259ti anlamaqda ya \u00e7\u0259tinlik \u00e7\u0259kir, ya da \u00f6z\u00fcn\u00fc qanmazl\u0131\u011fa qoyur. Birincisi, o m\u0259nsub oldu\u011fu xalq\u0131n n\u0259 mal oldu\u011funu yax\u015f\u0131 bils\u0259 d\u0259,\u00a0 \u00f6z\u00fcn\u00fc el\u0259 apar\u0131r ki, guya erm\u0259nil\u0259r Qafqazda kafa etibaril\u0259 \u00e7ox f\u0259rqlidirl\u0259r, y\u00fcks\u0259k m\u0259d\u0259niyy\u0259t v\u0259 \u0259xlaq da\u015f\u0131y\u0131c\u0131lar\u0131d\u0131rlar, demokratik c\u0259miyy\u0259td\u0259 ya\u015famaq ist\u0259yi babalar\u0131n\u0131n\u00a0 genetikalar\u0131ndan g\u0259lir v\u0259 sair\u0259.\u00a0 \u018flb\u0259tt\u0259, h\u0259r \u00f6lk\u0259nin lideri d\u00f6vl\u0259ti\u00a0 \u00fc\u00e7\u00fcn \u00e7al\u0131\u015fmal\u0131d\u0131r, xalq\u0131 haqda da y\u00fcks\u0259k fikird\u0259 olml\u0131d\u0131r. Amma s\u00f6hb\u0259t erm\u0259nid\u0259n gedirs\u0259,&hellip;<\/p>\n","protected":false},"author":2,"featured_media":773396,"comment_status":"closed","ping_status":"closed","sticky":false,"template":"","format":"standard","meta":{"om_disable_all_campaigns":false,"_monsterinsights_skip_tracking":false,"_monsterinsights_sitenote_active":false,"_monsterinsights_sitenote_note":"","_monsterinsights_sitenote_category":0},"categories":[19],"tags":[],"aioseo_notices":[],"gutentor_comment":0,"rttpg_featured_image_url":{"full":["https:\/\/arantv.az\/wp-content\/uploads\/2024\/12\/683d33ed92a103547a995bb7e26aac73.jpg",870,500,false],"landscape":["https:\/\/arantv.az\/wp-content\/uploads\/2024\/12\/683d33ed92a103547a995bb7e26aac73.jpg",870,500,false],"portraits":["https:\/\/arantv.az\/wp-content\/uploads\/2024\/12\/683d33ed92a103547a995bb7e26aac73.jpg",870,500,false],"thumbnail":["https:\/\/arantv.az\/wp-content\/uploads\/2024\/12\/683d33ed92a103547a995bb7e26aac73-500x280.jpg",500,280,true],"medium":["https:\/\/arantv.az\/wp-content\/uploads\/2024\/12\/683d33ed92a103547a995bb7e26aac73-635x365.jpg",635,365,true],"large":["https:\/\/arantv.az\/wp-content\/uploads\/2024\/12\/683d33ed92a103547a995bb7e26aac73-840x483.jpg",640,368,true],"1536x1536":["https:\/\/arantv.az\/wp-content\/uploads\/2024\/12\/683d33ed92a103547a995bb7e26aac73.jpg",870,500,false],"2048x2048":["https:\/\/arantv.az\/wp-content\/uploads\/2024\/12\/683d33ed92a103547a995bb7e26aac73.jpg",870,500,false],"post-thumbnail":["https:\/\/arantv.az\/wp-content\/uploads\/2024\/12\/683d33ed92a103547a995bb7e26aac73-240x172.jpg",240,172,true],"advps-thumb-one":["https:\/\/arantv.az\/wp-content\/uploads\/2024\/12\/683d33ed92a103547a995bb7e26aac73.jpg",870,500,false]},"rttpg_author":{"display_name":"V\u00fcsal Rafiqo\u011flu","author_link":"https:\/\/arantv.az\/?author=2"},"rttpg_comment":0,"rttpg_category":"<a href=\"https:\/\/arantv.az\/?cat=19\" rel=\"category\">G\u00fcnd\u0259m<\/a>","rttpg_excerpt":"\u0130r\u0259van KTMT-d\u0259n \u00e7\u0131xmal\u0131, G\u00fcmr\u00fcd\u0259ki h\u0259rbi baza da ba\u011flanmal\u0131d\u0131r, amma bu add\u0131mlar\u0131\u00a0 hans\u0131sa h\u0259rbi bloka \u201cpe\u015fka\u201dl\u0131q etm\u0259k \u00fc\u00e7\u00fcn atarlarsa, bu b\u00f6y\u00fck qanmazl\u0131qd\u0131r&#8230; Erm\u0259nistan\u0131n ba\u015f naziri Nikol Pa\u015finyan iki h\u0259qiq\u0259ti anlamaqda ya \u00e7\u0259tinlik \u00e7\u0259kir, ya da \u00f6z\u00fcn\u00fc qanmazl\u0131\u011fa qoyur. Birincisi, o m\u0259nsub oldu\u011fu xalq\u0131n n\u0259 mal oldu\u011funu yax\u015f\u0131 bils\u0259 d\u0259,\u00a0 \u00f6z\u00fcn\u00fc el\u0259 apar\u0131r ki, guya erm\u0259nil\u0259r Qafqazda&hellip;","_links":{"self":[{"href":"https:\/\/arantv.az\/index.php?rest_route=\/wp\/v2\/posts\/773395"}],"collection":[{"href":"https:\/\/arantv.az\/index.php?rest_route=\/wp\/v2\/posts"}],"about":[{"href":"https:\/\/arantv.az\/index.php?rest_route=\/wp\/v2\/types\/post"}],"author":[{"embeddable":true,"href":"https:\/\/arantv.az\/index.php?rest_route=\/wp\/v2\/users\/2"}],"replies":[{"embeddable":true,"href":"https:\/\/arantv.az\/index.php?rest_route=%2Fwp%2Fv2%2Fcomments&post=773395"}],"version-history":[{"count":1,"href":"https:\/\/arantv.az\/index.php?rest_route=\/wp\/v2\/posts\/773395\/revisions"}],"predecessor-version":[{"id":773397,"href":"https:\/\/arantv.az\/index.php?rest_route=\/wp\/v2\/posts\/773395\/revisions\/773397"}],"wp:featuredmedia":[{"embeddable":true,"href":"https:\/\/arantv.az\/index.php?rest_route=\/wp\/v2\/media\/773396"}],"wp:attachment":[{"href":"https:\/\/arantv.az\/index.php?rest_route=%2Fwp%2Fv2%2Fmedia&parent=773395"}],"wp:term":[{"taxonomy":"category","embeddable":true,"href":"https:\/\/arantv.az\/index.php?rest_route=%2Fwp%2Fv2%2Fcategories&post=773395"},{"taxonomy":"post_tag","embeddable":true,"href":"https:\/\/arantv.az\/index.php?rest_route=%2Fwp%2Fv2%2Ftags&post=773395"}],"curies":[{"name":"wp","href":"https:\/\/api.w.org\/{rel}","templated":true}]}}