{"id":77340,"date":"2019-09-06T15:32:43","date_gmt":"2019-09-06T12:32:43","guid":{"rendered":"http:\/\/arantv.az\/?p=77340"},"modified":"2019-09-06T15:32:43","modified_gmt":"2019-09-06T12:32:43","slug":"rafael-agayev-tokioda-finalda-r%c9%99qib-yen%c9%99-yapondur","status":"publish","type":"post","link":"https:\/\/arantv.az\/?p=77340","title":{"rendered":"Rafael A\u011fayev Tokioda finalda: R\u0259qib yen\u0259 yapondur"},"content":{"rendered":"<p>Rafael A\u011fayev (-75 kq) Yaponiyan\u0131n paytaxt\u0131 Tokioda Karate1 Premyer Liqa turnirnin final\u0131na y\u00fcks\u0259lib.<\/p>\n<p><b>ARANTV.AZ\u00a0\u00a0<\/b>x\u0259b\u0259r verir ki, bir-birinin ard\u0131nca Fransa, \u00d6zb\u0259kistan v\u0259 M\u0259rake\u015fd\u0259n olan r\u0259qibl\u0259rini m\u0259\u011flub ed\u0259n R.A\u011fayev yar\u0131mfinalda ukraynal\u0131 idman\u00e7\u0131dan \u00fcst\u00fcn olub.<\/p>\n<p>Bazar g\u00fcn\u00fc h\u0259lledici g\u00f6r\u00fc\u015fd\u0259 r\u0259qib h\u0259min \u00e7\u0259ki d\u0259r\u0259c\u0259sinin favoritl\u0259rind\u0259n say\u0131lan Ken Nishimura (Yaponiya) olacaq.<\/p>\n<div id=\"AdviadNativeVideo0\" class=\"AdviadNativeVideo\"><\/div>\n<p>Yar\u0131\u015f\u0131n ilk g\u00fcn\u00fc daha \u00fc\u00e7 idman\u00e7\u0131m\u0131z m\u00fcbariz\u0259y\u0259 qat\u0131l\u0131b. Firdovsi F\u0259rz\u0259liyev (-60 kq), Rafiz H\u0259s\u0259nov v\u0259 H\u00fcmm\u0259t Bax\u015f\u0259liyev (-67 kq) ikinci g\u00f6r\u00fc\u015fd\u0259 m\u0259\u011flub olaraq \u00e7\u0131x\u0131\u015flar\u0131n\u0131 ba\u015fa vurub.<\/p>\n<p>Qeyd ed\u0259k ki, D\u00fcnya Karate Federasiyas\u0131n\u0131n (WKF) Karate1 seriyas\u0131ndan n\u00fcfuzlu turnirinin 5-ci m\u0259rh\u0259l\u0259si Olimpiadada karate yar\u0131\u015flar\u0131n\u0131n ke\u00e7iril\u0259c\u0259yi N\u0130ppon Budokan idman zal\u0131nda t\u0259\u015fkil olunub.oxu.az<\/p>\n","protected":false},"excerpt":{"rendered":"<p>Rafael A\u011fayev (-75 kq) Yaponiyan\u0131n paytaxt\u0131 Tokioda Karate1 Premyer Liqa turnirnin final\u0131na y\u00fcks\u0259lib. ARANTV.AZ\u00a0\u00a0x\u0259b\u0259r verir ki, bir-birinin ard\u0131nca Fransa, \u00d6zb\u0259kistan v\u0259 M\u0259rake\u015fd\u0259n olan r\u0259qibl\u0259rini m\u0259\u011flub ed\u0259n R.A\u011fayev yar\u0131mfinalda ukraynal\u0131 idman\u00e7\u0131dan \u00fcst\u00fcn olub. Bazar g\u00fcn\u00fc h\u0259lledici g\u00f6r\u00fc\u015fd\u0259 r\u0259qib h\u0259min \u00e7\u0259ki d\u0259r\u0259c\u0259sinin favoritl\u0259rind\u0259n say\u0131lan Ken Nishimura (Yaponiya) olacaq. Yar\u0131\u015f\u0131n ilk g\u00fcn\u00fc daha \u00fc\u00e7 idman\u00e7\u0131m\u0131z m\u00fcbariz\u0259y\u0259 qat\u0131l\u0131b. Firdovsi F\u0259rz\u0259liyev (-60 kq), Rafiz H\u0259s\u0259nov v\u0259 H\u00fcmm\u0259t Bax\u015f\u0259liyev (-67 kq) ikinci g\u00f6r\u00fc\u015fd\u0259 m\u0259\u011flub olaraq \u00e7\u0131x\u0131\u015flar\u0131n\u0131 ba\u015fa vurub. Qeyd ed\u0259k ki, D\u00fcnya Karate Federasiyas\u0131n\u0131n (WKF) Karate1 seriyas\u0131ndan n\u00fcfuzlu turnirinin 5-ci m\u0259rh\u0259l\u0259si Olimpiadada karate yar\u0131\u015flar\u0131n\u0131n ke\u00e7iril\u0259c\u0259yi N\u0130ppon&hellip;<\/p>\n","protected":false},"author":2,"featured_media":77341,"comment_status":"closed","ping_status":"closed","sticky":false,"template":"","format":"standard","meta":{"om_disable_all_campaigns":false,"_monsterinsights_skip_tracking":false,"_monsterinsights_sitenote_active":false,"_monsterinsights_sitenote_note":"","_monsterinsights_sitenote_category":0},"categories":[6],"tags":[],"aioseo_notices":[],"gutentor_comment":0,"rttpg_featured_image_url":{"full":["https:\/\/arantv.az\/wp-content\/uploads\/2019\/09\/08570f8d-8c07-4993-9755-7b492644a0fe.jpg",620,393,false],"landscape":["https:\/\/arantv.az\/wp-content\/uploads\/2019\/09\/08570f8d-8c07-4993-9755-7b492644a0fe.jpg",620,393,false],"portraits":["https:\/\/arantv.az\/wp-content\/uploads\/2019\/09\/08570f8d-8c07-4993-9755-7b492644a0fe.jpg",620,393,false],"thumbnail":["https:\/\/arantv.az\/wp-content\/uploads\/2019\/09\/08570f8d-8c07-4993-9755-7b492644a0fe-150x150.jpg",150,150,true],"medium":["https:\/\/arantv.az\/wp-content\/uploads\/2019\/09\/08570f8d-8c07-4993-9755-7b492644a0fe-300x190.jpg",300,190,true],"large":["https:\/\/arantv.az\/wp-content\/uploads\/2019\/09\/08570f8d-8c07-4993-9755-7b492644a0fe.jpg",620,393,false],"1536x1536":["https:\/\/arantv.az\/wp-content\/uploads\/2019\/09\/08570f8d-8c07-4993-9755-7b492644a0fe.jpg",620,393,false],"2048x2048":["https:\/\/arantv.az\/wp-content\/uploads\/2019\/09\/08570f8d-8c07-4993-9755-7b492644a0fe.jpg",620,393,false],"post-thumbnail":["https:\/\/arantv.az\/wp-content\/uploads\/2019\/09\/08570f8d-8c07-4993-9755-7b492644a0fe-240x172.jpg",240,172,true],"advps-thumb-one":["https:\/\/arantv.az\/wp-content\/uploads\/2019\/09\/08570f8d-8c07-4993-9755-7b492644a0fe.jpg",620,393,false]},"rttpg_author":{"display_name":"V\u00fcsal Rafiqo\u011flu","author_link":"https:\/\/arantv.az\/?author=2"},"rttpg_comment":0,"rttpg_category":"<a href=\"https:\/\/arantv.az\/?cat=6\" rel=\"category\">\u0130dman<\/a>","rttpg_excerpt":"Rafael A\u011fayev (-75 kq) Yaponiyan\u0131n paytaxt\u0131 Tokioda Karate1 Premyer Liqa turnirnin final\u0131na y\u00fcks\u0259lib. ARANTV.AZ\u00a0\u00a0x\u0259b\u0259r verir ki, bir-birinin ard\u0131nca Fransa, \u00d6zb\u0259kistan v\u0259 M\u0259rake\u015fd\u0259n olan r\u0259qibl\u0259rini m\u0259\u011flub ed\u0259n R.A\u011fayev yar\u0131mfinalda ukraynal\u0131 idman\u00e7\u0131dan \u00fcst\u00fcn olub. Bazar g\u00fcn\u00fc h\u0259lledici g\u00f6r\u00fc\u015fd\u0259 r\u0259qib h\u0259min \u00e7\u0259ki d\u0259r\u0259c\u0259sinin favoritl\u0259rind\u0259n say\u0131lan Ken Nishimura (Yaponiya) olacaq. Yar\u0131\u015f\u0131n ilk g\u00fcn\u00fc daha \u00fc\u00e7 idman\u00e7\u0131m\u0131z m\u00fcbariz\u0259y\u0259 qat\u0131l\u0131b. Firdovsi&hellip;","_links":{"self":[{"href":"https:\/\/arantv.az\/index.php?rest_route=\/wp\/v2\/posts\/77340"}],"collection":[{"href":"https:\/\/arantv.az\/index.php?rest_route=\/wp\/v2\/posts"}],"about":[{"href":"https:\/\/arantv.az\/index.php?rest_route=\/wp\/v2\/types\/post"}],"author":[{"embeddable":true,"href":"https:\/\/arantv.az\/index.php?rest_route=\/wp\/v2\/users\/2"}],"replies":[{"embeddable":true,"href":"https:\/\/arantv.az\/index.php?rest_route=%2Fwp%2Fv2%2Fcomments&post=77340"}],"version-history":[{"count":0,"href":"https:\/\/arantv.az\/index.php?rest_route=\/wp\/v2\/posts\/77340\/revisions"}],"wp:featuredmedia":[{"embeddable":true,"href":"https:\/\/arantv.az\/index.php?rest_route=\/wp\/v2\/media\/77341"}],"wp:attachment":[{"href":"https:\/\/arantv.az\/index.php?rest_route=%2Fwp%2Fv2%2Fmedia&parent=77340"}],"wp:term":[{"taxonomy":"category","embeddable":true,"href":"https:\/\/arantv.az\/index.php?rest_route=%2Fwp%2Fv2%2Fcategories&post=77340"},{"taxonomy":"post_tag","embeddable":true,"href":"https:\/\/arantv.az\/index.php?rest_route=%2Fwp%2Fv2%2Ftags&post=77340"}],"curies":[{"name":"wp","href":"https:\/\/api.w.org\/{rel}","templated":true}]}}