{"id":773401,"date":"2024-12-07T18:00:34","date_gmt":"2024-12-07T14:00:34","guid":{"rendered":"https:\/\/arantv.az\/?p=773401"},"modified":"2024-12-07T18:00:34","modified_gmt":"2024-12-07T14:00:34","slug":"m%c9%99n%c9%99-az%c9%99rbaycanin-sibel-cani-deyirdil%c9%99r-foto","status":"publish","type":"post","link":"https:\/\/arantv.az\/?p=773401","title":{"rendered":"&#8220;M\u0259n\u0259 Az\u0259rbaycan\u0131n Sibel Can\u0131 deyirdil\u0259r&#8221; &#8211; FOTO"},"content":{"rendered":"<p><strong>M\u00fc\u011f\u0259nni F\u0259day\u0259 La\u00e7\u0131n payla\u015f\u0131m\u0131 il\u0259 diqq\u0259t \u00e7\u0259kib.\u00a0<\/strong><\/p>\n<p>S\u0259n\u0259t\u00e7i \u00f6z\u00fcn\u00fc Az\u0259rbaycan\u0131n Sibel Can\u0131 adland\u0131r\u0131b.<\/p>\n<p>&#8220;Bir vaxtlar &#8211; s\u0259\u0259t\u0259 yeni g\u0259l\u0259nd\u0259 m\u0259n\u0259 Az\u0259rbaycan\u0131n Sibel Can\u0131 deyirdil\u0259r. Sonra oxudum, oxudum v\u0259 oldum Az\u0259rbaycan\u0131n F\u0259day\u0259 La\u00e7\u0131n\u0131&#8221; dey\u0259, F\u0259day\u0259 bildirib.\u00a0 (Ax\u015fam.az)<\/p>\n<p><img src=\"https:\/\/axsam.az\/img\/pics\/large\/2024-12\/286565_e04opu755l.jpg\" alt=\"\" \/><\/p>\n","protected":false},"excerpt":{"rendered":"<p>M\u00fc\u011f\u0259nni F\u0259day\u0259 La\u00e7\u0131n payla\u015f\u0131m\u0131 il\u0259 diqq\u0259t \u00e7\u0259kib.\u00a0 S\u0259n\u0259t\u00e7i \u00f6z\u00fcn\u00fc Az\u0259rbaycan\u0131n Sibel Can\u0131 adland\u0131r\u0131b. &#8220;Bir vaxtlar &#8211; s\u0259\u0259t\u0259 yeni g\u0259l\u0259nd\u0259 m\u0259n\u0259 Az\u0259rbaycan\u0131n Sibel Can\u0131 deyirdil\u0259r. Sonra oxudum, oxudum v\u0259 oldum Az\u0259rbaycan\u0131n F\u0259day\u0259 La\u00e7\u0131n\u0131&#8221; dey\u0259, F\u0259day\u0259 bildirib.\u00a0 (Ax\u015fam.az)<\/p>\n","protected":false},"author":2,"featured_media":773402,"comment_status":"closed","ping_status":"closed","sticky":false,"template":"","format":"standard","meta":{"om_disable_all_campaigns":false,"_monsterinsights_skip_tracking":false,"_monsterinsights_sitenote_active":false,"_monsterinsights_sitenote_note":"","_monsterinsights_sitenote_category":0},"categories":[20],"tags":[],"aioseo_notices":[],"gutentor_comment":0,"rttpg_featured_image_url":{"full":["https:\/\/arantv.az\/wp-content\/uploads\/2024\/12\/b6308130b28c9bf946fa3cc9b0959536.jpg",735,462,false],"landscape":["https:\/\/arantv.az\/wp-content\/uploads\/2024\/12\/b6308130b28c9bf946fa3cc9b0959536.jpg",735,462,false],"portraits":["https:\/\/arantv.az\/wp-content\/uploads\/2024\/12\/b6308130b28c9bf946fa3cc9b0959536.jpg",735,462,false],"thumbnail":["https:\/\/arantv.az\/wp-content\/uploads\/2024\/12\/b6308130b28c9bf946fa3cc9b0959536-500x280.jpg",500,280,true],"medium":["https:\/\/arantv.az\/wp-content\/uploads\/2024\/12\/b6308130b28c9bf946fa3cc9b0959536-581x365.jpg",581,365,true],"large":["https:\/\/arantv.az\/wp-content\/uploads\/2024\/12\/b6308130b28c9bf946fa3cc9b0959536.jpg",640,402,false],"1536x1536":["https:\/\/arantv.az\/wp-content\/uploads\/2024\/12\/b6308130b28c9bf946fa3cc9b0959536.jpg",735,462,false],"2048x2048":["https:\/\/arantv.az\/wp-content\/uploads\/2024\/12\/b6308130b28c9bf946fa3cc9b0959536.jpg",735,462,false],"post-thumbnail":["https:\/\/arantv.az\/wp-content\/uploads\/2024\/12\/b6308130b28c9bf946fa3cc9b0959536-240x172.jpg",240,172,true],"advps-thumb-one":["https:\/\/arantv.az\/wp-content\/uploads\/2024\/12\/b6308130b28c9bf946fa3cc9b0959536.jpg",735,462,false]},"rttpg_author":{"display_name":"V\u00fcsal Rafiqo\u011flu","author_link":"https:\/\/arantv.az\/?author=2"},"rttpg_comment":0,"rttpg_category":"<a href=\"https:\/\/arantv.az\/?cat=20\" rel=\"category\">\u015eou biznes<\/a>","rttpg_excerpt":"M\u00fc\u011f\u0259nni F\u0259day\u0259 La\u00e7\u0131n payla\u015f\u0131m\u0131 il\u0259 diqq\u0259t \u00e7\u0259kib.\u00a0 S\u0259n\u0259t\u00e7i \u00f6z\u00fcn\u00fc Az\u0259rbaycan\u0131n Sibel Can\u0131 adland\u0131r\u0131b. &#8220;Bir vaxtlar &#8211; s\u0259\u0259t\u0259 yeni g\u0259l\u0259nd\u0259 m\u0259n\u0259 Az\u0259rbaycan\u0131n Sibel Can\u0131 deyirdil\u0259r. Sonra oxudum, oxudum v\u0259 oldum Az\u0259rbaycan\u0131n F\u0259day\u0259 La\u00e7\u0131n\u0131&#8221; dey\u0259, F\u0259day\u0259 bildirib.\u00a0 (Ax\u015fam.az)","_links":{"self":[{"href":"https:\/\/arantv.az\/index.php?rest_route=\/wp\/v2\/posts\/773401"}],"collection":[{"href":"https:\/\/arantv.az\/index.php?rest_route=\/wp\/v2\/posts"}],"about":[{"href":"https:\/\/arantv.az\/index.php?rest_route=\/wp\/v2\/types\/post"}],"author":[{"embeddable":true,"href":"https:\/\/arantv.az\/index.php?rest_route=\/wp\/v2\/users\/2"}],"replies":[{"embeddable":true,"href":"https:\/\/arantv.az\/index.php?rest_route=%2Fwp%2Fv2%2Fcomments&post=773401"}],"version-history":[{"count":1,"href":"https:\/\/arantv.az\/index.php?rest_route=\/wp\/v2\/posts\/773401\/revisions"}],"predecessor-version":[{"id":773403,"href":"https:\/\/arantv.az\/index.php?rest_route=\/wp\/v2\/posts\/773401\/revisions\/773403"}],"wp:featuredmedia":[{"embeddable":true,"href":"https:\/\/arantv.az\/index.php?rest_route=\/wp\/v2\/media\/773402"}],"wp:attachment":[{"href":"https:\/\/arantv.az\/index.php?rest_route=%2Fwp%2Fv2%2Fmedia&parent=773401"}],"wp:term":[{"taxonomy":"category","embeddable":true,"href":"https:\/\/arantv.az\/index.php?rest_route=%2Fwp%2Fv2%2Fcategories&post=773401"},{"taxonomy":"post_tag","embeddable":true,"href":"https:\/\/arantv.az\/index.php?rest_route=%2Fwp%2Fv2%2Ftags&post=773401"}],"curies":[{"name":"wp","href":"https:\/\/api.w.org\/{rel}","templated":true}]}}