{"id":77343,"date":"2019-09-06T15:34:04","date_gmt":"2019-09-06T12:34:04","guid":{"rendered":"http:\/\/arantv.az\/?p=77343"},"modified":"2019-09-06T15:34:04","modified_gmt":"2019-09-06T12:34:04","slug":"az%c9%99rbaycan-v%c9%99-erm%c9%99nistan-xin-bascilari-novb%c9%99ti-d%c9%99f%c9%99-gorus%c9%99c%c9%99k","status":"publish","type":"post","link":"https:\/\/arantv.az\/?p=77343","title":{"rendered":"Az\u0259rbaycan v\u0259 Erm\u0259nistan X\u0130N ba\u015f\u00e7\u0131lar\u0131 n\u00f6vb\u0259ti d\u0259f\u0259 g\u00f6r\u00fc\u015f\u0259c\u0259k"},"content":{"rendered":"<p>Az\u0259rbaycan v\u0259 Erm\u0259nistan\u0131n Xarici \u0130\u015fl\u0259r nazirl\u0259ri Elmar M\u0259mm\u0259dyarov v\u0259 Z\u00f6hrab Mnatsakanyan\u0131n yeni g\u00f6r\u00fc\u015f\u00fc planla\u015fd\u0131r\u0131l\u0131r.<\/p>\n<p>&#8220;Sputnik Armenia&#8221;n\u0131n\u00a0m\u0259lumat\u0131na g\u00f6r\u0259, bu bar\u0259d\u0259 Z.Mnatsakanyan Yerevanda ke\u00e7iril\u0259n m\u0259tbuat konfrans\u0131nda bildirib.<\/p>\n<div id=\"AdviadNativeVideo0\" class=\"AdviadNativeVideo\"><\/div>\n<p>O, g\u00f6r\u00fc\u015f\u00fcn yax\u0131n zamanlarda planla\u015fd\u0131r\u0131ld\u0131\u011f\u0131n\u0131 qeyd edib.<\/p>\n<p>Z.Mnatsakanyan Qaraba\u011f m\u00fcnaqi\u015f\u0259sinin nizamlanmas\u0131n\u0131n haz\u0131rk\u0131\u00a0format\u0131n\u0131 \u0259n optimal variant adland\u0131r\u0131b.<\/p>\n<p>Xat\u0131rladaq ki, bundan \u00f6nc\u0259 X\u0130N ba\u015f\u00e7\u0131lar\u0131 iyunun 20-d\u0259 Va\u015finqtonda g\u00f6r\u00fc\u015f ke\u00e7iribl\u0259r.<\/p>\n","protected":false},"excerpt":{"rendered":"<p>Az\u0259rbaycan v\u0259 Erm\u0259nistan\u0131n Xarici \u0130\u015fl\u0259r nazirl\u0259ri Elmar M\u0259mm\u0259dyarov v\u0259 Z\u00f6hrab Mnatsakanyan\u0131n yeni g\u00f6r\u00fc\u015f\u00fc planla\u015fd\u0131r\u0131l\u0131r. &#8220;Sputnik Armenia&#8221;n\u0131n\u00a0m\u0259lumat\u0131na g\u00f6r\u0259, bu bar\u0259d\u0259 Z.Mnatsakanyan Yerevanda ke\u00e7iril\u0259n m\u0259tbuat konfrans\u0131nda bildirib. O, g\u00f6r\u00fc\u015f\u00fcn yax\u0131n zamanlarda planla\u015fd\u0131r\u0131ld\u0131\u011f\u0131n\u0131 qeyd edib. Z.Mnatsakanyan Qaraba\u011f m\u00fcnaqi\u015f\u0259sinin nizamlanmas\u0131n\u0131n haz\u0131rk\u0131\u00a0format\u0131n\u0131 \u0259n optimal variant adland\u0131r\u0131b. Xat\u0131rladaq ki, bundan \u00f6nc\u0259 X\u0130N ba\u015f\u00e7\u0131lar\u0131 iyunun 20-d\u0259 Va\u015finqtonda g\u00f6r\u00fc\u015f ke\u00e7iribl\u0259r.<\/p>\n","protected":false},"author":2,"featured_media":77344,"comment_status":"closed","ping_status":"closed","sticky":false,"template":"","format":"standard","meta":{"om_disable_all_campaigns":false,"_monsterinsights_skip_tracking":false,"_monsterinsights_sitenote_active":false,"_monsterinsights_sitenote_note":"","_monsterinsights_sitenote_category":0},"categories":[4],"tags":[],"aioseo_notices":[],"gutentor_comment":0,"rttpg_featured_image_url":{"full":["https:\/\/arantv.az\/wp-content\/uploads\/2019\/09\/FotoJet-1-1.jpg",620,391,false],"landscape":["https:\/\/arantv.az\/wp-content\/uploads\/2019\/09\/FotoJet-1-1.jpg",620,391,false],"portraits":["https:\/\/arantv.az\/wp-content\/uploads\/2019\/09\/FotoJet-1-1.jpg",620,391,false],"thumbnail":["https:\/\/arantv.az\/wp-content\/uploads\/2019\/09\/FotoJet-1-1-150x150.jpg",150,150,true],"medium":["https:\/\/arantv.az\/wp-content\/uploads\/2019\/09\/FotoJet-1-1-300x189.jpg",300,189,true],"large":["https:\/\/arantv.az\/wp-content\/uploads\/2019\/09\/FotoJet-1-1.jpg",620,391,false],"1536x1536":["https:\/\/arantv.az\/wp-content\/uploads\/2019\/09\/FotoJet-1-1.jpg",620,391,false],"2048x2048":["https:\/\/arantv.az\/wp-content\/uploads\/2019\/09\/FotoJet-1-1.jpg",620,391,false],"post-thumbnail":["https:\/\/arantv.az\/wp-content\/uploads\/2019\/09\/FotoJet-1-1-240x172.jpg",240,172,true],"advps-thumb-one":["https:\/\/arantv.az\/wp-content\/uploads\/2019\/09\/FotoJet-1-1.jpg",620,391,false]},"rttpg_author":{"display_name":"V\u00fcsal Rafiqo\u011flu","author_link":"https:\/\/arantv.az\/?author=2"},"rttpg_comment":0,"rttpg_category":"<a href=\"https:\/\/arantv.az\/?cat=4\" rel=\"category\">Siyas\u0259t<\/a>","rttpg_excerpt":"Az\u0259rbaycan v\u0259 Erm\u0259nistan\u0131n Xarici \u0130\u015fl\u0259r nazirl\u0259ri Elmar M\u0259mm\u0259dyarov v\u0259 Z\u00f6hrab Mnatsakanyan\u0131n yeni g\u00f6r\u00fc\u015f\u00fc planla\u015fd\u0131r\u0131l\u0131r. &#8220;Sputnik Armenia&#8221;n\u0131n\u00a0m\u0259lumat\u0131na g\u00f6r\u0259, bu bar\u0259d\u0259 Z.Mnatsakanyan Yerevanda ke\u00e7iril\u0259n m\u0259tbuat konfrans\u0131nda bildirib. O, g\u00f6r\u00fc\u015f\u00fcn yax\u0131n zamanlarda planla\u015fd\u0131r\u0131ld\u0131\u011f\u0131n\u0131 qeyd edib. Z.Mnatsakanyan Qaraba\u011f m\u00fcnaqi\u015f\u0259sinin nizamlanmas\u0131n\u0131n haz\u0131rk\u0131\u00a0format\u0131n\u0131 \u0259n optimal variant adland\u0131r\u0131b. Xat\u0131rladaq ki, bundan \u00f6nc\u0259 X\u0130N ba\u015f\u00e7\u0131lar\u0131 iyunun 20-d\u0259 Va\u015finqtonda g\u00f6r\u00fc\u015f ke\u00e7iribl\u0259r.","_links":{"self":[{"href":"https:\/\/arantv.az\/index.php?rest_route=\/wp\/v2\/posts\/77343"}],"collection":[{"href":"https:\/\/arantv.az\/index.php?rest_route=\/wp\/v2\/posts"}],"about":[{"href":"https:\/\/arantv.az\/index.php?rest_route=\/wp\/v2\/types\/post"}],"author":[{"embeddable":true,"href":"https:\/\/arantv.az\/index.php?rest_route=\/wp\/v2\/users\/2"}],"replies":[{"embeddable":true,"href":"https:\/\/arantv.az\/index.php?rest_route=%2Fwp%2Fv2%2Fcomments&post=77343"}],"version-history":[{"count":0,"href":"https:\/\/arantv.az\/index.php?rest_route=\/wp\/v2\/posts\/77343\/revisions"}],"wp:featuredmedia":[{"embeddable":true,"href":"https:\/\/arantv.az\/index.php?rest_route=\/wp\/v2\/media\/77344"}],"wp:attachment":[{"href":"https:\/\/arantv.az\/index.php?rest_route=%2Fwp%2Fv2%2Fmedia&parent=77343"}],"wp:term":[{"taxonomy":"category","embeddable":true,"href":"https:\/\/arantv.az\/index.php?rest_route=%2Fwp%2Fv2%2Fcategories&post=77343"},{"taxonomy":"post_tag","embeddable":true,"href":"https:\/\/arantv.az\/index.php?rest_route=%2Fwp%2Fv2%2Ftags&post=77343"}],"curies":[{"name":"wp","href":"https:\/\/api.w.org\/{rel}","templated":true}]}}