{"id":77346,"date":"2019-09-06T15:34:55","date_gmt":"2019-09-06T12:34:55","guid":{"rendered":"http:\/\/arantv.az\/?p=77346"},"modified":"2019-09-06T15:34:55","modified_gmt":"2019-09-06T12:34:55","slug":"vilay%c9%99t-eyvazovdan-yol-polisind%c9%99-yeni-r%c9%99is-t%c9%99yinati","status":"publish","type":"post","link":"https:\/\/arantv.az\/?p=77346","title":{"rendered":"Vilay\u0259t Eyvazovdan yol polisind\u0259 yeni r\u0259is t\u0259yinat\u0131"},"content":{"rendered":"<p>Daxili i\u015fl\u0259r orqanlar\u0131nda n\u00f6vb\u0259ti kadr d\u0259yi\u015fikliyi olub.<\/p>\n<p><strong>ARANTV.AZ<\/strong>-\u0131n m\u0259lumat\u0131na g\u00f6r\u0259, bu bar\u0259d\u0259 Daxili \u0130\u015fl\u0259r naziri, general-polkovnik Vilay\u0259t Eyvazov \u0259mr imzalay\u0131b.<\/p>\n<div id=\"AdviadNativeVideo0\" class=\"AdviadNativeVideo\"><\/div>\n<p>\u018fmr\u0259 \u0259sas\u0259n, polis mayoru Xalid \u018fzimov Ba\u015f D\u00f6vl\u0259t Yol Polisi \u0130dar\u0259sinin Avtotexniki m\u00fcf\u0259tti\u015flik \u015f\u00f6b\u0259sinin r\u0259isi t\u0259yin edilib.<\/p>\n<p>\u0130dar\u0259nin \u015f\u00f6b\u0259 r\u0259isi, polis polkovnik-leytenant\u0131 R\u00fcf\u0259t Quliyev sayt\u0131m\u0131za t\u0259yinat\u0131 t\u0259sdiql\u0259yib.oxu.az<\/p>\n","protected":false},"excerpt":{"rendered":"<p>Daxili i\u015fl\u0259r orqanlar\u0131nda n\u00f6vb\u0259ti kadr d\u0259yi\u015fikliyi olub. ARANTV.AZ-\u0131n m\u0259lumat\u0131na g\u00f6r\u0259, bu bar\u0259d\u0259 Daxili \u0130\u015fl\u0259r naziri, general-polkovnik Vilay\u0259t Eyvazov \u0259mr imzalay\u0131b. \u018fmr\u0259 \u0259sas\u0259n, polis mayoru Xalid \u018fzimov Ba\u015f D\u00f6vl\u0259t Yol Polisi \u0130dar\u0259sinin Avtotexniki m\u00fcf\u0259tti\u015flik \u015f\u00f6b\u0259sinin r\u0259isi t\u0259yin edilib. \u0130dar\u0259nin \u015f\u00f6b\u0259 r\u0259isi, polis polkovnik-leytenant\u0131 R\u00fcf\u0259t Quliyev sayt\u0131m\u0131za t\u0259yinat\u0131 t\u0259sdiql\u0259yib.oxu.az<\/p>\n","protected":false},"author":2,"featured_media":77347,"comment_status":"closed","ping_status":"closed","sticky":false,"template":"","format":"standard","meta":{"om_disable_all_campaigns":false,"_monsterinsights_skip_tracking":false,"_monsterinsights_sitenote_active":false,"_monsterinsights_sitenote_note":"","_monsterinsights_sitenote_category":0},"categories":[1],"tags":[],"aioseo_notices":[],"gutentor_comment":0,"rttpg_featured_image_url":{"full":["https:\/\/arantv.az\/wp-content\/uploads\/2019\/09\/vidi.jpg",620,465,false],"landscape":["https:\/\/arantv.az\/wp-content\/uploads\/2019\/09\/vidi.jpg",620,465,false],"portraits":["https:\/\/arantv.az\/wp-content\/uploads\/2019\/09\/vidi.jpg",620,465,false],"thumbnail":["https:\/\/arantv.az\/wp-content\/uploads\/2019\/09\/vidi-150x150.jpg",150,150,true],"medium":["https:\/\/arantv.az\/wp-content\/uploads\/2019\/09\/vidi-300x225.jpg",300,225,true],"large":["https:\/\/arantv.az\/wp-content\/uploads\/2019\/09\/vidi.jpg",620,465,false],"1536x1536":["https:\/\/arantv.az\/wp-content\/uploads\/2019\/09\/vidi.jpg",620,465,false],"2048x2048":["https:\/\/arantv.az\/wp-content\/uploads\/2019\/09\/vidi.jpg",620,465,false],"post-thumbnail":["https:\/\/arantv.az\/wp-content\/uploads\/2019\/09\/vidi-240x172.jpg",240,172,true],"advps-thumb-one":["https:\/\/arantv.az\/wp-content\/uploads\/2019\/09\/vidi.jpg",620,465,false]},"rttpg_author":{"display_name":"V\u00fcsal Rafiqo\u011flu","author_link":"https:\/\/arantv.az\/?author=2"},"rttpg_comment":0,"rttpg_category":"<a href=\"https:\/\/arantv.az\/?cat=1\" rel=\"category\">C\u0259miyy\u0259t<\/a>","rttpg_excerpt":"Daxili i\u015fl\u0259r orqanlar\u0131nda n\u00f6vb\u0259ti kadr d\u0259yi\u015fikliyi olub. ARANTV.AZ-\u0131n m\u0259lumat\u0131na g\u00f6r\u0259, bu bar\u0259d\u0259 Daxili \u0130\u015fl\u0259r naziri, general-polkovnik Vilay\u0259t Eyvazov \u0259mr imzalay\u0131b. \u018fmr\u0259 \u0259sas\u0259n, polis mayoru Xalid \u018fzimov Ba\u015f D\u00f6vl\u0259t Yol Polisi \u0130dar\u0259sinin Avtotexniki m\u00fcf\u0259tti\u015flik \u015f\u00f6b\u0259sinin r\u0259isi t\u0259yin edilib. \u0130dar\u0259nin \u015f\u00f6b\u0259 r\u0259isi, polis polkovnik-leytenant\u0131 R\u00fcf\u0259t Quliyev sayt\u0131m\u0131za t\u0259yinat\u0131 t\u0259sdiql\u0259yib.oxu.az","_links":{"self":[{"href":"https:\/\/arantv.az\/index.php?rest_route=\/wp\/v2\/posts\/77346"}],"collection":[{"href":"https:\/\/arantv.az\/index.php?rest_route=\/wp\/v2\/posts"}],"about":[{"href":"https:\/\/arantv.az\/index.php?rest_route=\/wp\/v2\/types\/post"}],"author":[{"embeddable":true,"href":"https:\/\/arantv.az\/index.php?rest_route=\/wp\/v2\/users\/2"}],"replies":[{"embeddable":true,"href":"https:\/\/arantv.az\/index.php?rest_route=%2Fwp%2Fv2%2Fcomments&post=77346"}],"version-history":[{"count":0,"href":"https:\/\/arantv.az\/index.php?rest_route=\/wp\/v2\/posts\/77346\/revisions"}],"wp:featuredmedia":[{"embeddable":true,"href":"https:\/\/arantv.az\/index.php?rest_route=\/wp\/v2\/media\/77347"}],"wp:attachment":[{"href":"https:\/\/arantv.az\/index.php?rest_route=%2Fwp%2Fv2%2Fmedia&parent=77346"}],"wp:term":[{"taxonomy":"category","embeddable":true,"href":"https:\/\/arantv.az\/index.php?rest_route=%2Fwp%2Fv2%2Fcategories&post=77346"},{"taxonomy":"post_tag","embeddable":true,"href":"https:\/\/arantv.az\/index.php?rest_route=%2Fwp%2Fv2%2Ftags&post=77346"}],"curies":[{"name":"wp","href":"https:\/\/api.w.org\/{rel}","templated":true}]}}