{"id":77352,"date":"2019-09-06T15:39:44","date_gmt":"2019-09-06T12:39:44","guid":{"rendered":"http:\/\/arantv.az\/?p=77352"},"modified":"2019-09-06T15:39:44","modified_gmt":"2019-09-06T12:39:44","slug":"baki-sumqayit-yolunda-yanlis-manevrl%c9%99r-etdi-yuk-masinina-cirpildi-video","status":"publish","type":"post","link":"https:\/\/arantv.az\/?p=77352","title":{"rendered":"Bak\u0131-Sumqay\u0131t yolunda yanl\u0131\u015f manevrl\u0259r etdi, y\u00fck ma\u015f\u0131n\u0131na \u00e7\u0131rp\u0131ld\u0131 &#8211; V\u0130DEO"},"content":{"rendered":"<article class=\"news\">\n<div class=\"news-inner\">\n<p>Bak\u0131-Sumqay\u0131t avtomobil magistral\u0131nda q\u0259za ba\u015f verib.<\/p>\n<p><strong>ARANTV.AZ<\/strong>-\u0131n m\u0259lumat\u0131na g\u00f6r\u0259, sosial \u015f\u0259b\u0259k\u0259l\u0259rd\u0259 yay\u0131lan videodan g\u00f6r\u00fcn\u00fcr ki, minik avtomobilinin s\u00fcr\u00fcc\u00fcs\u00fc yolda manevretm\u0259 qaydalar\u0131n\u0131 pozur.<\/p>\n<div id=\"AdviadNativeVideo0\" class=\"AdviadNativeVideo\"><\/div>\n<p>Bunun n\u0259tic\u0259si kimi arxadan\u00a0eyni h\u0259r\u0259k\u0259t istiqam\u0259tind\u0259 olan y\u00fck ma\u015f\u0131n\u0131na \u00e7\u0131rp\u0131l\u0131r.<\/p>\n<p>Videonu t\u0259qdim edirik:<\/p>\n<div><iframe loading=\"lazy\" src=\"https:\/\/player.baku.tv\/embed\/9983?fbclid=IwAR39gimjIy_nC-RYZ1EpAx1KOkFztG9WJDH8inke1Mq7GPaME0mygBAxqO0\" width=\"560\" height=\"315\" frameborder=\"0\" allowfullscreen=\"allowfullscreen\" data-mce-fragment=\"1\"><\/iframe><\/div>\n<\/div>\n<\/article>\n<h2 class=\"news-share-title\">oxu.az<\/h2>\n","protected":false},"excerpt":{"rendered":"<p>Bak\u0131-Sumqay\u0131t avtomobil magistral\u0131nda q\u0259za ba\u015f verib. ARANTV.AZ-\u0131n m\u0259lumat\u0131na g\u00f6r\u0259, sosial \u015f\u0259b\u0259k\u0259l\u0259rd\u0259 yay\u0131lan videodan g\u00f6r\u00fcn\u00fcr ki, minik avtomobilinin s\u00fcr\u00fcc\u00fcs\u00fc yolda manevretm\u0259 qaydalar\u0131n\u0131 pozur. Bunun n\u0259tic\u0259si kimi arxadan\u00a0eyni h\u0259r\u0259k\u0259t istiqam\u0259tind\u0259 olan y\u00fck ma\u015f\u0131n\u0131na \u00e7\u0131rp\u0131l\u0131r. Videonu t\u0259qdim edirik: oxu.az<\/p>\n","protected":false},"author":2,"featured_media":77353,"comment_status":"closed","ping_status":"closed","sticky":false,"template":"","format":"standard","meta":{"om_disable_all_campaigns":false,"_monsterinsights_skip_tracking":false,"_monsterinsights_sitenote_active":false,"_monsterinsights_sitenote_note":"","_monsterinsights_sitenote_category":0},"categories":[1],"tags":[],"aioseo_notices":[],"gutentor_comment":0,"rttpg_featured_image_url":{"full":["https:\/\/arantv.az\/wp-content\/uploads\/2019\/09\/69683815_672793069882585_2369071838413193216_n.jpg",620,349,false],"landscape":["https:\/\/arantv.az\/wp-content\/uploads\/2019\/09\/69683815_672793069882585_2369071838413193216_n.jpg",620,349,false],"portraits":["https:\/\/arantv.az\/wp-content\/uploads\/2019\/09\/69683815_672793069882585_2369071838413193216_n.jpg",620,349,false],"thumbnail":["https:\/\/arantv.az\/wp-content\/uploads\/2019\/09\/69683815_672793069882585_2369071838413193216_n-150x150.jpg",150,150,true],"medium":["https:\/\/arantv.az\/wp-content\/uploads\/2019\/09\/69683815_672793069882585_2369071838413193216_n-300x169.jpg",300,169,true],"large":["https:\/\/arantv.az\/wp-content\/uploads\/2019\/09\/69683815_672793069882585_2369071838413193216_n.jpg",620,349,false],"1536x1536":["https:\/\/arantv.az\/wp-content\/uploads\/2019\/09\/69683815_672793069882585_2369071838413193216_n.jpg",620,349,false],"2048x2048":["https:\/\/arantv.az\/wp-content\/uploads\/2019\/09\/69683815_672793069882585_2369071838413193216_n.jpg",620,349,false],"post-thumbnail":["https:\/\/arantv.az\/wp-content\/uploads\/2019\/09\/69683815_672793069882585_2369071838413193216_n-240x172.jpg",240,172,true],"advps-thumb-one":["https:\/\/arantv.az\/wp-content\/uploads\/2019\/09\/69683815_672793069882585_2369071838413193216_n.jpg",620,349,false]},"rttpg_author":{"display_name":"V\u00fcsal Rafiqo\u011flu","author_link":"https:\/\/arantv.az\/?author=2"},"rttpg_comment":0,"rttpg_category":"<a href=\"https:\/\/arantv.az\/?cat=1\" rel=\"category\">C\u0259miyy\u0259t<\/a>","rttpg_excerpt":"Bak\u0131-Sumqay\u0131t avtomobil magistral\u0131nda q\u0259za ba\u015f verib. ARANTV.AZ-\u0131n m\u0259lumat\u0131na g\u00f6r\u0259, sosial \u015f\u0259b\u0259k\u0259l\u0259rd\u0259 yay\u0131lan videodan g\u00f6r\u00fcn\u00fcr ki, minik avtomobilinin s\u00fcr\u00fcc\u00fcs\u00fc yolda manevretm\u0259 qaydalar\u0131n\u0131 pozur. Bunun n\u0259tic\u0259si kimi arxadan\u00a0eyni h\u0259r\u0259k\u0259t istiqam\u0259tind\u0259 olan y\u00fck ma\u015f\u0131n\u0131na \u00e7\u0131rp\u0131l\u0131r. Videonu t\u0259qdim edirik: oxu.az","_links":{"self":[{"href":"https:\/\/arantv.az\/index.php?rest_route=\/wp\/v2\/posts\/77352"}],"collection":[{"href":"https:\/\/arantv.az\/index.php?rest_route=\/wp\/v2\/posts"}],"about":[{"href":"https:\/\/arantv.az\/index.php?rest_route=\/wp\/v2\/types\/post"}],"author":[{"embeddable":true,"href":"https:\/\/arantv.az\/index.php?rest_route=\/wp\/v2\/users\/2"}],"replies":[{"embeddable":true,"href":"https:\/\/arantv.az\/index.php?rest_route=%2Fwp%2Fv2%2Fcomments&post=77352"}],"version-history":[{"count":0,"href":"https:\/\/arantv.az\/index.php?rest_route=\/wp\/v2\/posts\/77352\/revisions"}],"wp:featuredmedia":[{"embeddable":true,"href":"https:\/\/arantv.az\/index.php?rest_route=\/wp\/v2\/media\/77353"}],"wp:attachment":[{"href":"https:\/\/arantv.az\/index.php?rest_route=%2Fwp%2Fv2%2Fmedia&parent=77352"}],"wp:term":[{"taxonomy":"category","embeddable":true,"href":"https:\/\/arantv.az\/index.php?rest_route=%2Fwp%2Fv2%2Fcategories&post=77352"},{"taxonomy":"post_tag","embeddable":true,"href":"https:\/\/arantv.az\/index.php?rest_route=%2Fwp%2Fv2%2Ftags&post=77352"}],"curies":[{"name":"wp","href":"https:\/\/api.w.org\/{rel}","templated":true}]}}