{"id":77355,"date":"2019-09-06T15:42:25","date_gmt":"2019-09-06T12:42:25","guid":{"rendered":"http:\/\/arantv.az\/?p=77355"},"modified":"2019-09-06T15:42:25","modified_gmt":"2019-09-06T12:42:25","slug":"dilq%c9%99m-%c9%99sg%c9%99rov-v%c9%99-sahbaz-quliyevin-azad-edilm%c9%99si-il%c9%99-bagli-kommunikasiyanin-ilin-sonunad%c9%99k-yekunlasmasi-gozl%c9%99nilir","status":"publish","type":"post","link":"https:\/\/arantv.az\/?p=77355","title":{"rendered":"Dilq\u0259m \u018fsg\u0259rov v\u0259 \u015eahbaz Quliyevin azad edilm\u0259si il\u0259 ba\u011fl\u0131 kommunikasiyan\u0131n ilin sonunad\u0259k yekunla\u015fmas\u0131 g\u00f6zl\u0259nilir"},"content":{"rendered":"<p>Haz\u0131rda Dilq\u0259m \u018fsg\u0259rov v\u0259 \u015eahbaz Quliyevin azad edilm\u0259si il\u0259 ba\u011fl\u0131 Avropa \u0130nsan H\u00fcquqlar\u0131 M\u0259hk\u0259m\u0259sind\u0259 (A\u0130HM) kommunikasiya davam edir. Kommunikasiyan\u0131n bu ilin sonunad\u0259k yekunla\u015fmas\u0131 g\u00f6zl\u0259nilir.<\/p>\n<p><strong>ARANTV.AZ<\/strong> bildirir ki, bunu\u00a0\u00f6z\u0259l olaraq\u00a0<a href=\"http:\/\/az.trend.az\/\" target=\"_blank\" rel=\"noopener\">Trend<\/a>-\u0259\u00a0Az\u0259rbaycan V\u0259kill\u0259r Kollegiyas\u0131n\u0131n s\u0259dri Anar Ba\u011f\u0131rov deyib.<\/p>\n<p>A.Ba\u011f\u0131rov bildirib ki, d\u00f6vl\u0259t ba\u015f\u00e7\u0131s\u0131n\u0131n tap\u015f\u0131r\u0131\u011f\u0131na uy\u011fun olaraq, bu istiqam\u0259td\u0259 b\u00fct\u00fcn z\u0259ruri t\u0259dbirl\u0259r g\u00f6r\u00fclm\u0259kd\u0259dir.<\/p>\n<p>Kollegiya s\u0259drinin s\u00f6zl\u0259rin\u0259 g\u00f6r\u0259, bu ilin sonunad\u0259k kommunikasiyan\u0131n yekunla\u015fd\u0131r\u0131laca\u011f\u0131 g\u00f6zl\u0259nilir v\u0259 q\u0131sa vaxt \u0259rzind\u0259 i\u015f\u0259 bax\u0131lacaq:<\/p>\n<p>&#8220;Dilq\u0259m \u018fsg\u0259rov v\u0259 \u015eahbaz Quliyevin azad edilm\u0259si il\u0259 ba\u011fl\u0131 \u015fikay\u0259t \u0259riz\u0259si haz\u0131rlan\u0131b v\u0259 15.05.2015-ci il tarixd\u0259 Avropa \u0130nsan H\u00fcquqlar\u0131 M\u0259hk\u0259m\u0259sin\u0259 g\u00f6nd\u0259rilib. 10.06.2015-ci il tarixd\u0259 Avropa M\u0259hk\u0259m\u0259si t\u0259r\u0259find\u0259n \u0259riz\u0259nin icraata q\u0259bul olunmas\u0131 haqq\u0131nda m\u0259ktub al\u0131n\u0131b v\u0259 yaz\u0131\u015fmalara ba\u015flan\u0131l\u0131b&#8221;.<\/p>\n<p>Qeyd ed\u0259k ki, 2014-c\u00fc ilin iyul ay\u0131nda Rusiya v\u0259t\u0259nda\u015f\u0131 Dilq\u0259m \u018fsg\u0259rov v\u0259 Az\u0259rbaycan v\u0259t\u0259nda\u015f\u0131 \u015eahbaz Quliyev K\u0259lb\u0259c\u0259rd\u0259 \u00f6z ata-baba yurdlar\u0131n\u0131 ziyar\u0259t etm\u0259k ist\u0259y\u0259rk\u0259n Erm\u0259nistan \u0259sg\u0259rl\u0259ri t\u0259r\u0259find\u0259n girov g\u00f6t\u00fcr\u00fcl\u00fcbl\u0259r, Az\u0259rbaycan v\u0259t\u0259nda\u015f\u0131 H\u0259s\u0259n H\u0259s\u0259nov is\u0259 g\u00fcll\u0259l\u0259n\u0259r\u0259k \u00f6ld\u00fcr\u00fcl\u00fcb. H.H\u0259s\u0259novun meyiti d\u00fc\u015fm\u0259nd\u0259n al\u0131naraq Bak\u0131da d\u0259fn edilib. \u0130\u015f\u011fal alt\u0131ndak\u0131 Da\u011fl\u0131q Qaraba\u011fda D.\u018fsg\u0259rov v\u0259 \u015e.Quliyev \u00fcz\u0259rind\u0259 qanunsuz &#8220;m\u0259hk\u0259m\u0259&#8221; qurulub. &#8220;M\u0259hk\u0259m\u0259&#8221;nin q\u0259rar\u0131 il\u0259 D.\u018fsg\u0259rov \u00f6m\u00fcrl\u00fck, \u015e.Quliyev 22 il m\u00fcdd\u0259tin\u0259 azadl\u0131qdan m\u0259hrum edilib.<\/p>\n","protected":false},"excerpt":{"rendered":"<p>Haz\u0131rda Dilq\u0259m \u018fsg\u0259rov v\u0259 \u015eahbaz Quliyevin azad edilm\u0259si il\u0259 ba\u011fl\u0131 Avropa \u0130nsan H\u00fcquqlar\u0131 M\u0259hk\u0259m\u0259sind\u0259 (A\u0130HM) kommunikasiya davam edir. Kommunikasiyan\u0131n bu ilin sonunad\u0259k yekunla\u015fmas\u0131 g\u00f6zl\u0259nilir. ARANTV.AZ bildirir ki, bunu\u00a0\u00f6z\u0259l olaraq\u00a0Trend-\u0259\u00a0Az\u0259rbaycan V\u0259kill\u0259r Kollegiyas\u0131n\u0131n s\u0259dri Anar Ba\u011f\u0131rov deyib. A.Ba\u011f\u0131rov bildirib ki, d\u00f6vl\u0259t ba\u015f\u00e7\u0131s\u0131n\u0131n tap\u015f\u0131r\u0131\u011f\u0131na uy\u011fun olaraq, bu istiqam\u0259td\u0259 b\u00fct\u00fcn z\u0259ruri t\u0259dbirl\u0259r g\u00f6r\u00fclm\u0259kd\u0259dir. Kollegiya s\u0259drinin s\u00f6zl\u0259rin\u0259 g\u00f6r\u0259, bu ilin sonunad\u0259k kommunikasiyan\u0131n yekunla\u015fd\u0131r\u0131laca\u011f\u0131 g\u00f6zl\u0259nilir v\u0259 q\u0131sa vaxt \u0259rzind\u0259 i\u015f\u0259 bax\u0131lacaq: &#8220;Dilq\u0259m \u018fsg\u0259rov v\u0259 \u015eahbaz Quliyevin azad edilm\u0259si il\u0259 ba\u011fl\u0131 \u015fikay\u0259t \u0259riz\u0259si haz\u0131rlan\u0131b v\u0259 15.05.2015-ci il tarixd\u0259 Avropa \u0130nsan H\u00fcquqlar\u0131 M\u0259hk\u0259m\u0259sin\u0259 g\u00f6nd\u0259rilib. 10.06.2015-ci il tarixd\u0259 Avropa&hellip;<\/p>\n","protected":false},"author":2,"featured_media":77356,"comment_status":"closed","ping_status":"closed","sticky":false,"template":"","format":"standard","meta":{"om_disable_all_campaigns":false,"_monsterinsights_skip_tracking":false,"_monsterinsights_sitenote_active":false,"_monsterinsights_sitenote_note":"","_monsterinsights_sitenote_category":0},"categories":[4],"tags":[],"aioseo_notices":[],"gutentor_comment":0,"rttpg_featured_image_url":{"full":["https:\/\/arantv.az\/wp-content\/uploads\/2019\/09\/783890.jpg",800,600,false],"landscape":["https:\/\/arantv.az\/wp-content\/uploads\/2019\/09\/783890.jpg",800,600,false],"portraits":["https:\/\/arantv.az\/wp-content\/uploads\/2019\/09\/783890.jpg",800,600,false],"thumbnail":["https:\/\/arantv.az\/wp-content\/uploads\/2019\/09\/783890-150x150.jpg",150,150,true],"medium":["https:\/\/arantv.az\/wp-content\/uploads\/2019\/09\/783890-300x225.jpg",300,225,true],"large":["https:\/\/arantv.az\/wp-content\/uploads\/2019\/09\/783890.jpg",640,480,false],"1536x1536":["https:\/\/arantv.az\/wp-content\/uploads\/2019\/09\/783890.jpg",800,600,false],"2048x2048":["https:\/\/arantv.az\/wp-content\/uploads\/2019\/09\/783890.jpg",800,600,false],"post-thumbnail":["https:\/\/arantv.az\/wp-content\/uploads\/2019\/09\/783890-240x172.jpg",240,172,true],"advps-thumb-one":["https:\/\/arantv.az\/wp-content\/uploads\/2019\/09\/783890.jpg",800,600,false]},"rttpg_author":{"display_name":"V\u00fcsal Rafiqo\u011flu","author_link":"https:\/\/arantv.az\/?author=2"},"rttpg_comment":0,"rttpg_category":"<a href=\"https:\/\/arantv.az\/?cat=4\" rel=\"category\">Siyas\u0259t<\/a>","rttpg_excerpt":"Haz\u0131rda Dilq\u0259m \u018fsg\u0259rov v\u0259 \u015eahbaz Quliyevin azad edilm\u0259si il\u0259 ba\u011fl\u0131 Avropa \u0130nsan H\u00fcquqlar\u0131 M\u0259hk\u0259m\u0259sind\u0259 (A\u0130HM) kommunikasiya davam edir. Kommunikasiyan\u0131n bu ilin sonunad\u0259k yekunla\u015fmas\u0131 g\u00f6zl\u0259nilir. ARANTV.AZ bildirir ki, bunu\u00a0\u00f6z\u0259l olaraq\u00a0Trend-\u0259\u00a0Az\u0259rbaycan V\u0259kill\u0259r Kollegiyas\u0131n\u0131n s\u0259dri Anar Ba\u011f\u0131rov deyib. A.Ba\u011f\u0131rov bildirib ki, d\u00f6vl\u0259t ba\u015f\u00e7\u0131s\u0131n\u0131n tap\u015f\u0131r\u0131\u011f\u0131na uy\u011fun olaraq, bu istiqam\u0259td\u0259 b\u00fct\u00fcn z\u0259ruri t\u0259dbirl\u0259r g\u00f6r\u00fclm\u0259kd\u0259dir. Kollegiya s\u0259drinin s\u00f6zl\u0259rin\u0259 g\u00f6r\u0259, bu ilin&hellip;","_links":{"self":[{"href":"https:\/\/arantv.az\/index.php?rest_route=\/wp\/v2\/posts\/77355"}],"collection":[{"href":"https:\/\/arantv.az\/index.php?rest_route=\/wp\/v2\/posts"}],"about":[{"href":"https:\/\/arantv.az\/index.php?rest_route=\/wp\/v2\/types\/post"}],"author":[{"embeddable":true,"href":"https:\/\/arantv.az\/index.php?rest_route=\/wp\/v2\/users\/2"}],"replies":[{"embeddable":true,"href":"https:\/\/arantv.az\/index.php?rest_route=%2Fwp%2Fv2%2Fcomments&post=77355"}],"version-history":[{"count":0,"href":"https:\/\/arantv.az\/index.php?rest_route=\/wp\/v2\/posts\/77355\/revisions"}],"wp:featuredmedia":[{"embeddable":true,"href":"https:\/\/arantv.az\/index.php?rest_route=\/wp\/v2\/media\/77356"}],"wp:attachment":[{"href":"https:\/\/arantv.az\/index.php?rest_route=%2Fwp%2Fv2%2Fmedia&parent=77355"}],"wp:term":[{"taxonomy":"category","embeddable":true,"href":"https:\/\/arantv.az\/index.php?rest_route=%2Fwp%2Fv2%2Fcategories&post=77355"},{"taxonomy":"post_tag","embeddable":true,"href":"https:\/\/arantv.az\/index.php?rest_route=%2Fwp%2Fv2%2Ftags&post=77355"}],"curies":[{"name":"wp","href":"https:\/\/api.w.org\/{rel}","templated":true}]}}