{"id":77373,"date":"2019-09-06T16:12:10","date_gmt":"2019-09-06T13:12:10","guid":{"rendered":"http:\/\/arantv.az\/?p=77373"},"modified":"2019-09-06T16:12:10","modified_gmt":"2019-09-06T13:12:10","slug":"ev%c9%99-ogurluga-gir%c9%99n-maskali-s%c9%99xs-mulk-sahibini-bicaqladi","status":"publish","type":"post","link":"https:\/\/arantv.az\/?p=77373","title":{"rendered":"Ev\u0259 o\u011furlu\u011fa gir\u0259n maskal\u0131 \u015f\u0259xs m\u00fclk sahibini b\u0131\u00e7aqlad\u0131"},"content":{"rendered":"<p><strong>\u015e\u0259mkir rayonunda ev\u0259 o\u011furlu\u011fa girmi\u015f \u015f\u0259xs m\u0259nzil sahibini b\u0131\u00e7aqlay\u0131b.<\/strong><\/p>\n<p><b>ARANTV.AZ\u00a0<\/b> x\u0259b\u0259r verir ki, \u015e\u0259mkir Rayon Polis \u015e\u00f6b\u0259sin\u0259 m\u00fcraci\u0259t ed\u0259n Xuluf k\u0259nd sakini E.Ataki\u015fiyev sentyabr\u0131n 4-d\u0259 ax\u015fam saatlar\u0131nda evin\u0259 girmi\u015f maskal\u0131 \u015f\u0259xsin onunla rastla\u015fd\u0131qda qol nahiy\u0259sin\u0259 b\u0131\u00e7aqla x\u0259sar\u0259t yetirib hadis\u0259 yerini t\u0259rk etm\u0259sini bildirib.<\/p>\n<p>M\u00fcraci\u0259tl\u0259 \u0259laq\u0259dar d\u0259rhal m\u00fcvafiq ara\u015fd\u0131rmalar apar\u0131l\u0131b. Ke\u00e7irilmi\u015f \u0259m\u0259liyyat-axtar\u0131\u015f t\u0259dbiri n\u0259tic\u0259sind\u0259 bu cinay\u0259t \u0259m\u0259lini t\u00f6r\u0259tm\u0259kd\u0259 \u015f\u00fcbh\u0259li bilin\u0259n k\u0259nd sakini R.V\u0259liyev q\u0131sa m\u00fcdd\u0259td\u0259 m\u00fc\u0259yy\u0259n edil\u0259r\u0259k polis \u0259m\u0259kda\u015flar\u0131 t\u0259r\u0259find\u0259n saxlan\u0131l\u0131b.<\/p>\n<p>Faktla \u0259laq\u0259dar cinay\u0259t i\u015fi ba\u015flan\u0131b.Publika.az<\/p>\n","protected":false},"excerpt":{"rendered":"<p>\u015e\u0259mkir rayonunda ev\u0259 o\u011furlu\u011fa girmi\u015f \u015f\u0259xs m\u0259nzil sahibini b\u0131\u00e7aqlay\u0131b. ARANTV.AZ\u00a0 x\u0259b\u0259r verir ki, \u015e\u0259mkir Rayon Polis \u015e\u00f6b\u0259sin\u0259 m\u00fcraci\u0259t ed\u0259n Xuluf k\u0259nd sakini E.Ataki\u015fiyev sentyabr\u0131n 4-d\u0259 ax\u015fam saatlar\u0131nda evin\u0259 girmi\u015f maskal\u0131 \u015f\u0259xsin onunla rastla\u015fd\u0131qda qol nahiy\u0259sin\u0259 b\u0131\u00e7aqla x\u0259sar\u0259t yetirib hadis\u0259 yerini t\u0259rk etm\u0259sini bildirib. M\u00fcraci\u0259tl\u0259 \u0259laq\u0259dar d\u0259rhal m\u00fcvafiq ara\u015fd\u0131rmalar apar\u0131l\u0131b. Ke\u00e7irilmi\u015f \u0259m\u0259liyyat-axtar\u0131\u015f t\u0259dbiri n\u0259tic\u0259sind\u0259 bu cinay\u0259t \u0259m\u0259lini t\u00f6r\u0259tm\u0259kd\u0259 \u015f\u00fcbh\u0259li bilin\u0259n k\u0259nd sakini R.V\u0259liyev q\u0131sa m\u00fcdd\u0259td\u0259 m\u00fc\u0259yy\u0259n edil\u0259r\u0259k polis \u0259m\u0259kda\u015flar\u0131 t\u0259r\u0259find\u0259n saxlan\u0131l\u0131b. Faktla \u0259laq\u0259dar cinay\u0259t i\u015fi ba\u015flan\u0131b.Publika.az<\/p>\n","protected":false},"author":2,"featured_media":77374,"comment_status":"closed","ping_status":"closed","sticky":false,"template":"","format":"standard","meta":{"om_disable_all_campaigns":false,"_monsterinsights_skip_tracking":false,"_monsterinsights_sitenote_active":false,"_monsterinsights_sitenote_note":"","_monsterinsights_sitenote_category":0},"categories":[3],"tags":[],"aioseo_notices":[],"gutentor_comment":0,"rttpg_featured_image_url":{"full":["https:\/\/arantv.az\/wp-content\/uploads\/2019\/09\/bicaq_021365.jpg",800,450,false],"landscape":["https:\/\/arantv.az\/wp-content\/uploads\/2019\/09\/bicaq_021365.jpg",800,450,false],"portraits":["https:\/\/arantv.az\/wp-content\/uploads\/2019\/09\/bicaq_021365.jpg",800,450,false],"thumbnail":["https:\/\/arantv.az\/wp-content\/uploads\/2019\/09\/bicaq_021365-150x150.jpg",150,150,true],"medium":["https:\/\/arantv.az\/wp-content\/uploads\/2019\/09\/bicaq_021365-300x169.jpg",300,169,true],"large":["https:\/\/arantv.az\/wp-content\/uploads\/2019\/09\/bicaq_021365.jpg",640,360,false],"1536x1536":["https:\/\/arantv.az\/wp-content\/uploads\/2019\/09\/bicaq_021365.jpg",800,450,false],"2048x2048":["https:\/\/arantv.az\/wp-content\/uploads\/2019\/09\/bicaq_021365.jpg",800,450,false],"post-thumbnail":["https:\/\/arantv.az\/wp-content\/uploads\/2019\/09\/bicaq_021365-240x172.jpg",240,172,true],"advps-thumb-one":["https:\/\/arantv.az\/wp-content\/uploads\/2019\/09\/bicaq_021365.jpg",800,450,false]},"rttpg_author":{"display_name":"V\u00fcsal Rafiqo\u011flu","author_link":"https:\/\/arantv.az\/?author=2"},"rttpg_comment":0,"rttpg_category":"<a href=\"https:\/\/arantv.az\/?cat=3\" rel=\"category\">Kriminal<\/a>","rttpg_excerpt":"\u015e\u0259mkir rayonunda ev\u0259 o\u011furlu\u011fa girmi\u015f \u015f\u0259xs m\u0259nzil sahibini b\u0131\u00e7aqlay\u0131b. ARANTV.AZ\u00a0 x\u0259b\u0259r verir ki, \u015e\u0259mkir Rayon Polis \u015e\u00f6b\u0259sin\u0259 m\u00fcraci\u0259t ed\u0259n Xuluf k\u0259nd sakini E.Ataki\u015fiyev sentyabr\u0131n 4-d\u0259 ax\u015fam saatlar\u0131nda evin\u0259 girmi\u015f maskal\u0131 \u015f\u0259xsin onunla rastla\u015fd\u0131qda qol nahiy\u0259sin\u0259 b\u0131\u00e7aqla x\u0259sar\u0259t yetirib hadis\u0259 yerini t\u0259rk etm\u0259sini bildirib. M\u00fcraci\u0259tl\u0259 \u0259laq\u0259dar d\u0259rhal m\u00fcvafiq ara\u015fd\u0131rmalar apar\u0131l\u0131b. Ke\u00e7irilmi\u015f \u0259m\u0259liyyat-axtar\u0131\u015f t\u0259dbiri n\u0259tic\u0259sind\u0259 bu cinay\u0259t&hellip;","_links":{"self":[{"href":"https:\/\/arantv.az\/index.php?rest_route=\/wp\/v2\/posts\/77373"}],"collection":[{"href":"https:\/\/arantv.az\/index.php?rest_route=\/wp\/v2\/posts"}],"about":[{"href":"https:\/\/arantv.az\/index.php?rest_route=\/wp\/v2\/types\/post"}],"author":[{"embeddable":true,"href":"https:\/\/arantv.az\/index.php?rest_route=\/wp\/v2\/users\/2"}],"replies":[{"embeddable":true,"href":"https:\/\/arantv.az\/index.php?rest_route=%2Fwp%2Fv2%2Fcomments&post=77373"}],"version-history":[{"count":0,"href":"https:\/\/arantv.az\/index.php?rest_route=\/wp\/v2\/posts\/77373\/revisions"}],"wp:featuredmedia":[{"embeddable":true,"href":"https:\/\/arantv.az\/index.php?rest_route=\/wp\/v2\/media\/77374"}],"wp:attachment":[{"href":"https:\/\/arantv.az\/index.php?rest_route=%2Fwp%2Fv2%2Fmedia&parent=77373"}],"wp:term":[{"taxonomy":"category","embeddable":true,"href":"https:\/\/arantv.az\/index.php?rest_route=%2Fwp%2Fv2%2Fcategories&post=77373"},{"taxonomy":"post_tag","embeddable":true,"href":"https:\/\/arantv.az\/index.php?rest_route=%2Fwp%2Fv2%2Ftags&post=77373"}],"curies":[{"name":"wp","href":"https:\/\/api.w.org\/{rel}","templated":true}]}}