{"id":77376,"date":"2019-09-06T16:17:39","date_gmt":"2019-09-06T13:17:39","guid":{"rendered":"http:\/\/arantv.az\/?p=77376"},"modified":"2019-09-06T16:17:39","modified_gmt":"2019-09-06T13:17:39","slug":"az%c9%99rbaycan-avropa-ucun-tranzit-hava-axinlarinin-%c9%99laq%c9%99l%c9%99ndirici-qovsagina-cevrilib","status":"publish","type":"post","link":"https:\/\/arantv.az\/?p=77376","title":{"rendered":"Az\u0259rbaycan Avropa \u00fc\u00e7\u00fcn tranzit hava ax\u0131nlar\u0131n\u0131n \u0259laq\u0259l\u0259ndirici qov\u015fa\u011f\u0131na \u00e7evrilib"},"content":{"rendered":"<p>Br\u00fcsseld\u0259 Hava Naviqasiyas\u0131n\u0131n T\u0259hl\u00fck\u0259sizliyi \u00fczr\u0259 Avropa T\u0259\u015fkilat\u0131 (&#8220;Eurocontrol&#8221;) v\u0259 M\u00fclki Aviasiya Aeronaviqasiya Xidm\u0259tl\u0259rinin T\u0259chizat\u00e7\u0131lar\u0131 T\u0259\u015fkilat\u0131n\u0131n (CANSO) \u00fczvl\u0259ri aras\u0131nda g\u00f6r\u00fc\u015f ke\u00e7irilib. T\u0259dbird\u0259 Az\u0259rbaycan\u0131 &#8220;Az\u0259raeronaviqasiya&#8221;\u00a0Hava H\u0259r\u0259k\u0259ti \u0130dar\u0259sinin (AZANS) direktoru F\u0259rhan Quliyev t\u0259msil edib.<\/p>\n<p>\u0130\u015fg\u00fczar s\u0259f\u0259r \u00e7\u0259r\u00e7iv\u0259sind\u0259 F\u0259rhan Quliyev h\u0259m\u00e7inin &#8220;Eurocontrol&#8221;un ba\u015f direktoru \u0130mon Brennan (Eamonn Brennan) il\u0259 g\u00f6r\u00fc\u015f\u00fcb. G\u00f6r\u00fc\u015f zaman\u0131 hava h\u0259r\u0259k\u0259tinin t\u0259\u015fkili v\u0259 Az\u0259rbaycan \u0259razisind\u0259n ke\u00e7\u0259n tranzit hava ax\u0131nlar\u0131n\u0131n planla\u015fd\u0131r\u0131lmas\u0131 sah\u0259sind\u0259 \u0259sas m\u0259s\u0259l\u0259l\u0259r, h\u0259m\u00e7inin \u00f6lk\u0259mizin &#8220;Eurocontrol&#8221;un strateji t\u0259r\u0259fda\u015f\u0131 kimi rolu m\u00fczakir\u0259 olunub.<\/p>\n<p>H\u0259m\u00e7inin, regionda g\u00f6zl\u0259nilm\u0259z hallar ba\u015f verdiyi t\u0259qdird\u0259 hava h\u0259r\u0259k\u0259tinin v\u0259 z\u0259ruri t\u0259dbirl\u0259rin planla\u015fd\u0131r\u0131lmas\u0131 m\u0259s\u0259l\u0259l\u0259ri m\u00fczakir\u0259 olunub.<\/p>\n<div id=\"AdviadNativeVideo0\" class=\"AdviadNativeVideo\"><\/div>\n<p>\u0130mon Brennan Az\u0259rbaycan\u0131n m\u00fclki aviasiya sah\u0259sind\u0259 \u0259ld\u0259 edilmi\u015f nailiyy\u0259tl\u0259rini y\u00fcks\u0259k qiym\u0259tl\u0259ndirib\u00a0v\u0259 qeyd edib ki, strateji co\u011frafi m\u00f6vqeyi v\u0259 qabaqc\u0131l hava naviqasiyas\u0131 sistemi Az\u0259rbaycan\u0131 \u0259m\u0259kda\u015fl\u0131q \u00fc\u00e7\u00fcn c\u0259lbedici edir v\u0259 Avropa il\u0259 Asiya aras\u0131nda tranzit reysl\u0259rin say\u0131n\u0131n artmas\u0131n\u0131 t\u0259min edir. H\u0259m\u00e7inin o qeyd edib\u00a0ki, Az\u0259rbaycan Avropa il\u0259 Asiya aras\u0131ndak\u0131 hava ax\u0131nlar\u0131n\u0131n \u0259sas d\u0259hlizidir.<\/p>\n<p>Dan\u0131\u015f\u0131qlar n\u0259tic\u0259sind\u0259 Heyd\u0259r \u018fliyev Beyn\u0259lxalq Aeroportunda yerl\u0259\u015f\u0259n &#8220;ASEC&#8221;\u00a0m\u0259rk\u0259zinin hava h\u0259r\u0259k\u0259tind\u0259 g\u00f6zl\u0259nilm\u0259z hallar ba\u015f verdiyi t\u0259qdird\u0259 u\u00e7u\u015flar\u0131n planla\u015fd\u0131r\u0131lmas\u0131 v\u0259 proqnozla\u015fd\u0131r\u0131lmas\u0131nda qar\u015f\u0131l\u0131ql\u0131 \u0259m\u0259kda\u015fl\u0131q \u00fc\u00e7\u00fcn istifad\u0259sin\u0259 dair sazi\u015f imzalan\u0131b. S\u0259n\u0259d AZANS-\u0131n direktoru F\u0259rhan Quliyev v\u0259 Avropa regionunun hava m\u0259kan\u0131n\u0131n idar\u0259 edilm\u0259si m\u0259rk\u0259zinin direktoru Yakopo Prissionotti (Iacopo Prissinotti) t\u0259r\u0259find\u0259n imzalan\u0131b.<\/p>\n<p>Bel\u0259likl\u0259, Az\u0259rbaycan &#8220;Eurocontrol&#8221;un y\u00fcks\u0259k etimad\u0131n\u0131 qazanmaq il\u0259 yana\u015f\u0131, tranzit u\u00e7u\u015flar\u0131n planla\u015fd\u0131r\u0131lmas\u0131nda t\u0259r\u0259fda\u015f v\u0259 b\u00f6hran zaman\u0131 D\u0259st\u0259k m\u0259rk\u0259zi kimi tan\u0131n\u0131b.<\/p>\n<p>AZANS \u2013\u00a0&#8220;Az\u0259rbaycan Hava Yollar\u0131&#8221;n\u0131n hava h\u0259r\u0259k\u0259tinin idar\u0259si \u00fczr\u0259 struktur b\u00f6lm\u0259si olub, ba\u015fl\u0131ca v\u0259zif\u0259l\u0259rin\u0259 Az\u0259rbaycan Respublikas\u0131n\u0131n hava m\u0259kan\u0131nda u\u00e7u\u015flar\u0131n t\u0259hl\u00fck\u0259sizliyinin t\u0259min edilm\u0259si, h\u0259m\u00e7inin \u00f6lk\u0259 \u0259razisi \u00fcz\u0259rind\u0259 h\u0259r\u0259k\u0259tin \u0259laq\u0259l\u0259ndirilm\u0259si v\u0259 xidm\u0259ti funksiyas\u0131 daxildir.<\/p>\n<p>&#8220;Eurocontrol&#8221;\u00a0\u2013 \u0259sas\u0131 1960-c\u0131 ild\u0259 qoyulmu\u015f Hava Naviqasiyas\u0131n\u0131n T\u0259hl\u00fck\u0259sizliyi \u00fczr\u0259 Avropa T\u0259\u015fkilat\u0131 olub, \u0259sas m\u0259qs\u0259di \u00fcmumi Avropa hava n\u0259qliyyat\u0131 idar\u0259etm\u0259 sisteminin i\u015fl\u0259nib haz\u0131rlanmas\u0131d\u0131r. T\u0259\u015fkilat vahid Avropa hava n\u0259qliyyat\u0131n\u0131n idar\u0259etm\u0259 sistemini yaratmaq niyy\u0259tind\u0259dir. &#8220;Eurocontrol&#8221; 41 \u00fczv d\u00f6vl\u0259td\u0259n ibar\u0259tdir.<\/p>\n<div class=\"gallery\">\n<div class=\"gallery-i\"><img src=\"https:\/\/assets.oxu.az\/uploads\/W1siZiIsIjIwMTkvMDkvMDYvMTYvNDkvNDcvNWM2YzZmMzYtYmJjMy00MDQ4LWFlYTktZDFkODBhOWE4MGExL0FaQU5TX0V1cm9jb250cm9sXzIuanBnIl0sWyJwIiwiZW5jb2RlIiwianBnIiwiLXF1YWxpdHkgODAiXSxbInAiLCJ0aHVtYiIsIjU5MHg1OTBcdTAwM2UiXV0?sha=1d5813ff2db48012\" alt=\"\" \/><\/div>\n<\/div>\n","protected":false},"excerpt":{"rendered":"<p>Br\u00fcsseld\u0259 Hava Naviqasiyas\u0131n\u0131n T\u0259hl\u00fck\u0259sizliyi \u00fczr\u0259 Avropa T\u0259\u015fkilat\u0131 (&#8220;Eurocontrol&#8221;) v\u0259 M\u00fclki Aviasiya Aeronaviqasiya Xidm\u0259tl\u0259rinin T\u0259chizat\u00e7\u0131lar\u0131 T\u0259\u015fkilat\u0131n\u0131n (CANSO) \u00fczvl\u0259ri aras\u0131nda g\u00f6r\u00fc\u015f ke\u00e7irilib. T\u0259dbird\u0259 Az\u0259rbaycan\u0131 &#8220;Az\u0259raeronaviqasiya&#8221;\u00a0Hava H\u0259r\u0259k\u0259ti \u0130dar\u0259sinin (AZANS) direktoru F\u0259rhan Quliyev t\u0259msil edib. \u0130\u015fg\u00fczar s\u0259f\u0259r \u00e7\u0259r\u00e7iv\u0259sind\u0259 F\u0259rhan Quliyev h\u0259m\u00e7inin &#8220;Eurocontrol&#8221;un ba\u015f direktoru \u0130mon Brennan (Eamonn Brennan) il\u0259 g\u00f6r\u00fc\u015f\u00fcb. G\u00f6r\u00fc\u015f zaman\u0131 hava h\u0259r\u0259k\u0259tinin t\u0259\u015fkili v\u0259 Az\u0259rbaycan \u0259razisind\u0259n ke\u00e7\u0259n tranzit hava ax\u0131nlar\u0131n\u0131n planla\u015fd\u0131r\u0131lmas\u0131 sah\u0259sind\u0259 \u0259sas m\u0259s\u0259l\u0259l\u0259r, h\u0259m\u00e7inin \u00f6lk\u0259mizin &#8220;Eurocontrol&#8221;un strateji t\u0259r\u0259fda\u015f\u0131 kimi rolu m\u00fczakir\u0259 olunub. H\u0259m\u00e7inin, regionda g\u00f6zl\u0259nilm\u0259z hallar ba\u015f verdiyi t\u0259qdird\u0259 hava h\u0259r\u0259k\u0259tinin v\u0259 z\u0259ruri t\u0259dbirl\u0259rin planla\u015fd\u0131r\u0131lmas\u0131 m\u0259s\u0259l\u0259l\u0259ri m\u00fczakir\u0259 olunub. \u0130mon Brennan Az\u0259rbaycan\u0131n&hellip;<\/p>\n","protected":false},"author":2,"featured_media":77377,"comment_status":"closed","ping_status":"closed","sticky":false,"template":"","format":"standard","meta":{"om_disable_all_campaigns":false,"_monsterinsights_skip_tracking":false,"_monsterinsights_sitenote_active":false,"_monsterinsights_sitenote_note":"","_monsterinsights_sitenote_category":0},"categories":[1],"tags":[],"aioseo_notices":[],"gutentor_comment":0,"rttpg_featured_image_url":{"full":["https:\/\/arantv.az\/wp-content\/uploads\/2019\/09\/AZANS_Eurocontrol_1.jpg",620,465,false],"landscape":["https:\/\/arantv.az\/wp-content\/uploads\/2019\/09\/AZANS_Eurocontrol_1.jpg",620,465,false],"portraits":["https:\/\/arantv.az\/wp-content\/uploads\/2019\/09\/AZANS_Eurocontrol_1.jpg",620,465,false],"thumbnail":["https:\/\/arantv.az\/wp-content\/uploads\/2019\/09\/AZANS_Eurocontrol_1-150x150.jpg",150,150,true],"medium":["https:\/\/arantv.az\/wp-content\/uploads\/2019\/09\/AZANS_Eurocontrol_1-300x225.jpg",300,225,true],"large":["https:\/\/arantv.az\/wp-content\/uploads\/2019\/09\/AZANS_Eurocontrol_1.jpg",620,465,false],"1536x1536":["https:\/\/arantv.az\/wp-content\/uploads\/2019\/09\/AZANS_Eurocontrol_1.jpg",620,465,false],"2048x2048":["https:\/\/arantv.az\/wp-content\/uploads\/2019\/09\/AZANS_Eurocontrol_1.jpg",620,465,false],"post-thumbnail":["https:\/\/arantv.az\/wp-content\/uploads\/2019\/09\/AZANS_Eurocontrol_1-240x172.jpg",240,172,true],"advps-thumb-one":["https:\/\/arantv.az\/wp-content\/uploads\/2019\/09\/AZANS_Eurocontrol_1.jpg",620,465,false]},"rttpg_author":{"display_name":"V\u00fcsal Rafiqo\u011flu","author_link":"https:\/\/arantv.az\/?author=2"},"rttpg_comment":0,"rttpg_category":"<a href=\"https:\/\/arantv.az\/?cat=1\" rel=\"category\">C\u0259miyy\u0259t<\/a>","rttpg_excerpt":"Br\u00fcsseld\u0259 Hava Naviqasiyas\u0131n\u0131n T\u0259hl\u00fck\u0259sizliyi \u00fczr\u0259 Avropa T\u0259\u015fkilat\u0131 (&#8220;Eurocontrol&#8221;) v\u0259 M\u00fclki Aviasiya Aeronaviqasiya Xidm\u0259tl\u0259rinin T\u0259chizat\u00e7\u0131lar\u0131 T\u0259\u015fkilat\u0131n\u0131n (CANSO) \u00fczvl\u0259ri aras\u0131nda g\u00f6r\u00fc\u015f ke\u00e7irilib. T\u0259dbird\u0259 Az\u0259rbaycan\u0131 &#8220;Az\u0259raeronaviqasiya&#8221;\u00a0Hava H\u0259r\u0259k\u0259ti \u0130dar\u0259sinin (AZANS) direktoru F\u0259rhan Quliyev t\u0259msil edib. \u0130\u015fg\u00fczar s\u0259f\u0259r \u00e7\u0259r\u00e7iv\u0259sind\u0259 F\u0259rhan Quliyev h\u0259m\u00e7inin &#8220;Eurocontrol&#8221;un ba\u015f direktoru \u0130mon Brennan (Eamonn Brennan) il\u0259 g\u00f6r\u00fc\u015f\u00fcb. G\u00f6r\u00fc\u015f zaman\u0131 hava h\u0259r\u0259k\u0259tinin t\u0259\u015fkili v\u0259 Az\u0259rbaycan \u0259razisind\u0259n ke\u00e7\u0259n&hellip;","_links":{"self":[{"href":"https:\/\/arantv.az\/index.php?rest_route=\/wp\/v2\/posts\/77376"}],"collection":[{"href":"https:\/\/arantv.az\/index.php?rest_route=\/wp\/v2\/posts"}],"about":[{"href":"https:\/\/arantv.az\/index.php?rest_route=\/wp\/v2\/types\/post"}],"author":[{"embeddable":true,"href":"https:\/\/arantv.az\/index.php?rest_route=\/wp\/v2\/users\/2"}],"replies":[{"embeddable":true,"href":"https:\/\/arantv.az\/index.php?rest_route=%2Fwp%2Fv2%2Fcomments&post=77376"}],"version-history":[{"count":0,"href":"https:\/\/arantv.az\/index.php?rest_route=\/wp\/v2\/posts\/77376\/revisions"}],"wp:featuredmedia":[{"embeddable":true,"href":"https:\/\/arantv.az\/index.php?rest_route=\/wp\/v2\/media\/77377"}],"wp:attachment":[{"href":"https:\/\/arantv.az\/index.php?rest_route=%2Fwp%2Fv2%2Fmedia&parent=77376"}],"wp:term":[{"taxonomy":"category","embeddable":true,"href":"https:\/\/arantv.az\/index.php?rest_route=%2Fwp%2Fv2%2Fcategories&post=77376"},{"taxonomy":"post_tag","embeddable":true,"href":"https:\/\/arantv.az\/index.php?rest_route=%2Fwp%2Fv2%2Ftags&post=77376"}],"curies":[{"name":"wp","href":"https:\/\/api.w.org\/{rel}","templated":true}]}}