{"id":77379,"date":"2019-09-06T16:38:28","date_gmt":"2019-09-06T13:38:28","guid":{"rendered":"http:\/\/arantv.az\/?p=77379"},"modified":"2019-09-06T16:38:28","modified_gmt":"2019-09-06T13:38:28","slug":"turkdilli-dovl%c9%99tl%c9%99rin-xususi-xidm%c9%99t-orqanlarinin-r%c9%99hb%c9%99rl%c9%99ri-ilham-%c9%99liyevin-q%c9%99bulunda-yenil%c9%99nib","status":"publish","type":"post","link":"https:\/\/arantv.az\/?p=77379","title":{"rendered":"T\u00fcrkdilli d\u00f6vl\u0259tl\u0259rin x\u00fcsusi xidm\u0259t orqanlar\u0131n\u0131n r\u0259hb\u0259rl\u0259ri \u0130lham \u018fliyevin q\u0259bulunda &#8211; YEN\u0130L\u018fN\u0130B"},"content":{"rendered":"<p>Az\u0259rbaycan Respublikas\u0131n\u0131n Prezidenti \u0130lham \u018fliyev sentyabr\u0131n 6-da t\u00fcrkdilli d\u00f6vl\u0259tl\u0259rin x\u00fcsusi xidm\u0259t orqanlar\u0131n\u0131n r\u0259hb\u0259rl\u0259rini q\u0259bul edib.<\/p>\n<p><strong>ARANTV.AZ<\/strong> x\u0259b\u0259r verir ki, d\u00f6vl\u0259timizin ba\u015f\u00e7\u0131s\u0131 T\u00fcrkdilli D\u00f6vl\u0259tl\u0259rin X\u00fcsusi Xidm\u0259t Orqanlar\u0131 Konfrans\u0131n\u0131n n\u00f6vb\u0259ti iclas\u0131n\u0131n Bak\u0131da ke\u00e7irilm\u0259sind\u0259n m\u0259mnunlu\u011funu ifad\u0259 edib.<\/p>\n<p>\u0130clas\u0131n ikit\u0259r\u0259fli v\u0259 \u00e7oxt\u0259r\u0259fli \u0259m\u0259kda\u015fl\u0131\u011f\u0131m\u0131zla ba\u011fl\u0131 m\u0259s\u0259l\u0259l\u0259rin m\u00fczakir\u0259si \u00fc\u00e7\u00fcn yax\u015f\u0131 imkan yaratd\u0131\u011f\u0131n\u0131 dey\u0259n Prezident \u0130lham \u018fliyev \u00f6lk\u0259l\u0259rimiz aras\u0131nda etimada \u0259saslanan \u00e7ox s\u0131x qarda\u015fl\u0131q m\u00fcnasib\u0259tl\u0259rinin m\u00f6vcud oldu\u011funu deyib.<\/p>\n<div id=\"AdviadNativeVideo0\" class=\"AdviadNativeVideo\"><\/div>\n<p>D\u00f6vl\u0259timizin ba\u015f\u00e7\u0131s\u0131 \u00f6lk\u0259l\u0259rimizin x\u00fcsusi xidm\u0259t orqanlar\u0131 aras\u0131nda \u0259m\u0259kda\u015fl\u0131\u011f\u0131n m\u00fch\u00fcm \u0259h\u0259miyy\u0259t k\u0259sb etdiyini qeyd ed\u0259r\u0259k, bu t\u0259maslar\u0131n t\u0259hl\u00fck\u0259sizliyin v\u0259 regional sabitliyin t\u0259min olunmas\u0131ndak\u0131 rolunu vur\u011fulay\u0131b.\u00a0Az\u0259rbaycan\u0131n regional \u0259m\u0259kda\u015fl\u0131q prosesl\u0259rind\u0259 f\u0259al i\u015ftirak etdiyini dey\u0259n Prezident \u0130lham \u018fliyev \u0259laq\u0259l\u0259rimizin m\u00f6hk\u0259ml\u0259ndirilm\u0259si \u00fc\u00e7\u00fcn s\u0259yl\u0259rin bundan sonra da davam etdiril\u0259c\u0259yini bildirib.<\/p>\n<p>D\u00f6vl\u0259timizin ba\u015f\u00e7\u0131s\u0131 iclasda m\u00fczakir\u0259 edil\u0259n m\u0259s\u0259l\u0259l\u0259rin \u00f6lk\u0259l\u0259rimizin t\u0259hl\u00fck\u0259sizliyinin m\u00f6hk\u0259ml\u0259ndirilm\u0259si i\u015fin\u0259 xidm\u0259t ed\u0259c\u0259yin\u0259 \u0259minliyini ifad\u0259 edib.<\/p>\n<p>G\u00f6r\u00fc\u015fd\u0259 \u00e7\u0131x\u0131\u015f ed\u0259n qonaqlar T\u00fcrkdilli D\u00f6vl\u0259tl\u0259rin X\u00fcsusi Xidm\u0259t Orqanlar\u0131 Konfrans\u0131n\u0131n n\u00f6vb\u0259ti iclas\u0131n\u0131n y\u00fcks\u0259k s\u0259viyy\u0259d\u0259 t\u0259\u015fkilin\u0259 g\u00f6r\u0259 minn\u0259tdarl\u0131qlar\u0131n\u0131 bildiribl\u0259r v\u0259 bu t\u0259dbirin \u00f6lk\u0259l\u0259rimizin m\u00fcvafiq qurumlar\u0131 aras\u0131nda \u0259laq\u0259l\u0259rin v\u0259 s\u0131x \u0259m\u0259kda\u015fl\u0131\u011f\u0131n daha da geni\u015fl\u0259ndirilm\u0259si i\u015fin\u0259 t\u00f6hf\u0259 ver\u0259c\u0259yini vur\u011fulay\u0131blar.<\/p>\n<p><strong>14:00<\/strong><\/p>\n<p>Az\u0259rbaycan Respublikas\u0131n\u0131n Prezidenti \u0130lham \u018fliyev sentyabr\u0131n 6-da t\u00fcrkdilli d\u00f6vl\u0259tl\u0259rin x\u00fcsusi xidm\u0259t orqanlar\u0131n\u0131n r\u0259hb\u0259rl\u0259rini q\u0259bul edib.<\/p>\n<p>Bu bar\u0259d\u0259\u00a0<a href=\"https:\/\/azertag.az\/xeber\/Prezident_Ilham_Aliyev_turkdilli_dovletlerin_xususi_xidmet_orqanlarinin_rehberlerini_qebul_edib_YENILANACAK-1326354\" target=\"_blank\" rel=\"noopener\">AZ\u018fRTAC<\/a>\u00a0m\u0259lumat yay\u0131b.<\/p>\n","protected":false},"excerpt":{"rendered":"<p>Az\u0259rbaycan Respublikas\u0131n\u0131n Prezidenti \u0130lham \u018fliyev sentyabr\u0131n 6-da t\u00fcrkdilli d\u00f6vl\u0259tl\u0259rin x\u00fcsusi xidm\u0259t orqanlar\u0131n\u0131n r\u0259hb\u0259rl\u0259rini q\u0259bul edib. ARANTV.AZ x\u0259b\u0259r verir ki, d\u00f6vl\u0259timizin ba\u015f\u00e7\u0131s\u0131 T\u00fcrkdilli D\u00f6vl\u0259tl\u0259rin X\u00fcsusi Xidm\u0259t Orqanlar\u0131 Konfrans\u0131n\u0131n n\u00f6vb\u0259ti iclas\u0131n\u0131n Bak\u0131da ke\u00e7irilm\u0259sind\u0259n m\u0259mnunlu\u011funu ifad\u0259 edib. \u0130clas\u0131n ikit\u0259r\u0259fli v\u0259 \u00e7oxt\u0259r\u0259fli \u0259m\u0259kda\u015fl\u0131\u011f\u0131m\u0131zla ba\u011fl\u0131 m\u0259s\u0259l\u0259l\u0259rin m\u00fczakir\u0259si \u00fc\u00e7\u00fcn yax\u015f\u0131 imkan yaratd\u0131\u011f\u0131n\u0131 dey\u0259n Prezident \u0130lham \u018fliyev \u00f6lk\u0259l\u0259rimiz aras\u0131nda etimada \u0259saslanan \u00e7ox s\u0131x qarda\u015fl\u0131q m\u00fcnasib\u0259tl\u0259rinin m\u00f6vcud oldu\u011funu deyib. D\u00f6vl\u0259timizin ba\u015f\u00e7\u0131s\u0131 \u00f6lk\u0259l\u0259rimizin x\u00fcsusi xidm\u0259t orqanlar\u0131 aras\u0131nda \u0259m\u0259kda\u015fl\u0131\u011f\u0131n m\u00fch\u00fcm \u0259h\u0259miyy\u0259t k\u0259sb etdiyini qeyd ed\u0259r\u0259k, bu t\u0259maslar\u0131n t\u0259hl\u00fck\u0259sizliyin v\u0259 regional sabitliyin t\u0259min olunmas\u0131ndak\u0131 rolunu vur\u011fulay\u0131b.\u00a0Az\u0259rbaycan\u0131n regional \u0259m\u0259kda\u015fl\u0131q prosesl\u0259rind\u0259 f\u0259al i\u015ftirak&hellip;<\/p>\n","protected":false},"author":2,"featured_media":77380,"comment_status":"closed","ping_status":"closed","sticky":false,"template":"","format":"standard","meta":{"om_disable_all_campaigns":false,"_monsterinsights_skip_tracking":false,"_monsterinsights_sitenote_active":false,"_monsterinsights_sitenote_note":"","_monsterinsights_sitenote_category":0},"categories":[4],"tags":[],"aioseo_notices":[],"gutentor_comment":0,"rttpg_featured_image_url":{"full":["https:\/\/arantv.az\/wp-content\/uploads\/2019\/09\/ilham_eliyev_qebul-1.jpg",620,414,false],"landscape":["https:\/\/arantv.az\/wp-content\/uploads\/2019\/09\/ilham_eliyev_qebul-1.jpg",620,414,false],"portraits":["https:\/\/arantv.az\/wp-content\/uploads\/2019\/09\/ilham_eliyev_qebul-1.jpg",620,414,false],"thumbnail":["https:\/\/arantv.az\/wp-content\/uploads\/2019\/09\/ilham_eliyev_qebul-1-150x150.jpg",150,150,true],"medium":["https:\/\/arantv.az\/wp-content\/uploads\/2019\/09\/ilham_eliyev_qebul-1-300x200.jpg",300,200,true],"large":["https:\/\/arantv.az\/wp-content\/uploads\/2019\/09\/ilham_eliyev_qebul-1.jpg",620,414,false],"1536x1536":["https:\/\/arantv.az\/wp-content\/uploads\/2019\/09\/ilham_eliyev_qebul-1.jpg",620,414,false],"2048x2048":["https:\/\/arantv.az\/wp-content\/uploads\/2019\/09\/ilham_eliyev_qebul-1.jpg",620,414,false],"post-thumbnail":["https:\/\/arantv.az\/wp-content\/uploads\/2019\/09\/ilham_eliyev_qebul-1-240x172.jpg",240,172,true],"advps-thumb-one":["https:\/\/arantv.az\/wp-content\/uploads\/2019\/09\/ilham_eliyev_qebul-1.jpg",620,414,false]},"rttpg_author":{"display_name":"V\u00fcsal Rafiqo\u011flu","author_link":"https:\/\/arantv.az\/?author=2"},"rttpg_comment":0,"rttpg_category":"<a href=\"https:\/\/arantv.az\/?cat=4\" rel=\"category\">Siyas\u0259t<\/a>","rttpg_excerpt":"Az\u0259rbaycan Respublikas\u0131n\u0131n Prezidenti \u0130lham \u018fliyev sentyabr\u0131n 6-da t\u00fcrkdilli d\u00f6vl\u0259tl\u0259rin x\u00fcsusi xidm\u0259t orqanlar\u0131n\u0131n r\u0259hb\u0259rl\u0259rini q\u0259bul edib. ARANTV.AZ x\u0259b\u0259r verir ki, d\u00f6vl\u0259timizin ba\u015f\u00e7\u0131s\u0131 T\u00fcrkdilli D\u00f6vl\u0259tl\u0259rin X\u00fcsusi Xidm\u0259t Orqanlar\u0131 Konfrans\u0131n\u0131n n\u00f6vb\u0259ti iclas\u0131n\u0131n Bak\u0131da ke\u00e7irilm\u0259sind\u0259n m\u0259mnunlu\u011funu ifad\u0259 edib. \u0130clas\u0131n ikit\u0259r\u0259fli v\u0259 \u00e7oxt\u0259r\u0259fli \u0259m\u0259kda\u015fl\u0131\u011f\u0131m\u0131zla ba\u011fl\u0131 m\u0259s\u0259l\u0259l\u0259rin m\u00fczakir\u0259si \u00fc\u00e7\u00fcn yax\u015f\u0131 imkan yaratd\u0131\u011f\u0131n\u0131 dey\u0259n Prezident \u0130lham \u018fliyev \u00f6lk\u0259l\u0259rimiz aras\u0131nda etimada \u0259saslanan \u00e7ox&hellip;","_links":{"self":[{"href":"https:\/\/arantv.az\/index.php?rest_route=\/wp\/v2\/posts\/77379"}],"collection":[{"href":"https:\/\/arantv.az\/index.php?rest_route=\/wp\/v2\/posts"}],"about":[{"href":"https:\/\/arantv.az\/index.php?rest_route=\/wp\/v2\/types\/post"}],"author":[{"embeddable":true,"href":"https:\/\/arantv.az\/index.php?rest_route=\/wp\/v2\/users\/2"}],"replies":[{"embeddable":true,"href":"https:\/\/arantv.az\/index.php?rest_route=%2Fwp%2Fv2%2Fcomments&post=77379"}],"version-history":[{"count":0,"href":"https:\/\/arantv.az\/index.php?rest_route=\/wp\/v2\/posts\/77379\/revisions"}],"wp:featuredmedia":[{"embeddable":true,"href":"https:\/\/arantv.az\/index.php?rest_route=\/wp\/v2\/media\/77380"}],"wp:attachment":[{"href":"https:\/\/arantv.az\/index.php?rest_route=%2Fwp%2Fv2%2Fmedia&parent=77379"}],"wp:term":[{"taxonomy":"category","embeddable":true,"href":"https:\/\/arantv.az\/index.php?rest_route=%2Fwp%2Fv2%2Fcategories&post=77379"},{"taxonomy":"post_tag","embeddable":true,"href":"https:\/\/arantv.az\/index.php?rest_route=%2Fwp%2Fv2%2Ftags&post=77379"}],"curies":[{"name":"wp","href":"https:\/\/api.w.org\/{rel}","templated":true}]}}