{"id":77393,"date":"2019-09-07T08:02:23","date_gmt":"2019-09-07T05:02:23","guid":{"rendered":"http:\/\/arantv.az\/?p=77393"},"modified":"2019-09-07T08:02:23","modified_gmt":"2019-09-07T05:02:23","slug":"latviya-az%c9%99rbaycan-mallarinin-simali-avropada-yayilmasina-kom%c9%99k-ed%c9%99-bil%c9%99r","status":"publish","type":"post","link":"https:\/\/arantv.az\/?p=77393","title":{"rendered":"Latviya Az\u0259rbaycan mallar\u0131n\u0131n \u015eimali Avropada yay\u0131lmas\u0131na k\u00f6m\u0259k ed\u0259 bil\u0259r"},"content":{"rendered":"<p>Latviyan\u0131n Az\u0259rbaycandan m\u0259hsul ixrac edilm\u0259si \u00fc\u00e7\u00fcn Avropa Birliyin\u0259 giri\u015f qap\u0131s\u0131 olmaq bax\u0131m\u0131ndan yax\u015f\u0131 imkanlar\u0131 var.<\/p>\n<p><strong>ARANTV.AZ<\/strong> bildirir ki, bunu\u00a0<a href=\"http:\/\/az.trend.az\/\" target=\"_blank\" rel=\"noopener\">Trend<\/a>-\u0259\u00a0Latviyan\u0131n \u0130qtisadiyyat naziri Ralf Nemiro deyib.<\/p>\n<p>Nazir vur\u011fulay\u0131b ki, x\u00fcsusil\u0259, Latviya limanlar\u0131nda Az\u0259rbaycan mallar\u0131n\u0131n \u015eimali Avropada paylanmas\u0131 \u00fc\u00e7\u00fcn logistika m\u0259rk\u0259zl\u0259rinin inki\u015faf etdirilm\u0259si m\u00fcmk\u00fcnd\u00fcr: &#8220;Latviya logistika m\u0259rk\u0259zl\u0259ri v\u0259 \u00fc\u00e7 b\u00f6y\u00fck liman &#8211; Riqa, Ventspils, Liepaja \u00e7ay, pamb\u0131q, toxuculuq v\u0259 k\u0259nd t\u0259s\u0259rr\u00fcfat\u0131 m\u0259hsullar\u0131n\u0131n s\u00fcr\u0259tli \u00e7atd\u0131r\u0131lmas\u0131n\u0131 t\u0259min edir&#8221;.<\/p>\n<p>R.Nemiro 23 iyul 2018-ci il tarixd\u0259 Az\u0259rbaycan \u0130qtisadiyyat Nazirinin s\u0259f\u0259ri \u00e7\u0259r\u00e7iv\u0259sind\u0259 Riqada Az\u0259rbaycan Ticar\u0259t Evinin a\u00e7\u0131l\u0131\u015f\u0131n\u0131n \u00e7ox \u0259h\u0259miyy\u0259tli bir add\u0131m oldu\u011funu qeyd edib: &#8220;\u00dcmid edirik ki, Az\u0259rbaycan Ticar\u0259t Evi Az\u0259rbaycan ixracat\u00e7\u0131lar\u0131 \u00fc\u00e7\u00fcn yax\u015f\u0131 bir n\u00fcmun\u0259 olacaq v\u0259 Baltikyan\u0131 \u00f6lk\u0259l\u0259rd\u0259, \u015eimali v\u0259 Q\u0259rbi Avropaya mallar\u0131n daha da s\u00fcr\u0259tli emal\u0131 v\u0259 paylanmas\u0131 m\u0259qs\u0259di il\u0259 Latviyada yeni ticar\u0259t, logistika v\u0259 istehsal m\u00fc\u0259ssis\u0259l\u0259ri yarad\u0131lacaq&#8221;.<\/p>\n<div><\/div>\n<p>Nazir bildirib ki, Latviya Az\u0259rbaycana mal ixrac\u0131n\u0131 geni\u015fl\u0259ndirm\u0259y\u0259 haz\u0131rd\u0131r: &#8220;G\u0259l\u0259c\u0259k bir layih\u0259 olaraq, Hindistan, \u0130ran, Orta Asiya v\u0259 Avropa aras\u0131nda yeni t\u0259dar\u00fck z\u0259ncirl\u0259ri d\u0259 Az\u0259rbaycan v\u0259 Latviya limanlar\u0131 vasit\u0259si il\u0259 inki\u015faf ed\u0259 bil\u0259r&#8221;.<\/p>\n","protected":false},"excerpt":{"rendered":"<p>Latviyan\u0131n Az\u0259rbaycandan m\u0259hsul ixrac edilm\u0259si \u00fc\u00e7\u00fcn Avropa Birliyin\u0259 giri\u015f qap\u0131s\u0131 olmaq bax\u0131m\u0131ndan yax\u015f\u0131 imkanlar\u0131 var. ARANTV.AZ bildirir ki, bunu\u00a0Trend-\u0259\u00a0Latviyan\u0131n \u0130qtisadiyyat naziri Ralf Nemiro deyib. Nazir vur\u011fulay\u0131b ki, x\u00fcsusil\u0259, Latviya limanlar\u0131nda Az\u0259rbaycan mallar\u0131n\u0131n \u015eimali Avropada paylanmas\u0131 \u00fc\u00e7\u00fcn logistika m\u0259rk\u0259zl\u0259rinin inki\u015faf etdirilm\u0259si m\u00fcmk\u00fcnd\u00fcr: &#8220;Latviya logistika m\u0259rk\u0259zl\u0259ri v\u0259 \u00fc\u00e7 b\u00f6y\u00fck liman &#8211; Riqa, Ventspils, Liepaja \u00e7ay, pamb\u0131q, toxuculuq v\u0259 k\u0259nd t\u0259s\u0259rr\u00fcfat\u0131 m\u0259hsullar\u0131n\u0131n s\u00fcr\u0259tli \u00e7atd\u0131r\u0131lmas\u0131n\u0131 t\u0259min edir&#8221;. R.Nemiro 23 iyul 2018-ci il tarixd\u0259 Az\u0259rbaycan \u0130qtisadiyyat Nazirinin s\u0259f\u0259ri \u00e7\u0259r\u00e7iv\u0259sind\u0259 Riqada Az\u0259rbaycan Ticar\u0259t Evinin a\u00e7\u0131l\u0131\u015f\u0131n\u0131n \u00e7ox \u0259h\u0259miyy\u0259tli bir add\u0131m oldu\u011funu qeyd edib: &#8220;\u00dcmid edirik ki, Az\u0259rbaycan&hellip;<\/p>\n","protected":false},"author":2,"featured_media":77394,"comment_status":"closed","ping_status":"closed","sticky":false,"template":"","format":"standard","meta":{"om_disable_all_campaigns":false,"_monsterinsights_skip_tracking":false,"_monsterinsights_sitenote_active":false,"_monsterinsights_sitenote_note":"","_monsterinsights_sitenote_category":0},"categories":[19],"tags":[],"aioseo_notices":[],"gutentor_comment":0,"rttpg_featured_image_url":{"full":["https:\/\/arantv.az\/wp-content\/uploads\/2019\/09\/384950-77.jpg",780,541,false],"landscape":["https:\/\/arantv.az\/wp-content\/uploads\/2019\/09\/384950-77.jpg",780,541,false],"portraits":["https:\/\/arantv.az\/wp-content\/uploads\/2019\/09\/384950-77.jpg",780,541,false],"thumbnail":["https:\/\/arantv.az\/wp-content\/uploads\/2019\/09\/384950-77-150x150.jpg",150,150,true],"medium":["https:\/\/arantv.az\/wp-content\/uploads\/2019\/09\/384950-77-300x208.jpg",300,208,true],"large":["https:\/\/arantv.az\/wp-content\/uploads\/2019\/09\/384950-77.jpg",640,444,false],"1536x1536":["https:\/\/arantv.az\/wp-content\/uploads\/2019\/09\/384950-77.jpg",780,541,false],"2048x2048":["https:\/\/arantv.az\/wp-content\/uploads\/2019\/09\/384950-77.jpg",780,541,false],"post-thumbnail":["https:\/\/arantv.az\/wp-content\/uploads\/2019\/09\/384950-77-240x172.jpg",240,172,true],"advps-thumb-one":["https:\/\/arantv.az\/wp-content\/uploads\/2019\/09\/384950-77.jpg",780,541,false]},"rttpg_author":{"display_name":"V\u00fcsal Rafiqo\u011flu","author_link":"https:\/\/arantv.az\/?author=2"},"rttpg_comment":0,"rttpg_category":"<a href=\"https:\/\/arantv.az\/?cat=19\" rel=\"category\">G\u00fcnd\u0259m<\/a>","rttpg_excerpt":"Latviyan\u0131n Az\u0259rbaycandan m\u0259hsul ixrac edilm\u0259si \u00fc\u00e7\u00fcn Avropa Birliyin\u0259 giri\u015f qap\u0131s\u0131 olmaq bax\u0131m\u0131ndan yax\u015f\u0131 imkanlar\u0131 var. ARANTV.AZ bildirir ki, bunu\u00a0Trend-\u0259\u00a0Latviyan\u0131n \u0130qtisadiyyat naziri Ralf Nemiro deyib. Nazir vur\u011fulay\u0131b ki, x\u00fcsusil\u0259, Latviya limanlar\u0131nda Az\u0259rbaycan mallar\u0131n\u0131n \u015eimali Avropada paylanmas\u0131 \u00fc\u00e7\u00fcn logistika m\u0259rk\u0259zl\u0259rinin inki\u015faf etdirilm\u0259si m\u00fcmk\u00fcnd\u00fcr: &#8220;Latviya logistika m\u0259rk\u0259zl\u0259ri v\u0259 \u00fc\u00e7 b\u00f6y\u00fck liman &#8211; Riqa, Ventspils, Liepaja \u00e7ay, pamb\u0131q, toxuculuq&hellip;","_links":{"self":[{"href":"https:\/\/arantv.az\/index.php?rest_route=\/wp\/v2\/posts\/77393"}],"collection":[{"href":"https:\/\/arantv.az\/index.php?rest_route=\/wp\/v2\/posts"}],"about":[{"href":"https:\/\/arantv.az\/index.php?rest_route=\/wp\/v2\/types\/post"}],"author":[{"embeddable":true,"href":"https:\/\/arantv.az\/index.php?rest_route=\/wp\/v2\/users\/2"}],"replies":[{"embeddable":true,"href":"https:\/\/arantv.az\/index.php?rest_route=%2Fwp%2Fv2%2Fcomments&post=77393"}],"version-history":[{"count":0,"href":"https:\/\/arantv.az\/index.php?rest_route=\/wp\/v2\/posts\/77393\/revisions"}],"wp:featuredmedia":[{"embeddable":true,"href":"https:\/\/arantv.az\/index.php?rest_route=\/wp\/v2\/media\/77394"}],"wp:attachment":[{"href":"https:\/\/arantv.az\/index.php?rest_route=%2Fwp%2Fv2%2Fmedia&parent=77393"}],"wp:term":[{"taxonomy":"category","embeddable":true,"href":"https:\/\/arantv.az\/index.php?rest_route=%2Fwp%2Fv2%2Fcategories&post=77393"},{"taxonomy":"post_tag","embeddable":true,"href":"https:\/\/arantv.az\/index.php?rest_route=%2Fwp%2Fv2%2Ftags&post=77393"}],"curies":[{"name":"wp","href":"https:\/\/api.w.org\/{rel}","templated":true}]}}