{"id":77425,"date":"2019-09-07T09:08:28","date_gmt":"2019-09-07T06:08:28","guid":{"rendered":"http:\/\/arantv.az\/?p=77425"},"modified":"2019-09-07T09:08:28","modified_gmt":"2019-09-07T06:08:28","slug":"iri-dovl%c9%99t-sirk%c9%99tl%c9%99rinin-vahid-m%c9%99lumat-bazasi-yaradilacaq","status":"publish","type":"post","link":"https:\/\/arantv.az\/?p=77425","title":{"rendered":"\u0130ri d\u00f6vl\u0259t \u015firk\u0259tl\u0259rinin vahid m\u0259lumat bazas\u0131 yarad\u0131lacaq"},"content":{"rendered":"<p>Nazirl\u0259r Kabineti &#8220;\u0130ri d\u00f6vl\u0259t \u015firk\u0259tl\u0259rin\u0259 dair vahid m\u0259lumat bazas\u0131n\u0131n formala\u015fd\u0131r\u0131lmas\u0131 v\u0259 ondan istifad\u0259 Qaydalar\u0131&#8221;n\u0131 t\u0259sdiq edib.<\/p>\n<p>M\u00fcvafiq\u00a0<a href=\"https:\/\/cabmin.gov.az\/az\/document\/3982\/\" target=\"_blank\" rel=\"noopener\">q\u0259rar<\/a>\u0131 Ba\u015f nazir Novruz M\u0259mm\u0259dov imzalay\u0131b.<\/p>\n<p>Q\u0259rara \u0259sas\u0259n, Az\u0259rbaycan Respublikas\u0131n\u0131n Prezidenti yan\u0131nda V\u0259t\u0259nda\u015flara Xidm\u0259t v\u0259 Sosial \u0130nnovasiyalar \u00fczr\u0259 D\u00f6vl\u0259t Agentliyi &#8220;\u0130ri d\u00f6vl\u0259t \u015firk\u0259tl\u0259rin\u0259 dair vahid m\u0259lumat bazas\u0131&#8221; informasiya sisteminin &#8220;Elektron H\u00f6kum\u0259t&#8221; \u0130nformasiya Sistemin\u0259 inteqrasiyas\u0131 il\u0259 ba\u011fl\u0131 z\u0259ruri t\u0259dbirl\u0259r g\u00f6r\u0259c\u0259k.<\/p>\n<div id=\"AdviadNativeVideo0\" class=\"AdviadNativeVideo\"><\/div>\n<p>\u0130nformasiya sistemi a\u015fa\u011f\u0131dak\u0131lar\u0131 t\u0259min edir:<\/p>\n<p>&#8211; iri d\u00f6vl\u0259t \u015firk\u0259tl\u0259rinin maliyy\u0259-t\u0259s\u0259rr\u00fcfat f\u0259aliyy\u0259tind\u0259 \u015f\u0259ffafl\u0131\u011f\u0131n art\u0131r\u0131lmas\u0131na v\u0259 s\u0259m\u0259r\u0259liliyin y\u00fcks\u0259ldilm\u0259sin\u0259 nail olunmas\u0131n\u0131;<br \/>\n&#8211; iri d\u00f6vl\u0259t \u015firk\u0259tl\u0259rin\u0259 dair maliyy\u0259, kadr u\u00e7otu v\u0259 da\u015f\u0131nmaz \u0259mlak \u00fczr\u0259 m\u0259lumatlar\u0131n vahid bazada birl\u0259\u015fdirilm\u0259sini;<br \/>\n&#8211; iri d\u00f6vl\u0259t \u015firk\u0259tl\u0259rinin maliyy\u0259-t\u0259s\u0259rr\u00fcfat f\u0259aliyy\u0259tinin m\u00fcqayis\u0259li t\u0259hlil edilm\u0259sini;<br \/>\n&#8211; informasiya sisteminin istifad\u0259\u00e7il\u0259ri t\u0259r\u0259find\u0259n iri d\u00f6vl\u0259t \u015firk\u0259tl\u0259rin\u0259 dair m\u00fcvafiq m\u0259lumatlar\u0131n real vaxt rejimind\u0259 \u0259ld\u0259 edilm\u0259sini.<\/p>\n<p>\u0130nformasiya sistemi \u00fczr\u0259 xidm\u0259tl\u0259r \u018fmlak M\u0259s\u0259l\u0259l\u0259ri D\u00f6vl\u0259t Komit\u0259sinin r\u0259smi internet s\u0259hif\u0259sind\u0259 d\u00f6vl\u0259t xidm\u0259tl\u0259ri b\u00f6lm\u0259si, el\u0259c\u0259 d\u0259 \u201cElektron h\u00f6kum\u0259t\u201d portal\u0131 vasit\u0259sil\u0259 g\u00f6st\u0259rilir.<\/p>\n<p>\u0130nformasiya sisteminin istifad\u0259\u00e7il\u0259ri informasiya sisteminin m\u00fcvafiq altsisteml\u0259ri \u00fczr\u0259 informasiya sisteminin i\u015ftirak\u00e7\u0131lar\u0131 t\u0259r\u0259find\u0259n qeyd\u0259 al\u0131nm\u0131\u015f m\u0259lumatlardan \u201c\u0130nformasiya \u0259ld\u0259 etm\u0259k haqq\u0131nda\u201d qanuna uy\u011fun olaraq istifad\u0259 etm\u0259k h\u00fcququ olan a\u015fa\u011f\u0131dak\u0131 d\u00f6vl\u0259t orqanlar\u0131d\u0131r:<\/p>\n<p>&#8211; maliyy\u0259 v\u0259 m\u00fchasibat u\u00e7otu g\u00f6st\u0259ricil\u0259ri \u00fczr\u0259 m\u0259lumatlar\u0131 \u00f6z\u00fcnd\u0259 \u0259ks etdir\u0259n altsistem \u00fczr\u0259: \u0130qtisadiyyat Nazirliyi, Maliyy\u0259 Nazirliyi, Vergil\u0259r Nazirliyi, \u018fmlak M\u0259s\u0259l\u0259l\u0259ri D\u00f6vl\u0259t Komit\u0259si v\u0259 D\u00f6vl\u0259t Statistika Komit\u0259si;<\/p>\n<p>&#8211; kadr u\u00e7otu \u00fczr\u0259 m\u0259lumatlar\u0131 \u00f6z\u00fcnd\u0259 \u0259ks etdir\u0259n altsistem \u00fczr\u0259: \u018fm\u0259k v\u0259 \u018fhalinin Sosial M\u00fcdafi\u0259si Nazirliyi, \u0130qtisadiyyat Nazirliyi, Maliyy\u0259 Nazirliyi, \u018fmlak M\u0259s\u0259l\u0259l\u0259ri D\u00f6vl\u0259t Komit\u0259si v\u0259 D\u00f6vl\u0259t Statistika Komit\u0259si;<\/p>\n<p>&#8211; da\u015f\u0131nmaz \u0259mlaka dair m\u0259lumatlar\u0131 \u00f6z\u00fcnd\u0259 \u0259ks etdir\u0259n altsistem \u00fczr\u0259: \u0130qtisadiyyat Nazirliyi, Maliyy\u0259 Nazirliyi, \u018fmlak M\u0259s\u0259l\u0259l\u0259ri D\u00f6vl\u0259t Komit\u0259si v\u0259 D\u00f6vl\u0259t Statistika Komit\u0259si.<br \/>\n\u0130nformasiya sisteminin istifad\u0259\u00e7il\u0259ri istemin i\u015ftirak\u00e7\u0131lar\u0131 t\u0259r\u0259find\u0259n qeyd\u0259 al\u0131nm\u0131\u015f m\u0259lumatlardan \u00f6d\u0259ni\u015fsiz istifad\u0259 edirl\u0259r.<\/p>\n<p>\u0130\u015ftirak\u00e7\u0131lar t\u0259r\u0259find\u0259n kadr u\u00e7otuna dair altsistemind\u0259 g\u00f6st\u0259ril\u0259n m\u0259lumatlar r\u00fcbl\u00fck olmaqla hesabat d\u00f6vr\u00fc ba\u015fa \u00e7atd\u0131qdan sonra n\u00f6vb\u0259ti ay\u0131n 20-d\u0259n gec olmayaraq, maliyy\u0259 g\u00f6st\u0259ricil\u0259ri il\u0259 ba\u011fl\u0131 altsistemind\u0259 g\u00f6st\u0259ril\u0259n m\u0259lumat v\u0259 maliyy\u0259 hesabatlar\u0131 is\u0259\u0259 illik olmaqla hesabat d\u00f6vr\u00fc ba\u015fa \u00e7atd\u0131qdan sonra m\u00fcvafiq olaraq sonrak\u0131 ilin aprel ay\u0131n\u0131n 30-dan etibar\u0259n iyun ay\u0131n\u0131n 30-d\u0259k informasiya sistemin\u0259 daxil edilm\u0259lidir.<\/p>\n","protected":false},"excerpt":{"rendered":"<p>Nazirl\u0259r Kabineti &#8220;\u0130ri d\u00f6vl\u0259t \u015firk\u0259tl\u0259rin\u0259 dair vahid m\u0259lumat bazas\u0131n\u0131n formala\u015fd\u0131r\u0131lmas\u0131 v\u0259 ondan istifad\u0259 Qaydalar\u0131&#8221;n\u0131 t\u0259sdiq edib. M\u00fcvafiq\u00a0q\u0259rar\u0131 Ba\u015f nazir Novruz M\u0259mm\u0259dov imzalay\u0131b. Q\u0259rara \u0259sas\u0259n, Az\u0259rbaycan Respublikas\u0131n\u0131n Prezidenti yan\u0131nda V\u0259t\u0259nda\u015flara Xidm\u0259t v\u0259 Sosial \u0130nnovasiyalar \u00fczr\u0259 D\u00f6vl\u0259t Agentliyi &#8220;\u0130ri d\u00f6vl\u0259t \u015firk\u0259tl\u0259rin\u0259 dair vahid m\u0259lumat bazas\u0131&#8221; informasiya sisteminin &#8220;Elektron H\u00f6kum\u0259t&#8221; \u0130nformasiya Sistemin\u0259 inteqrasiyas\u0131 il\u0259 ba\u011fl\u0131 z\u0259ruri t\u0259dbirl\u0259r g\u00f6r\u0259c\u0259k. \u0130nformasiya sistemi a\u015fa\u011f\u0131dak\u0131lar\u0131 t\u0259min edir: &#8211; iri d\u00f6vl\u0259t \u015firk\u0259tl\u0259rinin maliyy\u0259-t\u0259s\u0259rr\u00fcfat f\u0259aliyy\u0259tind\u0259 \u015f\u0259ffafl\u0131\u011f\u0131n art\u0131r\u0131lmas\u0131na v\u0259 s\u0259m\u0259r\u0259liliyin y\u00fcks\u0259ldilm\u0259sin\u0259 nail olunmas\u0131n\u0131; &#8211; iri d\u00f6vl\u0259t \u015firk\u0259tl\u0259rin\u0259 dair maliyy\u0259, kadr u\u00e7otu v\u0259 da\u015f\u0131nmaz \u0259mlak \u00fczr\u0259 m\u0259lumatlar\u0131n vahid bazada birl\u0259\u015fdirilm\u0259sini; &#8211;&hellip;<\/p>\n","protected":false},"author":2,"featured_media":77426,"comment_status":"closed","ping_status":"closed","sticky":false,"template":"","format":"standard","meta":{"om_disable_all_campaigns":false,"_monsterinsights_skip_tracking":false,"_monsterinsights_sitenote_active":false,"_monsterinsights_sitenote_note":"","_monsterinsights_sitenote_category":0},"categories":[19],"tags":[],"aioseo_notices":[],"gutentor_comment":0,"rttpg_featured_image_url":{"full":["https:\/\/arantv.az\/wp-content\/uploads\/2019\/09\/11061943_1454571514845174_6239802734839033212_n.jpg",620,413,false],"landscape":["https:\/\/arantv.az\/wp-content\/uploads\/2019\/09\/11061943_1454571514845174_6239802734839033212_n.jpg",620,413,false],"portraits":["https:\/\/arantv.az\/wp-content\/uploads\/2019\/09\/11061943_1454571514845174_6239802734839033212_n.jpg",620,413,false],"thumbnail":["https:\/\/arantv.az\/wp-content\/uploads\/2019\/09\/11061943_1454571514845174_6239802734839033212_n-150x150.jpg",150,150,true],"medium":["https:\/\/arantv.az\/wp-content\/uploads\/2019\/09\/11061943_1454571514845174_6239802734839033212_n-300x200.jpg",300,200,true],"large":["https:\/\/arantv.az\/wp-content\/uploads\/2019\/09\/11061943_1454571514845174_6239802734839033212_n.jpg",620,413,false],"1536x1536":["https:\/\/arantv.az\/wp-content\/uploads\/2019\/09\/11061943_1454571514845174_6239802734839033212_n.jpg",620,413,false],"2048x2048":["https:\/\/arantv.az\/wp-content\/uploads\/2019\/09\/11061943_1454571514845174_6239802734839033212_n.jpg",620,413,false],"post-thumbnail":["https:\/\/arantv.az\/wp-content\/uploads\/2019\/09\/11061943_1454571514845174_6239802734839033212_n-240x172.jpg",240,172,true],"advps-thumb-one":["https:\/\/arantv.az\/wp-content\/uploads\/2019\/09\/11061943_1454571514845174_6239802734839033212_n.jpg",620,413,false]},"rttpg_author":{"display_name":"V\u00fcsal Rafiqo\u011flu","author_link":"https:\/\/arantv.az\/?author=2"},"rttpg_comment":0,"rttpg_category":"<a href=\"https:\/\/arantv.az\/?cat=19\" rel=\"category\">G\u00fcnd\u0259m<\/a>","rttpg_excerpt":"Nazirl\u0259r Kabineti &#8220;\u0130ri d\u00f6vl\u0259t \u015firk\u0259tl\u0259rin\u0259 dair vahid m\u0259lumat bazas\u0131n\u0131n formala\u015fd\u0131r\u0131lmas\u0131 v\u0259 ondan istifad\u0259 Qaydalar\u0131&#8221;n\u0131 t\u0259sdiq edib. M\u00fcvafiq\u00a0q\u0259rar\u0131 Ba\u015f nazir Novruz M\u0259mm\u0259dov imzalay\u0131b. Q\u0259rara \u0259sas\u0259n, Az\u0259rbaycan Respublikas\u0131n\u0131n Prezidenti yan\u0131nda V\u0259t\u0259nda\u015flara Xidm\u0259t v\u0259 Sosial \u0130nnovasiyalar \u00fczr\u0259 D\u00f6vl\u0259t Agentliyi &#8220;\u0130ri d\u00f6vl\u0259t \u015firk\u0259tl\u0259rin\u0259 dair vahid m\u0259lumat bazas\u0131&#8221; informasiya sisteminin &#8220;Elektron H\u00f6kum\u0259t&#8221; \u0130nformasiya Sistemin\u0259 inteqrasiyas\u0131 il\u0259 ba\u011fl\u0131 z\u0259ruri t\u0259dbirl\u0259r g\u00f6r\u0259c\u0259k.&hellip;","_links":{"self":[{"href":"https:\/\/arantv.az\/index.php?rest_route=\/wp\/v2\/posts\/77425"}],"collection":[{"href":"https:\/\/arantv.az\/index.php?rest_route=\/wp\/v2\/posts"}],"about":[{"href":"https:\/\/arantv.az\/index.php?rest_route=\/wp\/v2\/types\/post"}],"author":[{"embeddable":true,"href":"https:\/\/arantv.az\/index.php?rest_route=\/wp\/v2\/users\/2"}],"replies":[{"embeddable":true,"href":"https:\/\/arantv.az\/index.php?rest_route=%2Fwp%2Fv2%2Fcomments&post=77425"}],"version-history":[{"count":0,"href":"https:\/\/arantv.az\/index.php?rest_route=\/wp\/v2\/posts\/77425\/revisions"}],"wp:featuredmedia":[{"embeddable":true,"href":"https:\/\/arantv.az\/index.php?rest_route=\/wp\/v2\/media\/77426"}],"wp:attachment":[{"href":"https:\/\/arantv.az\/index.php?rest_route=%2Fwp%2Fv2%2Fmedia&parent=77425"}],"wp:term":[{"taxonomy":"category","embeddable":true,"href":"https:\/\/arantv.az\/index.php?rest_route=%2Fwp%2Fv2%2Fcategories&post=77425"},{"taxonomy":"post_tag","embeddable":true,"href":"https:\/\/arantv.az\/index.php?rest_route=%2Fwp%2Fv2%2Ftags&post=77425"}],"curies":[{"name":"wp","href":"https:\/\/api.w.org\/{rel}","templated":true}]}}