{"id":77428,"date":"2019-09-07T09:09:28","date_gmt":"2019-09-07T06:09:28","guid":{"rendered":"http:\/\/arantv.az\/?p=77428"},"modified":"2019-09-07T09:09:28","modified_gmt":"2019-09-07T06:09:28","slug":"xizi-sakinind%c9%99n-silah-v%c9%99-doyus-sursati-goturuldu-foto","status":"publish","type":"post","link":"https:\/\/arantv.az\/?p=77428","title":{"rendered":"X\u0131z\u0131 sakinind\u0259n silah v\u0259 d\u00f6y\u00fc\u015f sursat\u0131 g\u00f6t\u00fcr\u00fcld\u00fc &#8211; FOTO"},"content":{"rendered":"<p>X\u0131z\u0131 Rayon Polis \u015e\u00f6b\u0259si (RP\u015e) \u0259m\u0259kda\u015flar\u0131 ke\u00e7irdikl\u0259ri \u0259m\u0259liyyat-axtar\u0131\u015f t\u0259dbirl\u0259ri il\u0259 rayon \u0259razisind\u0259 qanunsuz odlu silah v\u0259 d\u00f6y\u00fc\u015f sursat\u0131 saxlamaqda \u015f\u00fcbh\u0259li bilin\u0259n Gil\u0259zi q\u0259s\u0259b\u0259 sakini Elxan Abbasovu saxlay\u0131b.<\/p>\n<p>Daxili \u0130\u015fl\u0259r Nazirliyinin (D\u0130N) m\u0259tbuat xidm\u0259tinin Quba regional qrupundan veril\u0259n m\u0259lumata g\u00f6r\u0259, hal \u015fahidl\u0259rinin i\u015ftirak\u0131 il\u0259 onun q\u0259s\u0259b\u0259 \u0259razisind\u0259 ya\u015fad\u0131\u011f\u0131 fermaya ke\u00e7iril\u0259n bax\u0131\u015f zaman\u0131 oradan bir \u0259d\u0259d \u0259l qumbaras\u0131, bir \u0259d\u0259d partlad\u0131c\u0131, bir \u0259d\u0259d AK-74 markal\u0131 avtomat, 56 \u0259d\u0259d patron v\u0259 iki \u0259d\u0259d sand\u0131qca a\u015fkar edil\u0259r\u0259k g\u00f6t\u00fcr\u00fcl\u00fcb.<\/p>\n<p>Polis \u0259m\u0259kda\u015flar\u0131 t\u0259r\u0259find\u0259n a\u015fkar olunan \u0259l qumbaras\u0131 v\u0259 partlad\u0131c\u0131 saxlan\u0131lmas\u0131 \u00fc\u00e7\u00fcn aidiyy\u0259ti \u00fczr\u0259 ANAMA-n\u0131n \u0259m\u0259kda\u015flar\u0131na t\u0259hvil verilib, odlu silah is\u0259 h\u0259r hans\u0131 bir cinay\u0259t hadis\u0259sind\u0259 istifad\u0259 edilib-edilm\u0259m\u0259sinin ara\u015fd\u0131r\u0131lmas\u0131 \u00fc\u00e7\u00fcn ekspertizaya t\u0259qdim olunub.<\/p>\n<div id=\"AdviadNativeVideo0\" class=\"AdviadNativeVideo\"><\/div>\n<p>\u0130lkin dindirilm\u0259 zaman\u0131 E. Abbasov silah v\u0259 d\u00f6y\u00fc\u015f sursat\u0131n\u0131\u00a0\u00e7ay k\u0259nar\u0131nda tapd\u0131\u011f\u0131n\u0131 bildirib.<\/p>\n<p>Faktla ba\u011fl\u0131 X\u0131z\u0131 RP\u015e-d\u0259 cinay\u0259t i\u015fi a\u00e7\u0131l\u0131b, istintaq davam etdirilir.<\/p>\n<div class=\"gallery\">\n<div class=\"gallery-i\"><img src=\"https:\/\/assets.oxu.az\/uploads\/W1siZiIsIjIwMTkvMDkvMDcvMDkvNDMvMjEvZjZjNTJjZWYtNGIzOS00Mzg3LWE4MGQtNTE4NGM4NzE4YmE4LzY5NzcyNDQzXzIzMzExNDExODM3Njk4NDhfODU4MDgzNDQ0NTM1ODAwNjI3Ml9uLmpwZyJdLFsicCIsImVuY29kZSIsImpwZyIsIi1xdWFsaXR5IDgwIl0sWyJwIiwidGh1bWIiLCI1OTB4NTkwXHUwMDNlIl1d?sha=1d9a4415a5e3a2fc\" alt=\"\" \/><\/p>\n<div class=\"gallery-i-caption\"><\/div>\n<\/div>\n<div class=\"gallery-i\"><img src=\"https:\/\/assets.oxu.az\/uploads\/W1siZiIsIjIwMTkvMDkvMDcvMDkvNDMvMjEvNjg0NzIzODEtMmMyMS00NTYyLTk0YmYtNzY1YjAxMjg3MzliLzcwMTQzNjU3XzIzMzExNDExOTA0MzY1MTRfODcyNjk4NzIwNDU3Mzc5MDIwOF9uLmpwZyJdLFsicCIsImVuY29kZSIsImpwZyIsIi1xdWFsaXR5IDgwIl0sWyJwIiwidGh1bWIiLCI1OTB4NTkwXHUwMDNlIl1d?sha=7c29c8a7ec3bc738\" alt=\"\" \/><\/div>\n<\/div>\n","protected":false},"excerpt":{"rendered":"<p>X\u0131z\u0131 Rayon Polis \u015e\u00f6b\u0259si (RP\u015e) \u0259m\u0259kda\u015flar\u0131 ke\u00e7irdikl\u0259ri \u0259m\u0259liyyat-axtar\u0131\u015f t\u0259dbirl\u0259ri il\u0259 rayon \u0259razisind\u0259 qanunsuz odlu silah v\u0259 d\u00f6y\u00fc\u015f sursat\u0131 saxlamaqda \u015f\u00fcbh\u0259li bilin\u0259n Gil\u0259zi q\u0259s\u0259b\u0259 sakini Elxan Abbasovu saxlay\u0131b. Daxili \u0130\u015fl\u0259r Nazirliyinin (D\u0130N) m\u0259tbuat xidm\u0259tinin Quba regional qrupundan veril\u0259n m\u0259lumata g\u00f6r\u0259, hal \u015fahidl\u0259rinin i\u015ftirak\u0131 il\u0259 onun q\u0259s\u0259b\u0259 \u0259razisind\u0259 ya\u015fad\u0131\u011f\u0131 fermaya ke\u00e7iril\u0259n bax\u0131\u015f zaman\u0131 oradan bir \u0259d\u0259d \u0259l qumbaras\u0131, bir \u0259d\u0259d partlad\u0131c\u0131, bir \u0259d\u0259d AK-74 markal\u0131 avtomat, 56 \u0259d\u0259d patron v\u0259 iki \u0259d\u0259d sand\u0131qca a\u015fkar edil\u0259r\u0259k g\u00f6t\u00fcr\u00fcl\u00fcb. Polis \u0259m\u0259kda\u015flar\u0131 t\u0259r\u0259find\u0259n a\u015fkar olunan \u0259l qumbaras\u0131 v\u0259 partlad\u0131c\u0131 saxlan\u0131lmas\u0131 \u00fc\u00e7\u00fcn aidiyy\u0259ti \u00fczr\u0259 ANAMA-n\u0131n \u0259m\u0259kda\u015flar\u0131na t\u0259hvil&hellip;<\/p>\n","protected":false},"author":2,"featured_media":77429,"comment_status":"closed","ping_status":"closed","sticky":false,"template":"","format":"standard","meta":{"om_disable_all_campaigns":false,"_monsterinsights_skip_tracking":false,"_monsterinsights_sitenote_active":false,"_monsterinsights_sitenote_note":"","_monsterinsights_sitenote_category":0},"categories":[5],"tags":[],"aioseo_notices":[],"gutentor_comment":0,"rttpg_featured_image_url":{"full":["https:\/\/arantv.az\/wp-content\/uploads\/2019\/09\/7-1.jpg",620,413,false],"landscape":["https:\/\/arantv.az\/wp-content\/uploads\/2019\/09\/7-1.jpg",620,413,false],"portraits":["https:\/\/arantv.az\/wp-content\/uploads\/2019\/09\/7-1.jpg",620,413,false],"thumbnail":["https:\/\/arantv.az\/wp-content\/uploads\/2019\/09\/7-1-150x150.jpg",150,150,true],"medium":["https:\/\/arantv.az\/wp-content\/uploads\/2019\/09\/7-1-300x200.jpg",300,200,true],"large":["https:\/\/arantv.az\/wp-content\/uploads\/2019\/09\/7-1.jpg",620,413,false],"1536x1536":["https:\/\/arantv.az\/wp-content\/uploads\/2019\/09\/7-1.jpg",620,413,false],"2048x2048":["https:\/\/arantv.az\/wp-content\/uploads\/2019\/09\/7-1.jpg",620,413,false],"post-thumbnail":["https:\/\/arantv.az\/wp-content\/uploads\/2019\/09\/7-1-240x172.jpg",240,172,true],"advps-thumb-one":["https:\/\/arantv.az\/wp-content\/uploads\/2019\/09\/7-1.jpg",620,413,false]},"rttpg_author":{"display_name":"V\u00fcsal Rafiqo\u011flu","author_link":"https:\/\/arantv.az\/?author=2"},"rttpg_comment":0,"rttpg_category":"<a href=\"https:\/\/arantv.az\/?cat=5\" rel=\"category\">Hadis\u0259<\/a>","rttpg_excerpt":"X\u0131z\u0131 Rayon Polis \u015e\u00f6b\u0259si (RP\u015e) \u0259m\u0259kda\u015flar\u0131 ke\u00e7irdikl\u0259ri \u0259m\u0259liyyat-axtar\u0131\u015f t\u0259dbirl\u0259ri il\u0259 rayon \u0259razisind\u0259 qanunsuz odlu silah v\u0259 d\u00f6y\u00fc\u015f sursat\u0131 saxlamaqda \u015f\u00fcbh\u0259li bilin\u0259n Gil\u0259zi q\u0259s\u0259b\u0259 sakini Elxan Abbasovu saxlay\u0131b. Daxili \u0130\u015fl\u0259r Nazirliyinin (D\u0130N) m\u0259tbuat xidm\u0259tinin Quba regional qrupundan veril\u0259n m\u0259lumata g\u00f6r\u0259, hal \u015fahidl\u0259rinin i\u015ftirak\u0131 il\u0259 onun q\u0259s\u0259b\u0259 \u0259razisind\u0259 ya\u015fad\u0131\u011f\u0131 fermaya ke\u00e7iril\u0259n bax\u0131\u015f zaman\u0131 oradan bir \u0259d\u0259d \u0259l&hellip;","_links":{"self":[{"href":"https:\/\/arantv.az\/index.php?rest_route=\/wp\/v2\/posts\/77428"}],"collection":[{"href":"https:\/\/arantv.az\/index.php?rest_route=\/wp\/v2\/posts"}],"about":[{"href":"https:\/\/arantv.az\/index.php?rest_route=\/wp\/v2\/types\/post"}],"author":[{"embeddable":true,"href":"https:\/\/arantv.az\/index.php?rest_route=\/wp\/v2\/users\/2"}],"replies":[{"embeddable":true,"href":"https:\/\/arantv.az\/index.php?rest_route=%2Fwp%2Fv2%2Fcomments&post=77428"}],"version-history":[{"count":0,"href":"https:\/\/arantv.az\/index.php?rest_route=\/wp\/v2\/posts\/77428\/revisions"}],"wp:featuredmedia":[{"embeddable":true,"href":"https:\/\/arantv.az\/index.php?rest_route=\/wp\/v2\/media\/77429"}],"wp:attachment":[{"href":"https:\/\/arantv.az\/index.php?rest_route=%2Fwp%2Fv2%2Fmedia&parent=77428"}],"wp:term":[{"taxonomy":"category","embeddable":true,"href":"https:\/\/arantv.az\/index.php?rest_route=%2Fwp%2Fv2%2Fcategories&post=77428"},{"taxonomy":"post_tag","embeddable":true,"href":"https:\/\/arantv.az\/index.php?rest_route=%2Fwp%2Fv2%2Ftags&post=77428"}],"curies":[{"name":"wp","href":"https:\/\/api.w.org\/{rel}","templated":true}]}}