{"id":77437,"date":"2019-09-07T09:13:45","date_gmt":"2019-09-07T06:13:45","guid":{"rendered":"http:\/\/arantv.az\/?p=77437"},"modified":"2019-09-07T09:13:45","modified_gmt":"2019-09-07T06:13:45","slug":"qiz-ust%c9%99-dava-22-yasli-g%c9%99nc-qisqanib-bicaga-%c9%99l-atdi","status":"publish","type":"post","link":"https:\/\/arantv.az\/?p=77437","title":{"rendered":"Q\u0131z \u00fcst\u0259 dava &#8211; 22 ya\u015fl\u0131 g\u0259nc q\u0131sqan\u0131b b\u0131\u00e7a\u011fa \u0259l atd\u0131"},"content":{"rendered":"<p>Bak\u0131 A\u011f\u0131r Cinay\u0259tl\u0259r M\u0259hk\u0259m\u0259sind\u0259 q\u0259sd\u0259n adam \u00f6ld\u00fcrm\u0259y\u0259 c\u0259hdd\u0259 t\u0259qsirl\u0259ndiril\u0259n F\u0259rid Musayevin cinay\u0259t i\u015fi \u00fczr\u0259 m\u0259hk\u0259m\u0259 prosesi ba\u015fa \u00e7at\u0131b.<\/p>\n<p><b>ARANTV.AZ<\/b>-\u0131n unikal.org-a istinad\u0259n m\u0259lumat\u0131na g\u00f6r\u0259, hakim Cavid H\u00fcseynovun s\u0259drliyi il\u0259 ke\u00e7iril\u0259n prosesd\u0259 t\u0259qsirl\u0259ndiril\u0259n \u015f\u0259xs\u0259 h\u00f6km oxunub.<\/p>\n<p>M\u0259hk\u0259m\u0259nin h\u00f6km\u00fc il\u0259 F.Musayev 4 il azadl\u0131qdan m\u0259hrum edilib.<\/p>\n<p>\u0130ttihama g\u00f6r\u0259, bu il yanvar\u0131n 30-da \u015eabran rayon \u0259razisind\u0259ki ticar\u0259t m\u0259rk\u0259zinin qar\u015f\u0131s\u0131nda 32 ya\u015fl\u0131 El\u00e7in \u015e\u00fck\u00fcrov sol bazu s\u00fcm\u00fcy\u00fc v\u0259 qar\u0131n bo\u015flu\u011funa ke\u00e7\u0259n, sol b\u00f6yr\u0259yin z\u0259d\u0259l\u0259nm\u0259si, k\u0259silmi\u015f-de\u015filmi\u015f yaras\u0131 il\u0259 \u015eabran Rayon M\u0259rk\u0259zi X\u0259st\u0259xanas\u0131na daxil olub.<\/p>\n<p>Daxil olan m\u0259lumat \u0259sas\u0131nda apar\u0131lan ara\u015fd\u0131rma zaman\u0131 m\u00fc\u0259yy\u0259n edilib ki, yanvar\u0131n 30-u ax\u015fam saat 17 rad\u0259l\u0259rind\u0259 rayon sakini, 22 ya\u015fl\u0131 F\u0259rid Musayevl\u0259 El\u00e7in \u015e\u00fck\u00fcrov aras\u0131nda q\u0131sqancl\u0131q z\u0259minind\u0259 m\u00fcbahis\u0259 yaran\u0131b. N\u0259tic\u0259d\u0259 F.Musayev E.\u015e\u00fck\u00fcrovu \u00f6ld\u00fcrm\u0259k m\u0259qs\u0259dil\u0259 b\u0131\u00e7aqlay\u0131b. M\u0259lum olub ki, m\u00fcbahis\u0259 q\u0131z \u00fcst\u00fcnd\u0259 olub.<\/p>\n<p>F.Musayev Cinay\u0259t M\u0259c\u0259ll\u0259sinin 29, 120.1-ci (q\u0259sd\u0259n adam \u00f6ld\u00fcrm\u0259y\u0259 c\u0259hd) madd\u0259sil\u0259 ittiham olunub.<\/p>\n","protected":false},"excerpt":{"rendered":"<p>Bak\u0131 A\u011f\u0131r Cinay\u0259tl\u0259r M\u0259hk\u0259m\u0259sind\u0259 q\u0259sd\u0259n adam \u00f6ld\u00fcrm\u0259y\u0259 c\u0259hdd\u0259 t\u0259qsirl\u0259ndiril\u0259n F\u0259rid Musayevin cinay\u0259t i\u015fi \u00fczr\u0259 m\u0259hk\u0259m\u0259 prosesi ba\u015fa \u00e7at\u0131b. ARANTV.AZ-\u0131n unikal.org-a istinad\u0259n m\u0259lumat\u0131na g\u00f6r\u0259, hakim Cavid H\u00fcseynovun s\u0259drliyi il\u0259 ke\u00e7iril\u0259n prosesd\u0259 t\u0259qsirl\u0259ndiril\u0259n \u015f\u0259xs\u0259 h\u00f6km oxunub. M\u0259hk\u0259m\u0259nin h\u00f6km\u00fc il\u0259 F.Musayev 4 il azadl\u0131qdan m\u0259hrum edilib. \u0130ttihama g\u00f6r\u0259, bu il yanvar\u0131n 30-da \u015eabran rayon \u0259razisind\u0259ki ticar\u0259t m\u0259rk\u0259zinin qar\u015f\u0131s\u0131nda 32 ya\u015fl\u0131 El\u00e7in \u015e\u00fck\u00fcrov sol bazu s\u00fcm\u00fcy\u00fc v\u0259 qar\u0131n bo\u015flu\u011funa ke\u00e7\u0259n, sol b\u00f6yr\u0259yin z\u0259d\u0259l\u0259nm\u0259si, k\u0259silmi\u015f-de\u015filmi\u015f yaras\u0131 il\u0259 \u015eabran Rayon M\u0259rk\u0259zi X\u0259st\u0259xanas\u0131na daxil olub. Daxil olan m\u0259lumat \u0259sas\u0131nda apar\u0131lan ara\u015fd\u0131rma zaman\u0131 m\u00fc\u0259yy\u0259n edilib ki, yanvar\u0131n 30-u&hellip;<\/p>\n","protected":false},"author":2,"featured_media":77438,"comment_status":"closed","ping_status":"closed","sticky":false,"template":"","format":"standard","meta":{"om_disable_all_campaigns":false,"_monsterinsights_skip_tracking":false,"_monsterinsights_sitenote_active":false,"_monsterinsights_sitenote_note":"","_monsterinsights_sitenote_category":0},"categories":[3],"tags":[],"aioseo_notices":[],"gutentor_comment":0,"rttpg_featured_image_url":{"full":["https:\/\/arantv.az\/wp-content\/uploads\/2019\/09\/15678350781560019665_bicaq.jpg",550,309,false],"landscape":["https:\/\/arantv.az\/wp-content\/uploads\/2019\/09\/15678350781560019665_bicaq.jpg",550,309,false],"portraits":["https:\/\/arantv.az\/wp-content\/uploads\/2019\/09\/15678350781560019665_bicaq.jpg",550,309,false],"thumbnail":["https:\/\/arantv.az\/wp-content\/uploads\/2019\/09\/15678350781560019665_bicaq-150x150.jpg",150,150,true],"medium":["https:\/\/arantv.az\/wp-content\/uploads\/2019\/09\/15678350781560019665_bicaq-300x169.jpg",300,169,true],"large":["https:\/\/arantv.az\/wp-content\/uploads\/2019\/09\/15678350781560019665_bicaq.jpg",550,309,false],"1536x1536":["https:\/\/arantv.az\/wp-content\/uploads\/2019\/09\/15678350781560019665_bicaq.jpg",550,309,false],"2048x2048":["https:\/\/arantv.az\/wp-content\/uploads\/2019\/09\/15678350781560019665_bicaq.jpg",550,309,false],"post-thumbnail":["https:\/\/arantv.az\/wp-content\/uploads\/2019\/09\/15678350781560019665_bicaq-240x172.jpg",240,172,true],"advps-thumb-one":["https:\/\/arantv.az\/wp-content\/uploads\/2019\/09\/15678350781560019665_bicaq.jpg",550,309,false]},"rttpg_author":{"display_name":"V\u00fcsal Rafiqo\u011flu","author_link":"https:\/\/arantv.az\/?author=2"},"rttpg_comment":0,"rttpg_category":"<a href=\"https:\/\/arantv.az\/?cat=3\" rel=\"category\">Kriminal<\/a>","rttpg_excerpt":"Bak\u0131 A\u011f\u0131r Cinay\u0259tl\u0259r M\u0259hk\u0259m\u0259sind\u0259 q\u0259sd\u0259n adam \u00f6ld\u00fcrm\u0259y\u0259 c\u0259hdd\u0259 t\u0259qsirl\u0259ndiril\u0259n F\u0259rid Musayevin cinay\u0259t i\u015fi \u00fczr\u0259 m\u0259hk\u0259m\u0259 prosesi ba\u015fa \u00e7at\u0131b. ARANTV.AZ-\u0131n unikal.org-a istinad\u0259n m\u0259lumat\u0131na g\u00f6r\u0259, hakim Cavid H\u00fcseynovun s\u0259drliyi il\u0259 ke\u00e7iril\u0259n prosesd\u0259 t\u0259qsirl\u0259ndiril\u0259n \u015f\u0259xs\u0259 h\u00f6km oxunub. M\u0259hk\u0259m\u0259nin h\u00f6km\u00fc il\u0259 F.Musayev 4 il azadl\u0131qdan m\u0259hrum edilib. \u0130ttihama g\u00f6r\u0259, bu il yanvar\u0131n 30-da \u015eabran rayon \u0259razisind\u0259ki ticar\u0259t m\u0259rk\u0259zinin qar\u015f\u0131s\u0131nda&hellip;","_links":{"self":[{"href":"https:\/\/arantv.az\/index.php?rest_route=\/wp\/v2\/posts\/77437"}],"collection":[{"href":"https:\/\/arantv.az\/index.php?rest_route=\/wp\/v2\/posts"}],"about":[{"href":"https:\/\/arantv.az\/index.php?rest_route=\/wp\/v2\/types\/post"}],"author":[{"embeddable":true,"href":"https:\/\/arantv.az\/index.php?rest_route=\/wp\/v2\/users\/2"}],"replies":[{"embeddable":true,"href":"https:\/\/arantv.az\/index.php?rest_route=%2Fwp%2Fv2%2Fcomments&post=77437"}],"version-history":[{"count":0,"href":"https:\/\/arantv.az\/index.php?rest_route=\/wp\/v2\/posts\/77437\/revisions"}],"wp:featuredmedia":[{"embeddable":true,"href":"https:\/\/arantv.az\/index.php?rest_route=\/wp\/v2\/media\/77438"}],"wp:attachment":[{"href":"https:\/\/arantv.az\/index.php?rest_route=%2Fwp%2Fv2%2Fmedia&parent=77437"}],"wp:term":[{"taxonomy":"category","embeddable":true,"href":"https:\/\/arantv.az\/index.php?rest_route=%2Fwp%2Fv2%2Fcategories&post=77437"},{"taxonomy":"post_tag","embeddable":true,"href":"https:\/\/arantv.az\/index.php?rest_route=%2Fwp%2Fv2%2Ftags&post=77437"}],"curies":[{"name":"wp","href":"https:\/\/api.w.org\/{rel}","templated":true}]}}