{"id":77446,"date":"2019-09-07T09:43:37","date_gmt":"2019-09-07T06:43:37","guid":{"rendered":"http:\/\/arantv.az\/?p=77446"},"modified":"2019-09-07T09:43:37","modified_gmt":"2019-09-07T06:43:37","slug":"%c9%99li-%c9%99hm%c9%99dov-terrorizmin-aradan-qaldirilmasi-icapp-c%c9%99rciv%c9%99sind%c9%99-muzakir%c9%99-olunacaq-ciddi-m%c9%99s%c9%99l%c9%99dir","status":"publish","type":"post","link":"https:\/\/arantv.az\/?p=77446","title":{"rendered":"\u018fli \u018fhm\u0259dov: &#8220;Terrorizmin aradan qald\u0131r\u0131lmas\u0131 \u0130CAPP \u00e7\u0259r\u00e7iv\u0259sind\u0259 m\u00fczakir\u0259 olunacaq ciddi m\u0259s\u0259l\u0259dir&#8221;"},"content":{"rendered":"<p>&#8220;Etiraf etm\u0259k laz\u0131md\u0131r ki, terrorizm kimi hadis\u0259l\u0259r b\u00fct\u00f6vl\u00fckd\u0259 Asiya siyasi m\u0259d\u0259niyy\u0259tin\u0259 xas olan hal deyil. Lakin t\u0259\u0259ss\u00fcf ki, terrorizmin Asiya qit\u0259sind\u0259 insanlara g\u0259tirdiyi b\u0259lalar\u0131 g\u00f6rm\u0259m\u0259k m\u00fcmk\u00fcn deyil. \u018fmin\u0259m ki, \u0130CCAP bu sah\u0259d\u0259 olan probleml\u0259rin aradan qald\u0131r\u0131lmas\u0131 istiqam\u0259tind\u0259 \u00f6z \u00fcz\u0259rin\u0259 d\u00fc\u015f\u0259n missiyas\u0131n\u0131 laz\u0131m\u0131nca yerin\u0259 yetir\u0259 bilir&#8221;.<\/p>\n<p><strong>ARANTV.AZ<\/strong>\u00a0\u00a0<a href=\"https:\/\/az.trend.az\/\" target=\"_blank\" rel=\"noopener\">Trend<\/a>-\u0259 istinad\u0259n x\u0259b\u0259r verir ki, bunu Ba\u015f Nazirin m\u00fcavini, YAP s\u0259drinin m\u00fcavini-icra katibi \u018fli \u018fhm\u0259dov Bak\u0131da ke\u00e7iril\u0259n Asiya Siyasi Partiyalar\u0131n\u0131n Beyn\u0259lxalq Konfrans\u0131n\u0131n (\u0130CAPP &#8211; \u0130nternational Conference of Asian Political Parties) G\u0259ncl\u0259r Qolunun 5-ci v\u0259 Qad\u0131nlar Qolunun 6-c\u0131 iclas\u0131n\u0131n a\u00e7\u0131l\u0131\u015f\u0131nda \u00e7\u0131x\u0131\u015f ed\u0259rk\u0259n deyib.<\/p>\n<p>\u018f.\u018fhm\u0259dov vur\u011fulay\u0131b ki, b\u00fct\u00f6vl\u00fckd\u0259 Asiya regionunda bu v\u0259 ya dig\u0259r xarakterli siyasi probleml\u0259rin m\u00fczakir\u0259 olunmas\u0131 n\u00f6qteyi-n\u0259z\u0259rind\u0259n bu konfrans \u0259h\u0259miyy\u0259tli platforman\u0131 t\u0259\u015fkil edir.<\/p>\n<p>Ba\u015f nazirin m\u00fcavini bildirib ki, c\u0259miyy\u0259tin v\u0259 b\u0259\u015f\u0259riyy\u0259tin g\u0259l\u0259c\u0259yini Asiya \u00f6lk\u0259l\u0259rind\u0259 bu g\u00fcn m\u00fc\u015fahid\u0259 olunan inki\u015fafdan ayr\u0131 t\u0259s\u0259vv\u00fcr etm\u0259k m\u00fcmk\u00fcn deyil: &#8220;Regionda olan \u0259n b\u00f6y\u00fck qit\u0259 d\u00fcnyan\u0131n iqtisadiyyat\u0131na, inki\u015faf\u0131na b\u00f6y\u00fck t\u00f6hf\u0259l\u0259r verir. G\u0259l\u0259c\u0259k inki\u015faf n\u00f6qteyi-n\u0259z\u0259rind\u0259n b\u00f6y\u00fck potensial olaraq \u00f6z\u00fcn\u00fc t\u0259qdim etm\u0259kd\u0259dir.<\/p>\n<p>Asiya bir \u00e7ox t\u0259zadlarla m\u00fc\u015fahid\u0259 olunan regiondur. Bir yandan y\u00fcks\u0259k inki\u015faf getdiyi yerd\u0259, dig\u0259r t\u0259r\u0259fd\u0259n inki\u015faf\u0131n gerid\u0259 qald\u0131\u011f\u0131 hallar da narahatl\u0131q yaradan d\u0259r\u0259c\u0259d\u0259 \u00f6z\u00fcn\u00fc g\u00f6st\u0259rir. Bir yanda b\u00f6y\u00fck z\u0259nginlik oldu\u011fu kimi, dig\u0259r t\u0259r\u0259fd\u0259n yoxsulluq m\u00f6vcuddur. Bu da b\u00fct\u00f6vl\u00fckd\u0259 Asiya regionunun r\u0259ngar\u0259ng politraya sahib oldu\u011funu g\u00f6st\u0259rir&#8221;.<\/p>\n<p>\u018f.\u018fhm\u0259dov vur\u011fulay\u0131b ki, Asiyan\u0131n bug\u00fcnk\u00fc reall\u0131qlar\u0131n\u0131 m\u00fczakir\u0259 etm\u0259kl\u0259 yana\u015f\u0131, \u00f6lk\u0259l\u0259ri narahat ed\u0259n probleml\u0259r \u00fcz\u0259rind\u0259 diskussiyalar\u0131n apar\u0131lmas\u0131 regionun g\u0259l\u0259c\u0259k inki\u015faf\u0131 il\u0259 ba\u011fl\u0131 layih\u0259l\u0259rin haz\u0131rlanmas\u0131nda konfrans\u0131n \u00fcz\u0259rin\u0259 b\u00f6y\u00fck i\u015f d\u00fc\u015f\u00fcr: &#8220;X\u00fcsusil\u0259 d\u0259 g\u0259ncl\u0259r v\u0259 qad\u0131nlar problemini ayr\u0131ca vur\u011fulama\u011fa ehtiyac var.<\/p>\n<p>Asiya \u00f6lk\u0259l\u0259ri \u00fc\u00e7\u00fcn xarakterik olan m\u0259s\u0259l\u0259l\u0259rd\u0259n biri d\u0259 \u0259halinin dinamik art\u0131m\u0131 il\u0259 ba\u011fl\u0131 onun t\u0259rkibind\u0259 g\u0259nc insanlar\u0131n x\u00fcsusi \u00e7\u0259kisinin y\u00fcks\u0259k olmas\u0131 il\u0259 \u0259laq\u0259dard\u0131r. Bu da \u0130CAPP-\u0131n f\u0259aliyy\u0259tind\u0259 g\u0259ncl\u0259rl\u0259 ba\u011fl\u0131 g\u00f6r\u00fclm\u0259li olan i\u015fl\u0259rin n\u0259 q\u0259d\u0259r \u0259h\u0259miyy\u0259tli oldu\u011fundan x\u0259b\u0259r verir.<\/p>\n<p>Demokratiyan\u0131n, insan haqlar\u0131n\u0131n, siyasi pl\u00fcralizmin inki\u015faf\u0131 istiqam\u0259tind\u0259 \u0130CAPP-\u0131n b\u00f6y\u00fck rolunun olmas\u0131 m\u00fcmk\u00fcnd\u00fcr. Hesab edir\u0259m ki, regiona daxil olan \u00f6lk\u0259l\u0259rin inki\u015faf\u0131n\u0131n t\u0259min edilm\u0259sinin \u00e7ox ciddi \u015f\u0259rtl\u0259rind\u0259n biri siyasi pl\u00fcralizmin inki\u015faf etdirilm\u0259si, demokratiyan\u0131n, insan haqlar\u0131n\u0131n inki\u015faf etdirilm\u0259sin\u0259 d\u0259st\u0259k verilm\u0259si il\u0259 ba\u011fl\u0131d\u0131r. Bir yandan iqtisadi potensial\u0131n daha da g\u00fccl\u0259ndirilm\u0259si, texnoloji inki\u015faf\u0131n t\u0259min edilm\u0259si, dig\u0259r t\u0259r\u0259fd\u0259n b\u00f6lg\u0259d\u0259 m\u00fc\u015fahid\u0259 olunan b\u00f6y\u00fck f\u0259rql\u0259 gerid\u0259 qalma \u0130CAPP-\u0131 d\u00fc\u015f\u00fcnd\u00fcr\u0259n, diskussiyaya s\u0259b\u0259b olan c\u0259h\u0259tl\u0259rd\u0259n biridir.<\/p>\n<p>Bizi narahat ed\u0259n, b\u00fct\u00f6vl\u00fckd\u0259 region \u00fc\u00e7\u00fcn problem\u0259 \u00e7evril\u0259n terrorizm kimi hallar\u0131n aradan qald\u0131r\u0131lmas\u0131 da y\u0259qin ki, \u0130CAPP \u00e7\u0259r\u00e7iv\u0259sind\u0259 m\u00fczakir\u0259 olunacaq ciddi m\u0259s\u0259l\u0259l\u0259rdir&#8221;.<\/p>\n","protected":false},"excerpt":{"rendered":"<p>&#8220;Etiraf etm\u0259k laz\u0131md\u0131r ki, terrorizm kimi hadis\u0259l\u0259r b\u00fct\u00f6vl\u00fckd\u0259 Asiya siyasi m\u0259d\u0259niyy\u0259tin\u0259 xas olan hal deyil. Lakin t\u0259\u0259ss\u00fcf ki, terrorizmin Asiya qit\u0259sind\u0259 insanlara g\u0259tirdiyi b\u0259lalar\u0131 g\u00f6rm\u0259m\u0259k m\u00fcmk\u00fcn deyil. \u018fmin\u0259m ki, \u0130CCAP bu sah\u0259d\u0259 olan probleml\u0259rin aradan qald\u0131r\u0131lmas\u0131 istiqam\u0259tind\u0259 \u00f6z \u00fcz\u0259rin\u0259 d\u00fc\u015f\u0259n missiyas\u0131n\u0131 laz\u0131m\u0131nca yerin\u0259 yetir\u0259 bilir&#8221;. ARANTV.AZ\u00a0\u00a0Trend-\u0259 istinad\u0259n x\u0259b\u0259r verir ki, bunu Ba\u015f Nazirin m\u00fcavini, YAP s\u0259drinin m\u00fcavini-icra katibi \u018fli \u018fhm\u0259dov Bak\u0131da ke\u00e7iril\u0259n Asiya Siyasi Partiyalar\u0131n\u0131n Beyn\u0259lxalq Konfrans\u0131n\u0131n (\u0130CAPP &#8211; \u0130nternational Conference of Asian Political Parties) G\u0259ncl\u0259r Qolunun 5-ci v\u0259 Qad\u0131nlar Qolunun 6-c\u0131 iclas\u0131n\u0131n a\u00e7\u0131l\u0131\u015f\u0131nda \u00e7\u0131x\u0131\u015f ed\u0259rk\u0259n deyib. \u018f.\u018fhm\u0259dov vur\u011fulay\u0131b ki,&hellip;<\/p>\n","protected":false},"author":2,"featured_media":77447,"comment_status":"closed","ping_status":"closed","sticky":false,"template":"","format":"standard","meta":{"om_disable_all_campaigns":false,"_monsterinsights_skip_tracking":false,"_monsterinsights_sitenote_active":false,"_monsterinsights_sitenote_note":"","_monsterinsights_sitenote_category":0},"categories":[19],"tags":[],"aioseo_notices":[],"gutentor_comment":0,"rttpg_featured_image_url":{"full":["https:\/\/arantv.az\/wp-content\/uploads\/2019\/09\/763972-1.jpg",800,600,false],"landscape":["https:\/\/arantv.az\/wp-content\/uploads\/2019\/09\/763972-1.jpg",800,600,false],"portraits":["https:\/\/arantv.az\/wp-content\/uploads\/2019\/09\/763972-1.jpg",800,600,false],"thumbnail":["https:\/\/arantv.az\/wp-content\/uploads\/2019\/09\/763972-1-150x150.jpg",150,150,true],"medium":["https:\/\/arantv.az\/wp-content\/uploads\/2019\/09\/763972-1-300x225.jpg",300,225,true],"large":["https:\/\/arantv.az\/wp-content\/uploads\/2019\/09\/763972-1.jpg",640,480,false],"1536x1536":["https:\/\/arantv.az\/wp-content\/uploads\/2019\/09\/763972-1.jpg",800,600,false],"2048x2048":["https:\/\/arantv.az\/wp-content\/uploads\/2019\/09\/763972-1.jpg",800,600,false],"post-thumbnail":["https:\/\/arantv.az\/wp-content\/uploads\/2019\/09\/763972-1-240x172.jpg",240,172,true],"advps-thumb-one":["https:\/\/arantv.az\/wp-content\/uploads\/2019\/09\/763972-1.jpg",800,600,false]},"rttpg_author":{"display_name":"V\u00fcsal Rafiqo\u011flu","author_link":"https:\/\/arantv.az\/?author=2"},"rttpg_comment":0,"rttpg_category":"<a href=\"https:\/\/arantv.az\/?cat=19\" rel=\"category\">G\u00fcnd\u0259m<\/a>","rttpg_excerpt":"&#8220;Etiraf etm\u0259k laz\u0131md\u0131r ki, terrorizm kimi hadis\u0259l\u0259r b\u00fct\u00f6vl\u00fckd\u0259 Asiya siyasi m\u0259d\u0259niyy\u0259tin\u0259 xas olan hal deyil. Lakin t\u0259\u0259ss\u00fcf ki, terrorizmin Asiya qit\u0259sind\u0259 insanlara g\u0259tirdiyi b\u0259lalar\u0131 g\u00f6rm\u0259m\u0259k m\u00fcmk\u00fcn deyil. \u018fmin\u0259m ki, \u0130CCAP bu sah\u0259d\u0259 olan probleml\u0259rin aradan qald\u0131r\u0131lmas\u0131 istiqam\u0259tind\u0259 \u00f6z \u00fcz\u0259rin\u0259 d\u00fc\u015f\u0259n missiyas\u0131n\u0131 laz\u0131m\u0131nca yerin\u0259 yetir\u0259 bilir&#8221;. ARANTV.AZ\u00a0\u00a0Trend-\u0259 istinad\u0259n x\u0259b\u0259r verir ki, bunu Ba\u015f Nazirin m\u00fcavini, YAP&hellip;","_links":{"self":[{"href":"https:\/\/arantv.az\/index.php?rest_route=\/wp\/v2\/posts\/77446"}],"collection":[{"href":"https:\/\/arantv.az\/index.php?rest_route=\/wp\/v2\/posts"}],"about":[{"href":"https:\/\/arantv.az\/index.php?rest_route=\/wp\/v2\/types\/post"}],"author":[{"embeddable":true,"href":"https:\/\/arantv.az\/index.php?rest_route=\/wp\/v2\/users\/2"}],"replies":[{"embeddable":true,"href":"https:\/\/arantv.az\/index.php?rest_route=%2Fwp%2Fv2%2Fcomments&post=77446"}],"version-history":[{"count":0,"href":"https:\/\/arantv.az\/index.php?rest_route=\/wp\/v2\/posts\/77446\/revisions"}],"wp:featuredmedia":[{"embeddable":true,"href":"https:\/\/arantv.az\/index.php?rest_route=\/wp\/v2\/media\/77447"}],"wp:attachment":[{"href":"https:\/\/arantv.az\/index.php?rest_route=%2Fwp%2Fv2%2Fmedia&parent=77446"}],"wp:term":[{"taxonomy":"category","embeddable":true,"href":"https:\/\/arantv.az\/index.php?rest_route=%2Fwp%2Fv2%2Fcategories&post=77446"},{"taxonomy":"post_tag","embeddable":true,"href":"https:\/\/arantv.az\/index.php?rest_route=%2Fwp%2Fv2%2Ftags&post=77446"}],"curies":[{"name":"wp","href":"https:\/\/api.w.org\/{rel}","templated":true}]}}