{"id":77463,"date":"2019-09-07T10:02:44","date_gmt":"2019-09-07T07:02:44","guid":{"rendered":"http:\/\/arantv.az\/?p=77463"},"modified":"2019-09-07T10:02:44","modified_gmt":"2019-09-07T07:02:44","slug":"rafael-agayev-karatenin-v%c9%99t%c9%99nind%c9%99-avtoqraf-yagisina-dusdu-video","status":"publish","type":"post","link":"https:\/\/arantv.az\/?p=77463","title":{"rendered":"Rafael A\u011fayev karatenin v\u0259t\u0259nind\u0259 &#8220;avtoqraf ya\u011f\u0131\u015f\u0131&#8221;na d\u00fc\u015fd\u00fc &#8211; V\u0130DEO"},"content":{"rendered":"<p>Yaponiyan\u0131n paytaxt\u0131 Tokioda karate \u00fczr\u0259 Premyer Liqa yar\u0131\u015f\u0131 ke\u00e7irilir.<\/p>\n<p><b>ARANTV.AZ\u00a0<\/b>x\u0259b\u0259r verir ki, be\u015fqat d\u00fcnya, 11 qat Avropa \u00e7empionu olan idman\u00e7\u0131m\u0131z Rafael A\u011fayev xarici mediaya m\u00fcsahib\u0259 verdikd\u0259n sonra karatenin v\u0259t\u0259nind\u0259 avtoqraf ya\u011f\u0131\u015f\u0131na m\u0259ruz qal\u0131b.<\/p>\n<p>Bel\u0259 ki, yapon u\u015faqlar v\u0259 onlar\u0131n valideynl\u0259ri d\u00fcnya karatesinin &#8220;Brilyant&#8221;\u0131 adland\u0131r\u0131lan tan\u0131nm\u0131\u015f idman\u00e7\u0131m\u0131z\u0131 \u0259hat\u0259sin\u0259 alaraq ondan avtoqraf ist\u0259yib, \u015f\u0259kil \u00e7\u0259kdirib.<\/p>\n<div><iframe loading=\"lazy\" src=\"https:\/\/www.youtube.com\/embed\/Nu8k19Ze57I\" width=\"693\" height=\"392\" frameborder=\"0\" allowfullscreen=\"allowfullscreen\" data-mce-fragment=\"1\"><\/iframe><\/div>\n<p>Qeyd ed\u0259k ki, Rafael A\u011fayev Olimpiadaya reytinq xal\u0131 qazand\u0131ran Premyer Liqan\u0131n final\u0131na \u00e7\u0131x\u0131b. O, sabah 75 kq \u00e7\u0259ki d\u0259r\u0259c\u0259sind\u0259 \u0259z\u0259li r\u0259qibl\u0259rind\u0259n olan yaponiyal\u0131 Ken Nishimura il\u0259 qar\u015f\u0131la\u015facaq.oxu.az<\/p>\n","protected":false},"excerpt":{"rendered":"<p>Yaponiyan\u0131n paytaxt\u0131 Tokioda karate \u00fczr\u0259 Premyer Liqa yar\u0131\u015f\u0131 ke\u00e7irilir. ARANTV.AZ\u00a0x\u0259b\u0259r verir ki, be\u015fqat d\u00fcnya, 11 qat Avropa \u00e7empionu olan idman\u00e7\u0131m\u0131z Rafael A\u011fayev xarici mediaya m\u00fcsahib\u0259 verdikd\u0259n sonra karatenin v\u0259t\u0259nind\u0259 avtoqraf ya\u011f\u0131\u015f\u0131na m\u0259ruz qal\u0131b. Bel\u0259 ki, yapon u\u015faqlar v\u0259 onlar\u0131n valideynl\u0259ri d\u00fcnya karatesinin &#8220;Brilyant&#8221;\u0131 adland\u0131r\u0131lan tan\u0131nm\u0131\u015f idman\u00e7\u0131m\u0131z\u0131 \u0259hat\u0259sin\u0259 alaraq ondan avtoqraf ist\u0259yib, \u015f\u0259kil \u00e7\u0259kdirib. Qeyd ed\u0259k ki, Rafael A\u011fayev Olimpiadaya reytinq xal\u0131 qazand\u0131ran Premyer Liqan\u0131n final\u0131na \u00e7\u0131x\u0131b. O, sabah 75 kq \u00e7\u0259ki d\u0259r\u0259c\u0259sind\u0259 \u0259z\u0259li r\u0259qibl\u0259rind\u0259n olan yaponiyal\u0131 Ken Nishimura il\u0259 qar\u015f\u0131la\u015facaq.oxu.az<\/p>\n","protected":false},"author":2,"featured_media":77464,"comment_status":"closed","ping_status":"closed","sticky":false,"template":"","format":"standard","meta":{"om_disable_all_campaigns":false,"_monsterinsights_skip_tracking":false,"_monsterinsights_sitenote_active":false,"_monsterinsights_sitenote_note":"","_monsterinsights_sitenote_category":0},"categories":[6],"tags":[],"aioseo_notices":[],"gutentor_comment":0,"rttpg_featured_image_url":{"full":["https:\/\/arantv.az\/wp-content\/uploads\/2019\/09\/69551762_2514356325269484_1245799777245855744_n.jpg",620,465,false],"landscape":["https:\/\/arantv.az\/wp-content\/uploads\/2019\/09\/69551762_2514356325269484_1245799777245855744_n.jpg",620,465,false],"portraits":["https:\/\/arantv.az\/wp-content\/uploads\/2019\/09\/69551762_2514356325269484_1245799777245855744_n.jpg",620,465,false],"thumbnail":["https:\/\/arantv.az\/wp-content\/uploads\/2019\/09\/69551762_2514356325269484_1245799777245855744_n-150x150.jpg",150,150,true],"medium":["https:\/\/arantv.az\/wp-content\/uploads\/2019\/09\/69551762_2514356325269484_1245799777245855744_n-300x225.jpg",300,225,true],"large":["https:\/\/arantv.az\/wp-content\/uploads\/2019\/09\/69551762_2514356325269484_1245799777245855744_n.jpg",620,465,false],"1536x1536":["https:\/\/arantv.az\/wp-content\/uploads\/2019\/09\/69551762_2514356325269484_1245799777245855744_n.jpg",620,465,false],"2048x2048":["https:\/\/arantv.az\/wp-content\/uploads\/2019\/09\/69551762_2514356325269484_1245799777245855744_n.jpg",620,465,false],"post-thumbnail":["https:\/\/arantv.az\/wp-content\/uploads\/2019\/09\/69551762_2514356325269484_1245799777245855744_n-240x172.jpg",240,172,true],"advps-thumb-one":["https:\/\/arantv.az\/wp-content\/uploads\/2019\/09\/69551762_2514356325269484_1245799777245855744_n.jpg",620,465,false]},"rttpg_author":{"display_name":"V\u00fcsal Rafiqo\u011flu","author_link":"https:\/\/arantv.az\/?author=2"},"rttpg_comment":0,"rttpg_category":"<a href=\"https:\/\/arantv.az\/?cat=6\" rel=\"category\">\u0130dman<\/a>","rttpg_excerpt":"Yaponiyan\u0131n paytaxt\u0131 Tokioda karate \u00fczr\u0259 Premyer Liqa yar\u0131\u015f\u0131 ke\u00e7irilir. ARANTV.AZ\u00a0x\u0259b\u0259r verir ki, be\u015fqat d\u00fcnya, 11 qat Avropa \u00e7empionu olan idman\u00e7\u0131m\u0131z Rafael A\u011fayev xarici mediaya m\u00fcsahib\u0259 verdikd\u0259n sonra karatenin v\u0259t\u0259nind\u0259 avtoqraf ya\u011f\u0131\u015f\u0131na m\u0259ruz qal\u0131b. Bel\u0259 ki, yapon u\u015faqlar v\u0259 onlar\u0131n valideynl\u0259ri d\u00fcnya karatesinin &#8220;Brilyant&#8221;\u0131 adland\u0131r\u0131lan tan\u0131nm\u0131\u015f idman\u00e7\u0131m\u0131z\u0131 \u0259hat\u0259sin\u0259 alaraq ondan avtoqraf ist\u0259yib, \u015f\u0259kil \u00e7\u0259kdirib. Qeyd ed\u0259k&hellip;","_links":{"self":[{"href":"https:\/\/arantv.az\/index.php?rest_route=\/wp\/v2\/posts\/77463"}],"collection":[{"href":"https:\/\/arantv.az\/index.php?rest_route=\/wp\/v2\/posts"}],"about":[{"href":"https:\/\/arantv.az\/index.php?rest_route=\/wp\/v2\/types\/post"}],"author":[{"embeddable":true,"href":"https:\/\/arantv.az\/index.php?rest_route=\/wp\/v2\/users\/2"}],"replies":[{"embeddable":true,"href":"https:\/\/arantv.az\/index.php?rest_route=%2Fwp%2Fv2%2Fcomments&post=77463"}],"version-history":[{"count":0,"href":"https:\/\/arantv.az\/index.php?rest_route=\/wp\/v2\/posts\/77463\/revisions"}],"wp:featuredmedia":[{"embeddable":true,"href":"https:\/\/arantv.az\/index.php?rest_route=\/wp\/v2\/media\/77464"}],"wp:attachment":[{"href":"https:\/\/arantv.az\/index.php?rest_route=%2Fwp%2Fv2%2Fmedia&parent=77463"}],"wp:term":[{"taxonomy":"category","embeddable":true,"href":"https:\/\/arantv.az\/index.php?rest_route=%2Fwp%2Fv2%2Fcategories&post=77463"},{"taxonomy":"post_tag","embeddable":true,"href":"https:\/\/arantv.az\/index.php?rest_route=%2Fwp%2Fv2%2Ftags&post=77463"}],"curies":[{"name":"wp","href":"https:\/\/api.w.org\/{rel}","templated":true}]}}