{"id":77467,"date":"2019-09-07T10:25:29","date_gmt":"2019-09-07T07:25:29","guid":{"rendered":"http:\/\/arantv.az\/?p=77467"},"modified":"2019-09-07T10:25:29","modified_gmt":"2019-09-07T07:25:29","slug":"bakida-qadin-basi-k%c9%99sil%c9%99r%c9%99k-q%c9%99tl%c9%99-yetirildi","status":"publish","type":"post","link":"https:\/\/arantv.az\/?p=77467","title":{"rendered":"Bak\u0131da qad\u0131n ba\u015f\u0131 k\u0259sil\u0259r\u0259k q\u0259tl\u0259 yetirildi"},"content":{"rendered":"<p>Hadis\u0259 paytaxt\u0131n Sabun\u00e7u rayonunda qeyd\u0259 al\u0131n\u0131b<\/p>\n<p>Bak\u0131da q\u0259tl t\u00f6r\u0259dilib.<\/p>\n<p>Hadis\u0259 paytaxt\u0131n Sabun\u00e7u rayonunda qeyd\u0259 al\u0131n\u0131b.<\/p>\n<p>Bak\u0131 \u015f\u0259h\u0259r sakini, 1984-c\u00fc il t\u0259v\u0259ll\u00fcdl\u00fc G\u00fcnel Ba\u011f\u0131rova q\u0131sqancl\u0131q z\u0259minind\u0259 ba\u015f\u0131 k\u0259sil\u0259r\u0259k q\u0259tl\u0259 yetirilib. Hadis\u0259ni t\u00f6r\u0259d\u0259n \u015f\u0259xsin kimliyi h\u0259l\u0259lik m\u0259lum deyil.<\/p>\n<p>Faktla ba\u011fl\u0131 Sabun\u00e7u rayon Prokurorlu\u011funda Cinay\u0259t M\u0259c\u0259ll\u0259sinin 120.1-ci (q\u0259sd\u0259n adam \u00f6ld\u00fcrm\u0259) madd\u0259si il\u0259 cinay\u0259t i\u015fi ba\u015flan\u0131l\u0131b. (APA)<\/p>\n","protected":false},"excerpt":{"rendered":"<p>Hadis\u0259 paytaxt\u0131n Sabun\u00e7u rayonunda qeyd\u0259 al\u0131n\u0131b Bak\u0131da q\u0259tl t\u00f6r\u0259dilib. Hadis\u0259 paytaxt\u0131n Sabun\u00e7u rayonunda qeyd\u0259 al\u0131n\u0131b. Bak\u0131 \u015f\u0259h\u0259r sakini, 1984-c\u00fc il t\u0259v\u0259ll\u00fcdl\u00fc G\u00fcnel Ba\u011f\u0131rova q\u0131sqancl\u0131q z\u0259minind\u0259 ba\u015f\u0131 k\u0259sil\u0259r\u0259k q\u0259tl\u0259 yetirilib. Hadis\u0259ni t\u00f6r\u0259d\u0259n \u015f\u0259xsin kimliyi h\u0259l\u0259lik m\u0259lum deyil. Faktla ba\u011fl\u0131 Sabun\u00e7u rayon Prokurorlu\u011funda Cinay\u0259t M\u0259c\u0259ll\u0259sinin 120.1-ci (q\u0259sd\u0259n adam \u00f6ld\u00fcrm\u0259) madd\u0259si il\u0259 cinay\u0259t i\u015fi ba\u015flan\u0131l\u0131b. (APA)<\/p>\n","protected":false},"author":2,"featured_media":77468,"comment_status":"closed","ping_status":"closed","sticky":false,"template":"","format":"standard","meta":{"om_disable_all_campaigns":false,"_monsterinsights_skip_tracking":false,"_monsterinsights_sitenote_active":false,"_monsterinsights_sitenote_note":"","_monsterinsights_sitenote_category":0},"categories":[3],"tags":[],"aioseo_notices":[],"gutentor_comment":0,"rttpg_featured_image_url":{"full":["https:\/\/arantv.az\/wp-content\/uploads\/2019\/09\/945d7350e6ee3ed.jpg",549,309,false],"landscape":["https:\/\/arantv.az\/wp-content\/uploads\/2019\/09\/945d7350e6ee3ed.jpg",549,309,false],"portraits":["https:\/\/arantv.az\/wp-content\/uploads\/2019\/09\/945d7350e6ee3ed.jpg",549,309,false],"thumbnail":["https:\/\/arantv.az\/wp-content\/uploads\/2019\/09\/945d7350e6ee3ed-150x150.jpg",150,150,true],"medium":["https:\/\/arantv.az\/wp-content\/uploads\/2019\/09\/945d7350e6ee3ed-300x169.jpg",300,169,true],"large":["https:\/\/arantv.az\/wp-content\/uploads\/2019\/09\/945d7350e6ee3ed.jpg",549,309,false],"1536x1536":["https:\/\/arantv.az\/wp-content\/uploads\/2019\/09\/945d7350e6ee3ed.jpg",549,309,false],"2048x2048":["https:\/\/arantv.az\/wp-content\/uploads\/2019\/09\/945d7350e6ee3ed.jpg",549,309,false],"post-thumbnail":["https:\/\/arantv.az\/wp-content\/uploads\/2019\/09\/945d7350e6ee3ed-240x172.jpg",240,172,true],"advps-thumb-one":["https:\/\/arantv.az\/wp-content\/uploads\/2019\/09\/945d7350e6ee3ed.jpg",549,309,false]},"rttpg_author":{"display_name":"V\u00fcsal Rafiqo\u011flu","author_link":"https:\/\/arantv.az\/?author=2"},"rttpg_comment":0,"rttpg_category":"<a href=\"https:\/\/arantv.az\/?cat=3\" rel=\"category\">Kriminal<\/a>","rttpg_excerpt":"Hadis\u0259 paytaxt\u0131n Sabun\u00e7u rayonunda qeyd\u0259 al\u0131n\u0131b Bak\u0131da q\u0259tl t\u00f6r\u0259dilib. Hadis\u0259 paytaxt\u0131n Sabun\u00e7u rayonunda qeyd\u0259 al\u0131n\u0131b. Bak\u0131 \u015f\u0259h\u0259r sakini, 1984-c\u00fc il t\u0259v\u0259ll\u00fcdl\u00fc G\u00fcnel Ba\u011f\u0131rova q\u0131sqancl\u0131q z\u0259minind\u0259 ba\u015f\u0131 k\u0259sil\u0259r\u0259k q\u0259tl\u0259 yetirilib. Hadis\u0259ni t\u00f6r\u0259d\u0259n \u015f\u0259xsin kimliyi h\u0259l\u0259lik m\u0259lum deyil. Faktla ba\u011fl\u0131 Sabun\u00e7u rayon Prokurorlu\u011funda Cinay\u0259t M\u0259c\u0259ll\u0259sinin 120.1-ci (q\u0259sd\u0259n adam \u00f6ld\u00fcrm\u0259) madd\u0259si il\u0259 cinay\u0259t i\u015fi ba\u015flan\u0131l\u0131b. (APA)","_links":{"self":[{"href":"https:\/\/arantv.az\/index.php?rest_route=\/wp\/v2\/posts\/77467"}],"collection":[{"href":"https:\/\/arantv.az\/index.php?rest_route=\/wp\/v2\/posts"}],"about":[{"href":"https:\/\/arantv.az\/index.php?rest_route=\/wp\/v2\/types\/post"}],"author":[{"embeddable":true,"href":"https:\/\/arantv.az\/index.php?rest_route=\/wp\/v2\/users\/2"}],"replies":[{"embeddable":true,"href":"https:\/\/arantv.az\/index.php?rest_route=%2Fwp%2Fv2%2Fcomments&post=77467"}],"version-history":[{"count":0,"href":"https:\/\/arantv.az\/index.php?rest_route=\/wp\/v2\/posts\/77467\/revisions"}],"wp:featuredmedia":[{"embeddable":true,"href":"https:\/\/arantv.az\/index.php?rest_route=\/wp\/v2\/media\/77468"}],"wp:attachment":[{"href":"https:\/\/arantv.az\/index.php?rest_route=%2Fwp%2Fv2%2Fmedia&parent=77467"}],"wp:term":[{"taxonomy":"category","embeddable":true,"href":"https:\/\/arantv.az\/index.php?rest_route=%2Fwp%2Fv2%2Fcategories&post=77467"},{"taxonomy":"post_tag","embeddable":true,"href":"https:\/\/arantv.az\/index.php?rest_route=%2Fwp%2Fv2%2Ftags&post=77467"}],"curies":[{"name":"wp","href":"https:\/\/api.w.org\/{rel}","templated":true}]}}