{"id":77470,"date":"2019-09-07T10:27:29","date_gmt":"2019-09-07T07:27:29","guid":{"rendered":"http:\/\/arantv.az\/?p=77470"},"modified":"2019-09-07T10:27:29","modified_gmt":"2019-09-07T07:27:29","slug":"iri-dovl%c9%99t-sirk%c9%99tl%c9%99rinin-vahid-m%c9%99lumat-bazasi-yaradilacaq-2","status":"publish","type":"post","link":"https:\/\/arantv.az\/?p=77470","title":{"rendered":"\u0130ri d\u00f6vl\u0259t \u015firk\u0259tl\u0259rinin vahid m\u0259lumat bazas\u0131 yarad\u0131lacaq"},"content":{"rendered":"<p><strong>\u0130ri d\u00f6vl\u0259t \u015firk\u0259tl\u0259rinin maliyy\u0259-t\u0259s\u0259rr\u00fcfat f\u0259aliyy\u0259tind\u0259 \u015f\u0259ffafl\u0131\u011f\u0131n art\u0131r\u0131lmas\u0131n\u0131 t\u0259min etm\u0259k \u00fc\u00e7\u00fcn iri d\u00f6vl\u0259t \u015firk\u0259tl\u0259rin\u0259 dair vahid m\u0259lumat bazas\u0131 formala\u015fd\u0131r\u0131lacaq.<\/strong><\/p>\n<p><strong>ARANTV.AZ<\/strong>\u00a0<a href=\"https:\/\/az.trend.az\/\" target=\"_blank\" rel=\"noopener\">Trend<\/a>-\u0259 istinad\u0259n x\u0259b\u0259r verir ki, bununla \u0259laq\u0259dar Nazirl\u0259r Kabineti &#8220;\u0130ri d\u00f6vl\u0259t \u015firk\u0259tl\u0259rin\u0259 dair vahid m\u0259lumat bazas\u0131n\u0131n formala\u015fd\u0131r\u0131lmas\u0131 v\u0259 ondan istifad\u0259 qaydalar\u0131&#8221;n\u0131 t\u0259sdiql\u0259yib.<\/p>\n<p>Sistem h\u0259m d\u0259 iri d\u00f6vl\u0259t \u015firk\u0259tl\u0259rin\u0259 dair maliyy\u0259, kadr u\u00e7otu v\u0259 da\u015f\u0131nmaz \u0259mlak \u00fczr\u0259 m\u0259lumatlar\u0131n vahid bazada birl\u0259\u015fdirilm\u0259sini, iri d\u00f6vl\u0259t \u015firk\u0259tl\u0259rinin maliyy\u0259-t\u0259s\u0259rr\u00fcfat f\u0259aliyy\u0259tinin m\u00fcqayis\u0259li t\u0259hlil edilm\u0259sini, informasiya sisteminin istifad\u0259\u00e7il\u0259ri t\u0259r\u0259find\u0259n iri d\u00f6vl\u0259t \u015firk\u0259tl\u0259rin\u0259 dair m\u00fcvafiq m\u0259lumatlar\u0131n real vaxt rejimind\u0259 \u0259ld\u0259 edilm\u0259sini t\u0259min edir.<\/p>\n<p>\u0130nformasiya sisteminin operatoru \u018fmlak M\u0259s\u0259l\u0259l\u0259ri D\u00f6vl\u0259t Komit\u0259sidir.<\/p>\n<p>\u0130nformasiya sistemi bir nec\u0259 altsisteml\u0259rd\u0259n ibar\u0259tdir. Kadr u\u00e7otu \u00fczr\u0259 m\u0259lumatlar\u0131 \u00f6z\u00fcnd\u0259 \u0259ks etdir\u0259n altsistemd\u0259 informasiya sisteminin i\u015ftirak\u00e7\u0131lar\u0131na aid \u015ftat vahidi, faktiki i\u015fl\u0259y\u0259nl\u0259rin say\u0131, vakant yerl\u0259rin say\u0131, m\u00fch\u0259ndistexniki hey\u0259tin say\u0131 v\u0259 \u0259m\u0259khaqq\u0131 fondu bar\u0259d\u0259 m\u0259lumatlar \u0259ks olunacaq. Maliyy\u0259 g\u00f6st\u0259ricil\u0259ri \u00fczr\u0259 m\u0259lumatlar\u0131 \u00f6z\u00fcnd\u0259 \u0259ks etdir\u0259n altsistemd\u0259 &#8220;Maliyy\u0259 Hesabatlar\u0131n\u0131n Beyn\u0259lxalq Standartlar\u0131na \u0259sas\u0259n m\u00fchasibat u\u00e7otunun apar\u0131lmas\u0131 Qaydalar\u0131&#8221;na 1 v\u0259 2 n\u00f6mr\u0259li \u0259lav\u0259l\u0259rd\u0259ki hesabat formalar\u0131 v\u0259 bu formalarda g\u00f6st\u0259ril\u0259n m\u0259lumatlar \u0259ks etdiril\u0259c\u0259k. Da\u015f\u0131nmaz \u0259mlaka dair m\u0259lumatlar\u0131 \u00f6z\u00fcnd\u0259 \u0259ks etdir\u0259n altsistemd\u0259 informasiya sisteminin i\u015ftirak\u00e7\u0131lar\u0131na aid da\u015f\u0131nmaz \u0259mlak\u0131n say\u0131, tikilil\u0259rin \u00fcmumi sah\u0259si, istehsal t\u0259yinatl\u0131 binalar\u0131n sah\u0259si, tikilil\u0259rin balans d\u0259y\u0259ri, tikilil\u0259rin qal\u0131q d\u0259y\u0259ri v\u0259 \u00fcmumi torpaq sah\u0259si bar\u0259d\u0259 m\u0259lumatlar \u0259ks etdiril\u0259c\u0259k.<\/p>\n","protected":false},"excerpt":{"rendered":"<p>\u0130ri d\u00f6vl\u0259t \u015firk\u0259tl\u0259rinin maliyy\u0259-t\u0259s\u0259rr\u00fcfat f\u0259aliyy\u0259tind\u0259 \u015f\u0259ffafl\u0131\u011f\u0131n art\u0131r\u0131lmas\u0131n\u0131 t\u0259min etm\u0259k \u00fc\u00e7\u00fcn iri d\u00f6vl\u0259t \u015firk\u0259tl\u0259rin\u0259 dair vahid m\u0259lumat bazas\u0131 formala\u015fd\u0131r\u0131lacaq. ARANTV.AZ\u00a0Trend-\u0259 istinad\u0259n x\u0259b\u0259r verir ki, bununla \u0259laq\u0259dar Nazirl\u0259r Kabineti &#8220;\u0130ri d\u00f6vl\u0259t \u015firk\u0259tl\u0259rin\u0259 dair vahid m\u0259lumat bazas\u0131n\u0131n formala\u015fd\u0131r\u0131lmas\u0131 v\u0259 ondan istifad\u0259 qaydalar\u0131&#8221;n\u0131 t\u0259sdiql\u0259yib. Sistem h\u0259m d\u0259 iri d\u00f6vl\u0259t \u015firk\u0259tl\u0259rin\u0259 dair maliyy\u0259, kadr u\u00e7otu v\u0259 da\u015f\u0131nmaz \u0259mlak \u00fczr\u0259 m\u0259lumatlar\u0131n vahid bazada birl\u0259\u015fdirilm\u0259sini, iri d\u00f6vl\u0259t \u015firk\u0259tl\u0259rinin maliyy\u0259-t\u0259s\u0259rr\u00fcfat f\u0259aliyy\u0259tinin m\u00fcqayis\u0259li t\u0259hlil edilm\u0259sini, informasiya sisteminin istifad\u0259\u00e7il\u0259ri t\u0259r\u0259find\u0259n iri d\u00f6vl\u0259t \u015firk\u0259tl\u0259rin\u0259 dair m\u00fcvafiq m\u0259lumatlar\u0131n real vaxt rejimind\u0259 \u0259ld\u0259 edilm\u0259sini t\u0259min edir. \u0130nformasiya sisteminin operatoru \u018fmlak M\u0259s\u0259l\u0259l\u0259ri D\u00f6vl\u0259t Komit\u0259sidir.&hellip;<\/p>\n","protected":false},"author":2,"featured_media":77471,"comment_status":"closed","ping_status":"closed","sticky":false,"template":"","format":"standard","meta":{"om_disable_all_campaigns":false,"_monsterinsights_skip_tracking":false,"_monsterinsights_sitenote_active":false,"_monsterinsights_sitenote_note":"","_monsterinsights_sitenote_category":0},"categories":[19],"tags":[],"aioseo_notices":[],"gutentor_comment":0,"rttpg_featured_image_url":{"full":["https:\/\/arantv.az\/wp-content\/uploads\/2019\/09\/784071.jpg",800,600,false],"landscape":["https:\/\/arantv.az\/wp-content\/uploads\/2019\/09\/784071.jpg",800,600,false],"portraits":["https:\/\/arantv.az\/wp-content\/uploads\/2019\/09\/784071.jpg",800,600,false],"thumbnail":["https:\/\/arantv.az\/wp-content\/uploads\/2019\/09\/784071-150x150.jpg",150,150,true],"medium":["https:\/\/arantv.az\/wp-content\/uploads\/2019\/09\/784071-300x225.jpg",300,225,true],"large":["https:\/\/arantv.az\/wp-content\/uploads\/2019\/09\/784071.jpg",640,480,false],"1536x1536":["https:\/\/arantv.az\/wp-content\/uploads\/2019\/09\/784071.jpg",800,600,false],"2048x2048":["https:\/\/arantv.az\/wp-content\/uploads\/2019\/09\/784071.jpg",800,600,false],"post-thumbnail":["https:\/\/arantv.az\/wp-content\/uploads\/2019\/09\/784071-240x172.jpg",240,172,true],"advps-thumb-one":["https:\/\/arantv.az\/wp-content\/uploads\/2019\/09\/784071.jpg",800,600,false]},"rttpg_author":{"display_name":"V\u00fcsal Rafiqo\u011flu","author_link":"https:\/\/arantv.az\/?author=2"},"rttpg_comment":0,"rttpg_category":"<a href=\"https:\/\/arantv.az\/?cat=19\" rel=\"category\">G\u00fcnd\u0259m<\/a>","rttpg_excerpt":"\u0130ri d\u00f6vl\u0259t \u015firk\u0259tl\u0259rinin maliyy\u0259-t\u0259s\u0259rr\u00fcfat f\u0259aliyy\u0259tind\u0259 \u015f\u0259ffafl\u0131\u011f\u0131n art\u0131r\u0131lmas\u0131n\u0131 t\u0259min etm\u0259k \u00fc\u00e7\u00fcn iri d\u00f6vl\u0259t \u015firk\u0259tl\u0259rin\u0259 dair vahid m\u0259lumat bazas\u0131 formala\u015fd\u0131r\u0131lacaq. ARANTV.AZ\u00a0Trend-\u0259 istinad\u0259n x\u0259b\u0259r verir ki, bununla \u0259laq\u0259dar Nazirl\u0259r Kabineti &#8220;\u0130ri d\u00f6vl\u0259t \u015firk\u0259tl\u0259rin\u0259 dair vahid m\u0259lumat bazas\u0131n\u0131n formala\u015fd\u0131r\u0131lmas\u0131 v\u0259 ondan istifad\u0259 qaydalar\u0131&#8221;n\u0131 t\u0259sdiql\u0259yib. Sistem h\u0259m d\u0259 iri d\u00f6vl\u0259t \u015firk\u0259tl\u0259rin\u0259 dair maliyy\u0259, kadr u\u00e7otu v\u0259 da\u015f\u0131nmaz \u0259mlak \u00fczr\u0259 m\u0259lumatlar\u0131n&hellip;","_links":{"self":[{"href":"https:\/\/arantv.az\/index.php?rest_route=\/wp\/v2\/posts\/77470"}],"collection":[{"href":"https:\/\/arantv.az\/index.php?rest_route=\/wp\/v2\/posts"}],"about":[{"href":"https:\/\/arantv.az\/index.php?rest_route=\/wp\/v2\/types\/post"}],"author":[{"embeddable":true,"href":"https:\/\/arantv.az\/index.php?rest_route=\/wp\/v2\/users\/2"}],"replies":[{"embeddable":true,"href":"https:\/\/arantv.az\/index.php?rest_route=%2Fwp%2Fv2%2Fcomments&post=77470"}],"version-history":[{"count":0,"href":"https:\/\/arantv.az\/index.php?rest_route=\/wp\/v2\/posts\/77470\/revisions"}],"wp:featuredmedia":[{"embeddable":true,"href":"https:\/\/arantv.az\/index.php?rest_route=\/wp\/v2\/media\/77471"}],"wp:attachment":[{"href":"https:\/\/arantv.az\/index.php?rest_route=%2Fwp%2Fv2%2Fmedia&parent=77470"}],"wp:term":[{"taxonomy":"category","embeddable":true,"href":"https:\/\/arantv.az\/index.php?rest_route=%2Fwp%2Fv2%2Fcategories&post=77470"},{"taxonomy":"post_tag","embeddable":true,"href":"https:\/\/arantv.az\/index.php?rest_route=%2Fwp%2Fv2%2Ftags&post=77470"}],"curies":[{"name":"wp","href":"https:\/\/api.w.org\/{rel}","templated":true}]}}