{"id":77476,"date":"2019-09-07T10:46:14","date_gmt":"2019-09-07T07:46:14","guid":{"rendered":"http:\/\/arantv.az\/?p=77476"},"modified":"2019-09-07T10:46:14","modified_gmt":"2019-09-07T07:46:14","slug":"t%c9%99hsil-nazirind%c9%99n-yeni-t%c9%99yinat-2","status":"publish","type":"post","link":"https:\/\/arantv.az\/?p=77476","title":{"rendered":"T\u0259hsil nazirind\u0259n yeni &#8211; T\u018fY\u0130NAT"},"content":{"rendered":"<p>T\u0259hsil Nazirliyind\u0259 kadr d\u0259yi\u015fikliyi olub.<\/p>\n<p><strong>ARANTV.AZ-<\/strong>\u0131n m\u0259lumat\u0131na g\u00f6r\u0259, bu bar\u0259d\u0259 m\u00fcvafiq \u0259mri T\u0259hsil naziri Ceyhun Bayramov imzalay\u0131b.<\/p>\n<p>\u018fmr\u0259 \u0259sas\u0259n, Fazil Zeynalov K\u0259lb\u0259c\u0259r Rayon T\u0259hsil \u015e\u00f6b\u0259sinin m\u00fcdiri t\u0259yin olunub.<\/p>\n<div id=\"AdviadNativeVideo0\" class=\"AdviadNativeVideo\"><\/div>\n<p>O, bundan \u0259vv\u0259l K\u0259lb\u0259c\u0259r Rayon T\u0259hsil \u015e\u00f6b\u0259sind\u0259 ba\u015f m\u0259sl\u0259h\u0259t\u00e7i i\u015fl\u0259yib.<\/p>\n<p>Qeyd ed\u0259k ki,\u00a0bir m\u00fcdd\u0259t \u0259vv\u0259l Ceyhun Bayramovun \u0259mrin\u0259 \u0259sas\u0259n, Elmira \u018fv\u0259z q\u0131z\u0131 \u015e\u00fck\u00fcrova ya\u015fa g\u00f6r\u0259 v\u0259zif\u0259sind\u0259n azad edilib. oxu.az<\/p>\n","protected":false},"excerpt":{"rendered":"<p>T\u0259hsil Nazirliyind\u0259 kadr d\u0259yi\u015fikliyi olub. ARANTV.AZ-\u0131n m\u0259lumat\u0131na g\u00f6r\u0259, bu bar\u0259d\u0259 m\u00fcvafiq \u0259mri T\u0259hsil naziri Ceyhun Bayramov imzalay\u0131b. \u018fmr\u0259 \u0259sas\u0259n, Fazil Zeynalov K\u0259lb\u0259c\u0259r Rayon T\u0259hsil \u015e\u00f6b\u0259sinin m\u00fcdiri t\u0259yin olunub. O, bundan \u0259vv\u0259l K\u0259lb\u0259c\u0259r Rayon T\u0259hsil \u015e\u00f6b\u0259sind\u0259 ba\u015f m\u0259sl\u0259h\u0259t\u00e7i i\u015fl\u0259yib. Qeyd ed\u0259k ki,\u00a0bir m\u00fcdd\u0259t \u0259vv\u0259l Ceyhun Bayramovun \u0259mrin\u0259 \u0259sas\u0259n, Elmira \u018fv\u0259z q\u0131z\u0131 \u015e\u00fck\u00fcrova ya\u015fa g\u00f6r\u0259 v\u0259zif\u0259sind\u0259n azad edilib. oxu.az<\/p>\n","protected":false},"author":2,"featured_media":77477,"comment_status":"closed","ping_status":"closed","sticky":false,"template":"","format":"standard","meta":{"om_disable_all_campaigns":false,"_monsterinsights_skip_tracking":false,"_monsterinsights_sitenote_active":false,"_monsterinsights_sitenote_note":"","_monsterinsights_sitenote_category":0},"categories":[23],"tags":[],"aioseo_notices":[],"gutentor_comment":0,"rttpg_featured_image_url":{"full":["https:\/\/arantv.az\/wp-content\/uploads\/2019\/09\/ceyhun.jpg",620,412,false],"landscape":["https:\/\/arantv.az\/wp-content\/uploads\/2019\/09\/ceyhun.jpg",620,412,false],"portraits":["https:\/\/arantv.az\/wp-content\/uploads\/2019\/09\/ceyhun.jpg",620,412,false],"thumbnail":["https:\/\/arantv.az\/wp-content\/uploads\/2019\/09\/ceyhun-150x150.jpg",150,150,true],"medium":["https:\/\/arantv.az\/wp-content\/uploads\/2019\/09\/ceyhun-300x199.jpg",300,199,true],"large":["https:\/\/arantv.az\/wp-content\/uploads\/2019\/09\/ceyhun.jpg",620,412,false],"1536x1536":["https:\/\/arantv.az\/wp-content\/uploads\/2019\/09\/ceyhun.jpg",620,412,false],"2048x2048":["https:\/\/arantv.az\/wp-content\/uploads\/2019\/09\/ceyhun.jpg",620,412,false],"post-thumbnail":["https:\/\/arantv.az\/wp-content\/uploads\/2019\/09\/ceyhun-240x172.jpg",240,172,true],"advps-thumb-one":["https:\/\/arantv.az\/wp-content\/uploads\/2019\/09\/ceyhun.jpg",620,412,false]},"rttpg_author":{"display_name":"V\u00fcsal Rafiqo\u011flu","author_link":"https:\/\/arantv.az\/?author=2"},"rttpg_comment":0,"rttpg_category":"<a href=\"https:\/\/arantv.az\/?cat=23\" rel=\"category\">T\u0259hsil<\/a>","rttpg_excerpt":"T\u0259hsil Nazirliyind\u0259 kadr d\u0259yi\u015fikliyi olub. ARANTV.AZ-\u0131n m\u0259lumat\u0131na g\u00f6r\u0259, bu bar\u0259d\u0259 m\u00fcvafiq \u0259mri T\u0259hsil naziri Ceyhun Bayramov imzalay\u0131b. \u018fmr\u0259 \u0259sas\u0259n, Fazil Zeynalov K\u0259lb\u0259c\u0259r Rayon T\u0259hsil \u015e\u00f6b\u0259sinin m\u00fcdiri t\u0259yin olunub. O, bundan \u0259vv\u0259l K\u0259lb\u0259c\u0259r Rayon T\u0259hsil \u015e\u00f6b\u0259sind\u0259 ba\u015f m\u0259sl\u0259h\u0259t\u00e7i i\u015fl\u0259yib. Qeyd ed\u0259k ki,\u00a0bir m\u00fcdd\u0259t \u0259vv\u0259l Ceyhun Bayramovun \u0259mrin\u0259 \u0259sas\u0259n, Elmira \u018fv\u0259z q\u0131z\u0131 \u015e\u00fck\u00fcrova ya\u015fa g\u00f6r\u0259 v\u0259zif\u0259sind\u0259n azad&hellip;","_links":{"self":[{"href":"https:\/\/arantv.az\/index.php?rest_route=\/wp\/v2\/posts\/77476"}],"collection":[{"href":"https:\/\/arantv.az\/index.php?rest_route=\/wp\/v2\/posts"}],"about":[{"href":"https:\/\/arantv.az\/index.php?rest_route=\/wp\/v2\/types\/post"}],"author":[{"embeddable":true,"href":"https:\/\/arantv.az\/index.php?rest_route=\/wp\/v2\/users\/2"}],"replies":[{"embeddable":true,"href":"https:\/\/arantv.az\/index.php?rest_route=%2Fwp%2Fv2%2Fcomments&post=77476"}],"version-history":[{"count":0,"href":"https:\/\/arantv.az\/index.php?rest_route=\/wp\/v2\/posts\/77476\/revisions"}],"wp:featuredmedia":[{"embeddable":true,"href":"https:\/\/arantv.az\/index.php?rest_route=\/wp\/v2\/media\/77477"}],"wp:attachment":[{"href":"https:\/\/arantv.az\/index.php?rest_route=%2Fwp%2Fv2%2Fmedia&parent=77476"}],"wp:term":[{"taxonomy":"category","embeddable":true,"href":"https:\/\/arantv.az\/index.php?rest_route=%2Fwp%2Fv2%2Fcategories&post=77476"},{"taxonomy":"post_tag","embeddable":true,"href":"https:\/\/arantv.az\/index.php?rest_route=%2Fwp%2Fv2%2Ftags&post=77476"}],"curies":[{"name":"wp","href":"https:\/\/api.w.org\/{rel}","templated":true}]}}