{"id":77486,"date":"2019-09-07T11:27:40","date_gmt":"2019-09-07T08:27:40","guid":{"rendered":"http:\/\/arantv.az\/?p=77486"},"modified":"2019-09-07T11:27:40","modified_gmt":"2019-09-07T08:27:40","slug":"ramil-quliyev-brusseld%c9%99-movsumun-%c9%99n-yaxsi-n%c9%99tic%c9%99sini-gost%c9%99rdi","status":"publish","type":"post","link":"https:\/\/arantv.az\/?p=77486","title":{"rendered":"Ramil Quliyev Br\u00fcsseld\u0259 m\u00f6vs\u00fcm\u00fcn \u0259n yax\u015f\u0131 n\u0259tic\u0259sini g\u00f6st\u0259rdi"},"content":{"rendered":"<p>Az\u0259rbaycanl\u0131 atlet Ramil Quliyev Brilyant Liqa turnirinin ilin 14-c\u00fc \u2013 sonuncu m\u0259rh\u0259l\u0259sind\u0259 yen\u0259 ikinci olub.<\/p>\n<p><b>ARANTV.AZ\u00a0<\/b>x\u0259b\u0259r verir ki, Bel\u00e7ikan\u0131n paytaxt\u0131 Br\u00fcsseld\u0259 ke\u00e7iril\u0259n final m\u0259rh\u0259l\u0259sind\u0259 ki\u015fil\u0259rin 200 metr\u00a0qa\u00e7\u0131\u015f yar\u0131\u015f\u0131nda T\u00fcrkiy\u0259 ad\u0131ndan \u00e7\u0131x\u0131\u015f ed\u0259n Ramil 19.86 saniy\u0259y\u0259 fini\u015f\u0259 \u00e7ata bilib.<\/p>\n<div id=\"AdviadNativeVideo0\" class=\"AdviadNativeVideo\"><\/div>\n<p>Bu, onun m\u00f6vs\u00fcmd\u0259 \u0259n yax\u015f\u0131 g\u00f6st\u0259ricisi olub. M\u00fcqayis\u0259 \u00fc\u00e7\u00fcn qeyd ed\u0259k ki, o, \u00f6t\u0259n ay Fransan\u0131n paytaxt\u0131 Parisd\u0259 ke\u00e7irilmi\u015f Brilyant Liqa yar\u0131\u015f\u0131nda da fini\u015f\u0259 II g\u0259ls\u0259 d\u0259, son n\u00f6qt\u0259y\u0259 20.01 saniy\u0259y\u0259 \u00e7atm\u0131\u015fd\u0131.<\/p>\n<p>Qeyd ed\u0259k ki, Br\u00fcsseld\u0259 I yeri is\u0259 yen\u0259 AB\u015e atleti Noy Layls tutub. O, 19.74 saniy\u0259 n\u0259tic\u0259 g\u00f6st\u0259rib.oxu.az<\/p>\n","protected":false},"excerpt":{"rendered":"<p>Az\u0259rbaycanl\u0131 atlet Ramil Quliyev Brilyant Liqa turnirinin ilin 14-c\u00fc \u2013 sonuncu m\u0259rh\u0259l\u0259sind\u0259 yen\u0259 ikinci olub. ARANTV.AZ\u00a0x\u0259b\u0259r verir ki, Bel\u00e7ikan\u0131n paytaxt\u0131 Br\u00fcsseld\u0259 ke\u00e7iril\u0259n final m\u0259rh\u0259l\u0259sind\u0259 ki\u015fil\u0259rin 200 metr\u00a0qa\u00e7\u0131\u015f yar\u0131\u015f\u0131nda T\u00fcrkiy\u0259 ad\u0131ndan \u00e7\u0131x\u0131\u015f ed\u0259n Ramil 19.86 saniy\u0259y\u0259 fini\u015f\u0259 \u00e7ata bilib. Bu, onun m\u00f6vs\u00fcmd\u0259 \u0259n yax\u015f\u0131 g\u00f6st\u0259ricisi olub. M\u00fcqayis\u0259 \u00fc\u00e7\u00fcn qeyd ed\u0259k ki, o, \u00f6t\u0259n ay Fransan\u0131n paytaxt\u0131 Parisd\u0259 ke\u00e7irilmi\u015f Brilyant Liqa yar\u0131\u015f\u0131nda da fini\u015f\u0259 II g\u0259ls\u0259 d\u0259, son n\u00f6qt\u0259y\u0259 20.01 saniy\u0259y\u0259 \u00e7atm\u0131\u015fd\u0131. Qeyd ed\u0259k ki, Br\u00fcsseld\u0259 I yeri is\u0259 yen\u0259 AB\u015e atleti Noy Layls tutub. O, 19.74 saniy\u0259 n\u0259tic\u0259 g\u00f6st\u0259rib.oxu.az<\/p>\n","protected":false},"author":2,"featured_media":77487,"comment_status":"closed","ping_status":"closed","sticky":false,"template":"","format":"standard","meta":{"om_disable_all_campaigns":false,"_monsterinsights_skip_tracking":false,"_monsterinsights_sitenote_active":false,"_monsterinsights_sitenote_note":"","_monsterinsights_sitenote_category":0},"categories":[6],"tags":[],"aioseo_notices":[],"gutentor_comment":0,"rttpg_featured_image_url":{"full":["https:\/\/arantv.az\/wp-content\/uploads\/2019\/09\/thumbs_b_c_6a3ccdee72f4762b664b30bac8f27d7f.jpg",620,349,false],"landscape":["https:\/\/arantv.az\/wp-content\/uploads\/2019\/09\/thumbs_b_c_6a3ccdee72f4762b664b30bac8f27d7f.jpg",620,349,false],"portraits":["https:\/\/arantv.az\/wp-content\/uploads\/2019\/09\/thumbs_b_c_6a3ccdee72f4762b664b30bac8f27d7f.jpg",620,349,false],"thumbnail":["https:\/\/arantv.az\/wp-content\/uploads\/2019\/09\/thumbs_b_c_6a3ccdee72f4762b664b30bac8f27d7f-150x150.jpg",150,150,true],"medium":["https:\/\/arantv.az\/wp-content\/uploads\/2019\/09\/thumbs_b_c_6a3ccdee72f4762b664b30bac8f27d7f-300x169.jpg",300,169,true],"large":["https:\/\/arantv.az\/wp-content\/uploads\/2019\/09\/thumbs_b_c_6a3ccdee72f4762b664b30bac8f27d7f.jpg",620,349,false],"1536x1536":["https:\/\/arantv.az\/wp-content\/uploads\/2019\/09\/thumbs_b_c_6a3ccdee72f4762b664b30bac8f27d7f.jpg",620,349,false],"2048x2048":["https:\/\/arantv.az\/wp-content\/uploads\/2019\/09\/thumbs_b_c_6a3ccdee72f4762b664b30bac8f27d7f.jpg",620,349,false],"post-thumbnail":["https:\/\/arantv.az\/wp-content\/uploads\/2019\/09\/thumbs_b_c_6a3ccdee72f4762b664b30bac8f27d7f-240x172.jpg",240,172,true],"advps-thumb-one":["https:\/\/arantv.az\/wp-content\/uploads\/2019\/09\/thumbs_b_c_6a3ccdee72f4762b664b30bac8f27d7f.jpg",620,349,false]},"rttpg_author":{"display_name":"V\u00fcsal Rafiqo\u011flu","author_link":"https:\/\/arantv.az\/?author=2"},"rttpg_comment":0,"rttpg_category":"<a href=\"https:\/\/arantv.az\/?cat=6\" rel=\"category\">\u0130dman<\/a>","rttpg_excerpt":"Az\u0259rbaycanl\u0131 atlet Ramil Quliyev Brilyant Liqa turnirinin ilin 14-c\u00fc \u2013 sonuncu m\u0259rh\u0259l\u0259sind\u0259 yen\u0259 ikinci olub. ARANTV.AZ\u00a0x\u0259b\u0259r verir ki, Bel\u00e7ikan\u0131n paytaxt\u0131 Br\u00fcsseld\u0259 ke\u00e7iril\u0259n final m\u0259rh\u0259l\u0259sind\u0259 ki\u015fil\u0259rin 200 metr\u00a0qa\u00e7\u0131\u015f yar\u0131\u015f\u0131nda T\u00fcrkiy\u0259 ad\u0131ndan \u00e7\u0131x\u0131\u015f ed\u0259n Ramil 19.86 saniy\u0259y\u0259 fini\u015f\u0259 \u00e7ata bilib. Bu, onun m\u00f6vs\u00fcmd\u0259 \u0259n yax\u015f\u0131 g\u00f6st\u0259ricisi olub. M\u00fcqayis\u0259 \u00fc\u00e7\u00fcn qeyd ed\u0259k ki, o, \u00f6t\u0259n ay Fransan\u0131n paytaxt\u0131&hellip;","_links":{"self":[{"href":"https:\/\/arantv.az\/index.php?rest_route=\/wp\/v2\/posts\/77486"}],"collection":[{"href":"https:\/\/arantv.az\/index.php?rest_route=\/wp\/v2\/posts"}],"about":[{"href":"https:\/\/arantv.az\/index.php?rest_route=\/wp\/v2\/types\/post"}],"author":[{"embeddable":true,"href":"https:\/\/arantv.az\/index.php?rest_route=\/wp\/v2\/users\/2"}],"replies":[{"embeddable":true,"href":"https:\/\/arantv.az\/index.php?rest_route=%2Fwp%2Fv2%2Fcomments&post=77486"}],"version-history":[{"count":0,"href":"https:\/\/arantv.az\/index.php?rest_route=\/wp\/v2\/posts\/77486\/revisions"}],"wp:featuredmedia":[{"embeddable":true,"href":"https:\/\/arantv.az\/index.php?rest_route=\/wp\/v2\/media\/77487"}],"wp:attachment":[{"href":"https:\/\/arantv.az\/index.php?rest_route=%2Fwp%2Fv2%2Fmedia&parent=77486"}],"wp:term":[{"taxonomy":"category","embeddable":true,"href":"https:\/\/arantv.az\/index.php?rest_route=%2Fwp%2Fv2%2Fcategories&post=77486"},{"taxonomy":"post_tag","embeddable":true,"href":"https:\/\/arantv.az\/index.php?rest_route=%2Fwp%2Fv2%2Ftags&post=77486"}],"curies":[{"name":"wp","href":"https:\/\/api.w.org\/{rel}","templated":true}]}}