{"id":77495,"date":"2019-09-07T12:02:27","date_gmt":"2019-09-07T09:02:27","guid":{"rendered":"http:\/\/arantv.az\/?p=77495"},"modified":"2019-09-07T12:02:27","modified_gmt":"2019-09-07T09:02:27","slug":"komit%c9%99-s%c9%99dri-bosanmalar-bar%c9%99d%c9%99-valideynl%c9%99r-ciddi-yanasmir","status":"publish","type":"post","link":"https:\/\/arantv.az\/?p=77495","title":{"rendered":"Komit\u0259 s\u0259dri bo\u015fanmalar bar\u0259d\u0259: &#8220;Valideynl\u0259r ciddi yana\u015fm\u0131r&#8221;"},"content":{"rendered":"<p>Milli M\u0259clisin Ail\u0259, qad\u0131n v\u0259 u\u015faq m\u0259s\u0259l\u0259l\u0259ri komit\u0259sinin s\u0259dri Aqiy\u0259 Nax\u00e7\u0131vanl\u0131 Az\u0259rbaycanda bo\u015fanmalar\u0131n qar\u015f\u0131s\u0131n\u0131n al\u0131nmas\u0131 \u00fc\u00e7\u00fcn t\u0259klifl\u0259r s\u0259sl\u0259ndirib.<\/p>\n<p><b>ARANTV.AZ\u00a0<\/b> x\u0259b\u0259r verir ki, deputat Oxu.Az-a a\u00e7\u0131qlamas\u0131nda deyib ki, bo\u015fanma\u011f\u0131 d\u00fc\u015f\u00fcn\u0259n ail\u0259l\u0259r\u0259 vaxt verilm\u0259lidir.<\/p>\n<p>Onun s\u00f6zl\u0259rin\u0259 g\u00f6r\u0259, qeydiyyat \u015f\u00f6b\u0259l\u0259rind\u0259 bar\u0131\u015f\u0131q missiyas\u0131 olan qurumlar olmal\u0131d\u0131r ki, bo\u015fanmaq ist\u0259y\u0259nl\u0259r\u0259 vaxt versinl\u0259r:<\/p>\n<p>&#8220;Bundan ba\u015fqa, valideynl\u0259r d\u0259 \u00f6z t\u00f6vsiy\u0259l\u0259ri il\u0259 \u0259r-arvad\u0131 bu yoldan \u00e7\u0259kindirm\u0259lidirl\u0259r&#8221;.<\/p>\n<p>Mill\u0259t v\u0259kili bo\u015fanmalar\u0131n s\u0259b\u0259bl\u0259rind\u0259n d\u0259 s\u00f6z a\u00e7\u0131b. A.Nax\u00e7\u0131vanl\u0131n\u0131n fikrinc\u0259, c\u00fctl\u00fckl\u0259r ail\u0259 qurark\u0259n d\u0259rind\u0259n d\u00fc\u015f\u00fcnm\u00fcr v\u0259 t\u0259l\u0259sk\u0259nliy\u0259 yol verirl\u0259r:<\/p>\n<p>&#8220;G\u0259ncl\u0259r b\u0259z\u0259n \u015fan-\u015f\u00f6hr\u0259t\u0259 aldan\u0131b ail\u0259 qururlar. Yerl\u0259rd\u0259 maarifl\u0259ndirm\u0259 i\u015fl\u0259ri z\u0259if gedir. \u018flb\u0259tt\u0259 ki, ail\u0259l\u0259rin d\u0259 b\u00f6y\u00fck n\u00f6qsanlar\u0131 var. Valideynl\u0259r g\u0259ncl\u0259rin evl\u0259nm\u0259si m\u0259s\u0259l\u0259sin\u0259 \u00e7ox ciddi yana\u015fm\u0131r&#8221;.<\/p>\n<p>Qeyd ed\u0259k ki, 2019-cu ilin alt\u0131 ay\u0131nda qeydiyyat \u015f\u00f6b\u0259l\u0259ri t\u0259r\u0259find\u0259n 8257 bo\u015fanma hal\u0131 qeyd\u0259 al\u0131n\u0131b. \u00d6t\u0259n ilin m\u00fcvafiq d\u00f6vr\u00fcnd\u0259 is\u0259 bu r\u0259q\u0259m 7219 olub.<\/p>\n","protected":false},"excerpt":{"rendered":"<p>Milli M\u0259clisin Ail\u0259, qad\u0131n v\u0259 u\u015faq m\u0259s\u0259l\u0259l\u0259ri komit\u0259sinin s\u0259dri Aqiy\u0259 Nax\u00e7\u0131vanl\u0131 Az\u0259rbaycanda bo\u015fanmalar\u0131n qar\u015f\u0131s\u0131n\u0131n al\u0131nmas\u0131 \u00fc\u00e7\u00fcn t\u0259klifl\u0259r s\u0259sl\u0259ndirib. ARANTV.AZ\u00a0 x\u0259b\u0259r verir ki, deputat Oxu.Az-a a\u00e7\u0131qlamas\u0131nda deyib ki, bo\u015fanma\u011f\u0131 d\u00fc\u015f\u00fcn\u0259n ail\u0259l\u0259r\u0259 vaxt verilm\u0259lidir. Onun s\u00f6zl\u0259rin\u0259 g\u00f6r\u0259, qeydiyyat \u015f\u00f6b\u0259l\u0259rind\u0259 bar\u0131\u015f\u0131q missiyas\u0131 olan qurumlar olmal\u0131d\u0131r ki, bo\u015fanmaq ist\u0259y\u0259nl\u0259r\u0259 vaxt versinl\u0259r: &#8220;Bundan ba\u015fqa, valideynl\u0259r d\u0259 \u00f6z t\u00f6vsiy\u0259l\u0259ri il\u0259 \u0259r-arvad\u0131 bu yoldan \u00e7\u0259kindirm\u0259lidirl\u0259r&#8221;. Mill\u0259t v\u0259kili bo\u015fanmalar\u0131n s\u0259b\u0259bl\u0259rind\u0259n d\u0259 s\u00f6z a\u00e7\u0131b. A.Nax\u00e7\u0131vanl\u0131n\u0131n fikrinc\u0259, c\u00fctl\u00fckl\u0259r ail\u0259 qurark\u0259n d\u0259rind\u0259n d\u00fc\u015f\u00fcnm\u00fcr v\u0259 t\u0259l\u0259sk\u0259nliy\u0259 yol verirl\u0259r: &#8220;G\u0259ncl\u0259r b\u0259z\u0259n \u015fan-\u015f\u00f6hr\u0259t\u0259 aldan\u0131b ail\u0259 qururlar. Yerl\u0259rd\u0259 maarifl\u0259ndirm\u0259 i\u015fl\u0259ri z\u0259if gedir. \u018flb\u0259tt\u0259 ki, ail\u0259l\u0259rin&hellip;<\/p>\n","protected":false},"author":2,"featured_media":77496,"comment_status":"closed","ping_status":"closed","sticky":false,"template":"","format":"standard","meta":{"om_disable_all_campaigns":false,"_monsterinsights_skip_tracking":false,"_monsterinsights_sitenote_active":false,"_monsterinsights_sitenote_note":"","_monsterinsights_sitenote_category":0},"categories":[1],"tags":[],"aioseo_notices":[],"gutentor_comment":0,"rttpg_featured_image_url":{"full":["https:\/\/arantv.az\/wp-content\/uploads\/2019\/09\/aqiye.jpg",549,355,false],"landscape":["https:\/\/arantv.az\/wp-content\/uploads\/2019\/09\/aqiye.jpg",549,355,false],"portraits":["https:\/\/arantv.az\/wp-content\/uploads\/2019\/09\/aqiye.jpg",549,355,false],"thumbnail":["https:\/\/arantv.az\/wp-content\/uploads\/2019\/09\/aqiye-150x150.jpg",150,150,true],"medium":["https:\/\/arantv.az\/wp-content\/uploads\/2019\/09\/aqiye-300x194.jpg",300,194,true],"large":["https:\/\/arantv.az\/wp-content\/uploads\/2019\/09\/aqiye.jpg",549,355,false],"1536x1536":["https:\/\/arantv.az\/wp-content\/uploads\/2019\/09\/aqiye.jpg",549,355,false],"2048x2048":["https:\/\/arantv.az\/wp-content\/uploads\/2019\/09\/aqiye.jpg",549,355,false],"post-thumbnail":["https:\/\/arantv.az\/wp-content\/uploads\/2019\/09\/aqiye-240x172.jpg",240,172,true],"advps-thumb-one":["https:\/\/arantv.az\/wp-content\/uploads\/2019\/09\/aqiye.jpg",549,355,false]},"rttpg_author":{"display_name":"V\u00fcsal Rafiqo\u011flu","author_link":"https:\/\/arantv.az\/?author=2"},"rttpg_comment":0,"rttpg_category":"<a href=\"https:\/\/arantv.az\/?cat=1\" rel=\"category\">C\u0259miyy\u0259t<\/a>","rttpg_excerpt":"Milli M\u0259clisin Ail\u0259, qad\u0131n v\u0259 u\u015faq m\u0259s\u0259l\u0259l\u0259ri komit\u0259sinin s\u0259dri Aqiy\u0259 Nax\u00e7\u0131vanl\u0131 Az\u0259rbaycanda bo\u015fanmalar\u0131n qar\u015f\u0131s\u0131n\u0131n al\u0131nmas\u0131 \u00fc\u00e7\u00fcn t\u0259klifl\u0259r s\u0259sl\u0259ndirib. ARANTV.AZ\u00a0 x\u0259b\u0259r verir ki, deputat Oxu.Az-a a\u00e7\u0131qlamas\u0131nda deyib ki, bo\u015fanma\u011f\u0131 d\u00fc\u015f\u00fcn\u0259n ail\u0259l\u0259r\u0259 vaxt verilm\u0259lidir. Onun s\u00f6zl\u0259rin\u0259 g\u00f6r\u0259, qeydiyyat \u015f\u00f6b\u0259l\u0259rind\u0259 bar\u0131\u015f\u0131q missiyas\u0131 olan qurumlar olmal\u0131d\u0131r ki, bo\u015fanmaq ist\u0259y\u0259nl\u0259r\u0259 vaxt versinl\u0259r: &#8220;Bundan ba\u015fqa, valideynl\u0259r d\u0259 \u00f6z t\u00f6vsiy\u0259l\u0259ri il\u0259 \u0259r-arvad\u0131&hellip;","_links":{"self":[{"href":"https:\/\/arantv.az\/index.php?rest_route=\/wp\/v2\/posts\/77495"}],"collection":[{"href":"https:\/\/arantv.az\/index.php?rest_route=\/wp\/v2\/posts"}],"about":[{"href":"https:\/\/arantv.az\/index.php?rest_route=\/wp\/v2\/types\/post"}],"author":[{"embeddable":true,"href":"https:\/\/arantv.az\/index.php?rest_route=\/wp\/v2\/users\/2"}],"replies":[{"embeddable":true,"href":"https:\/\/arantv.az\/index.php?rest_route=%2Fwp%2Fv2%2Fcomments&post=77495"}],"version-history":[{"count":0,"href":"https:\/\/arantv.az\/index.php?rest_route=\/wp\/v2\/posts\/77495\/revisions"}],"wp:featuredmedia":[{"embeddable":true,"href":"https:\/\/arantv.az\/index.php?rest_route=\/wp\/v2\/media\/77496"}],"wp:attachment":[{"href":"https:\/\/arantv.az\/index.php?rest_route=%2Fwp%2Fv2%2Fmedia&parent=77495"}],"wp:term":[{"taxonomy":"category","embeddable":true,"href":"https:\/\/arantv.az\/index.php?rest_route=%2Fwp%2Fv2%2Fcategories&post=77495"},{"taxonomy":"post_tag","embeddable":true,"href":"https:\/\/arantv.az\/index.php?rest_route=%2Fwp%2Fv2%2Ftags&post=77495"}],"curies":[{"name":"wp","href":"https:\/\/api.w.org\/{rel}","templated":true}]}}