{"id":77498,"date":"2019-09-07T14:05:25","date_gmt":"2019-09-07T11:05:25","guid":{"rendered":"http:\/\/arantv.az\/?p=77498"},"modified":"2019-09-07T14:05:25","modified_gmt":"2019-09-07T11:05:25","slug":"leyla-%c9%99liyeva-xaricd%c9%99-magistr-t%c9%99hsili-alacaq-g%c9%99ncl%c9%99rl%c9%99-gorusdu-foto","status":"publish","type":"post","link":"https:\/\/arantv.az\/?p=77498","title":{"rendered":"Leyla \u018fliyeva xaricd\u0259 magistr t\u0259hsili alacaq g\u0259ncl\u0259rl\u0259 g\u00f6r\u00fc\u015fd\u00fc &#8211; FOTO"},"content":{"rendered":"<p>Sentyabr\u0131n 6-da\u00a0Heyd\u0259r \u018fliyev Fondunun vitse-prezidenti Leyla \u018fliyeva Az\u0259rbaycan Respublikas\u0131n\u0131n G\u0259ncl\u0259r Fondu t\u0259r\u0259find\u0259n t\u0259\u015fkil edilmi\u015f &#8220;Xaricd\u0259 t\u0259hsilin maliyy\u0259l\u0259\u015fdirilm\u0259si&#8221;\u00a0m\u00fcsabiq\u0259sinin qalibl\u0259rinin bir qismi il\u0259 g\u00f6r\u00fc\u015f\u00fcb.<\/p>\n<p>Bu bar\u0259d\u0259 Az\u0259rbaycan Respublikas\u0131n\u0131n G\u0259ncl\u0259r Fondunun m\u0259tbuat xidm\u0259ti\u00a0m\u0259lumat yay\u0131b.<\/p>\n<div id=\"AdviadNativeVideo0\" class=\"AdviadNativeVideo\"><\/div>\n<p>Xarici \u00f6lk\u0259l\u0259rin n\u00fcfuzlu ali t\u0259hsil m\u00fc\u0259ssis\u0259l\u0259rind\u0259 Az\u0259rbaycan Respublikas\u0131n\u0131n maliyy\u0259 d\u0259st\u0259yi il\u0259 magistr t\u0259hsili almaq h\u00fcququ qazanan g\u0259ncl\u0259ri t\u0259brik ed\u0259n Leyla \u018fliyeva\u00a0onlara t\u0259hsill\u0259rind\u0259 u\u011furlar arzulay\u0131b.<\/p>\n<div class=\"gallery\">\n<div class=\"gallery-i\"><img src=\"https:\/\/assets.oxu.az\/uploads\/W1siZiIsIjIwMTkvMDkvMDcvMTMvNDQvMDMvZmRlZmJmZjgtMzY0Yy00ZGQzLWIwMzUtNjkwYzI3YTM4ZmE2L2xleWxhYWxpeWV2YTEuanBnIl0sWyJwIiwiZW5jb2RlIiwianBnIiwiLXF1YWxpdHkgODAiXSxbInAiLCJ0aHVtYiIsIjU5MHg1OTBcdTAwM2UiXV0?sha=070fc77e7c695f89\" alt=\"\" \/><\/div>\n<\/div>\n","protected":false},"excerpt":{"rendered":"<p>Sentyabr\u0131n 6-da\u00a0Heyd\u0259r \u018fliyev Fondunun vitse-prezidenti Leyla \u018fliyeva Az\u0259rbaycan Respublikas\u0131n\u0131n G\u0259ncl\u0259r Fondu t\u0259r\u0259find\u0259n t\u0259\u015fkil edilmi\u015f &#8220;Xaricd\u0259 t\u0259hsilin maliyy\u0259l\u0259\u015fdirilm\u0259si&#8221;\u00a0m\u00fcsabiq\u0259sinin qalibl\u0259rinin bir qismi il\u0259 g\u00f6r\u00fc\u015f\u00fcb. Bu bar\u0259d\u0259 Az\u0259rbaycan Respublikas\u0131n\u0131n G\u0259ncl\u0259r Fondunun m\u0259tbuat xidm\u0259ti\u00a0m\u0259lumat yay\u0131b. Xarici \u00f6lk\u0259l\u0259rin n\u00fcfuzlu ali t\u0259hsil m\u00fc\u0259ssis\u0259l\u0259rind\u0259 Az\u0259rbaycan Respublikas\u0131n\u0131n maliyy\u0259 d\u0259st\u0259yi il\u0259 magistr t\u0259hsili almaq h\u00fcququ qazanan g\u0259ncl\u0259ri t\u0259brik ed\u0259n Leyla \u018fliyeva\u00a0onlara t\u0259hsill\u0259rind\u0259 u\u011furlar arzulay\u0131b.<\/p>\n","protected":false},"author":2,"featured_media":77499,"comment_status":"closed","ping_status":"closed","sticky":false,"template":"","format":"standard","meta":{"om_disable_all_campaigns":false,"_monsterinsights_skip_tracking":false,"_monsterinsights_sitenote_active":false,"_monsterinsights_sitenote_note":"","_monsterinsights_sitenote_category":0},"categories":[4],"tags":[],"aioseo_notices":[],"gutentor_comment":0,"rttpg_featured_image_url":{"full":["https:\/\/arantv.az\/wp-content\/uploads\/2019\/09\/leylaaliyeva.jpg",620,442,false],"landscape":["https:\/\/arantv.az\/wp-content\/uploads\/2019\/09\/leylaaliyeva.jpg",620,442,false],"portraits":["https:\/\/arantv.az\/wp-content\/uploads\/2019\/09\/leylaaliyeva.jpg",620,442,false],"thumbnail":["https:\/\/arantv.az\/wp-content\/uploads\/2019\/09\/leylaaliyeva-150x150.jpg",150,150,true],"medium":["https:\/\/arantv.az\/wp-content\/uploads\/2019\/09\/leylaaliyeva-300x214.jpg",300,214,true],"large":["https:\/\/arantv.az\/wp-content\/uploads\/2019\/09\/leylaaliyeva.jpg",620,442,false],"1536x1536":["https:\/\/arantv.az\/wp-content\/uploads\/2019\/09\/leylaaliyeva.jpg",620,442,false],"2048x2048":["https:\/\/arantv.az\/wp-content\/uploads\/2019\/09\/leylaaliyeva.jpg",620,442,false],"post-thumbnail":["https:\/\/arantv.az\/wp-content\/uploads\/2019\/09\/leylaaliyeva-240x172.jpg",240,172,true],"advps-thumb-one":["https:\/\/arantv.az\/wp-content\/uploads\/2019\/09\/leylaaliyeva.jpg",620,442,false]},"rttpg_author":{"display_name":"V\u00fcsal Rafiqo\u011flu","author_link":"https:\/\/arantv.az\/?author=2"},"rttpg_comment":0,"rttpg_category":"<a href=\"https:\/\/arantv.az\/?cat=4\" rel=\"category\">Siyas\u0259t<\/a>","rttpg_excerpt":"Sentyabr\u0131n 6-da\u00a0Heyd\u0259r \u018fliyev Fondunun vitse-prezidenti Leyla \u018fliyeva Az\u0259rbaycan Respublikas\u0131n\u0131n G\u0259ncl\u0259r Fondu t\u0259r\u0259find\u0259n t\u0259\u015fkil edilmi\u015f &#8220;Xaricd\u0259 t\u0259hsilin maliyy\u0259l\u0259\u015fdirilm\u0259si&#8221;\u00a0m\u00fcsabiq\u0259sinin qalibl\u0259rinin bir qismi il\u0259 g\u00f6r\u00fc\u015f\u00fcb. Bu bar\u0259d\u0259 Az\u0259rbaycan Respublikas\u0131n\u0131n G\u0259ncl\u0259r Fondunun m\u0259tbuat xidm\u0259ti\u00a0m\u0259lumat yay\u0131b. Xarici \u00f6lk\u0259l\u0259rin n\u00fcfuzlu ali t\u0259hsil m\u00fc\u0259ssis\u0259l\u0259rind\u0259 Az\u0259rbaycan Respublikas\u0131n\u0131n maliyy\u0259 d\u0259st\u0259yi il\u0259 magistr t\u0259hsili almaq h\u00fcququ qazanan g\u0259ncl\u0259ri t\u0259brik ed\u0259n Leyla \u018fliyeva\u00a0onlara t\u0259hsill\u0259rind\u0259 u\u011furlar arzulay\u0131b.","_links":{"self":[{"href":"https:\/\/arantv.az\/index.php?rest_route=\/wp\/v2\/posts\/77498"}],"collection":[{"href":"https:\/\/arantv.az\/index.php?rest_route=\/wp\/v2\/posts"}],"about":[{"href":"https:\/\/arantv.az\/index.php?rest_route=\/wp\/v2\/types\/post"}],"author":[{"embeddable":true,"href":"https:\/\/arantv.az\/index.php?rest_route=\/wp\/v2\/users\/2"}],"replies":[{"embeddable":true,"href":"https:\/\/arantv.az\/index.php?rest_route=%2Fwp%2Fv2%2Fcomments&post=77498"}],"version-history":[{"count":0,"href":"https:\/\/arantv.az\/index.php?rest_route=\/wp\/v2\/posts\/77498\/revisions"}],"wp:featuredmedia":[{"embeddable":true,"href":"https:\/\/arantv.az\/index.php?rest_route=\/wp\/v2\/media\/77499"}],"wp:attachment":[{"href":"https:\/\/arantv.az\/index.php?rest_route=%2Fwp%2Fv2%2Fmedia&parent=77498"}],"wp:term":[{"taxonomy":"category","embeddable":true,"href":"https:\/\/arantv.az\/index.php?rest_route=%2Fwp%2Fv2%2Fcategories&post=77498"},{"taxonomy":"post_tag","embeddable":true,"href":"https:\/\/arantv.az\/index.php?rest_route=%2Fwp%2Fv2%2Ftags&post=77498"}],"curies":[{"name":"wp","href":"https:\/\/api.w.org\/{rel}","templated":true}]}}