{"id":77504,"date":"2019-09-07T14:09:25","date_gmt":"2019-09-07T11:09:25","guid":{"rendered":"http:\/\/arantv.az\/?p=77504"},"modified":"2019-09-07T14:09:25","modified_gmt":"2019-09-07T11:09:25","slug":"%c9%99li-%c9%99hm%c9%99dov-usaq-pulunun-b%c9%99rpasi-m%c9%99s%c9%99l%c9%99sin%c9%99-munasib%c9%99t-bildirib","status":"publish","type":"post","link":"https:\/\/arantv.az\/?p=77504","title":{"rendered":"\u018fli \u018fhm\u0259dov &#8220;u\u015faq pulu&#8221;nun b\u0259rpas\u0131 m\u0259s\u0259l\u0259sin\u0259 m\u00fcnasib\u0259t bildirib"},"content":{"rendered":"<p>Ba\u015f nazirin m\u00fcavini, Yeni Az\u0259rbaycan Partiyas\u0131n\u0131n s\u0259drinin m\u00fcavini-icra katibi\u00a0\u018fli \u018fhm\u0259dov &#8220;u\u015faq pulu&#8221;nun verilm\u0259si m\u0259s\u0259l\u0259sin\u0259 ayd\u0131nl\u0131q g\u0259tirib.<\/p>\n<p><strong>ARANTV.AZ<\/strong>-\u0131n m\u0259lumat\u0131na g\u00f6r\u0259, \u018fli \u018fhm\u0259dov jurnalistl\u0259r\u0259 a\u00e7\u0131qlamas\u0131nda bildirib ki, d\u00f6vl\u0259tin \u0259n m\u00fch\u00fcm v\u0259zif\u0259sind\u0259n biri d\u0259 azt\u0259minatl\u0131 ail\u0259l\u0259r\u0259 sosial yard\u0131mlar\u0131n g\u00f6st\u0259rilm\u0259sind\u0259n ibar\u0259tdir:<\/p>\n<p>&#8220;Ona g\u00f6r\u0259 d\u0259 m\u0259n hesab edir\u0259m ki, bu m\u0259s\u0259l\u0259y\u0259 ciddi \u015f\u0259kild\u0259 yana\u015f\u0131lmal\u0131d\u0131r v\u0259\u00a0h\u00f6kum\u0259t\u00a0bu m\u0259s\u0259l\u0259y\u0259 ciddi \u015f\u0259kild\u0259 yana\u015f\u0131r. Azt\u0259minatl\u0131 ail\u0259l\u0259l\u0259r\u0259 yard\u0131m g\u00f6st\u0259rilm\u0259si m\u00fcxt\u0259lif formalarla h\u0259yata ke\u00e7irilir v\u0259 bura \u00fcnvanl\u0131 sosial yard\u0131m\u0131n verilm\u0259si, m\u00fcxt\u0259lif m\u00fcavin\u0259tl\u0259rin verilm\u0259si aiddir:<\/p>\n<div id=\"AdviadNativeVideo0\" class=\"AdviadNativeVideo\"><\/div>\n<p>&#8220;U\u015faq pullar\u0131&#8221; da bunlardan biri kimi t\u0259tbiq edil\u0259 bil\u0259r, amma m\u0259nim \u015f\u0259xsi fikrimdir ki, biz buna bir az daha ciddi \u015f\u0259kild\u0259 v\u0259 eyni zamanda, ail\u0259l\u0259rin ya\u015fay\u0131\u015f, h\u0259yat s\u0259viyy\u0259sini n\u0259z\u0259r\u0259 almaqla yana\u015fsaq, d\u00fczg\u00fcn olar&#8221;.<\/p>\n<p>Nazir m\u00fcavini qeyd edib ki, Az\u0259rbaycanda kifay\u0259t q\u0259d\u0259r y\u00fcks\u0259k h\u0259yat s\u0259viyy\u0259sini t\u0259min etmi\u015f ail\u0259l\u0259r var:<\/p>\n<p>&#8220;M\u0259n d\u00fc\u015f\u00fcnm\u00fcr\u0259m ki, bu ail\u0259l\u0259rin &#8220;u\u015faq pulu&#8221;na ehtiyac\u0131 var. H\u00f6kum\u0259t azt\u0259minatl\u0131 ail\u0259l\u0259r\u0259 ist\u0259nil\u0259n formada yard\u0131mlar\u0131n g\u00f6st\u0259rilm\u0259sini \u00f6z qar\u015f\u0131s\u0131na qoydu\u011fu m\u0259qs\u0259d hesab edir.<\/p>\n<p>Fikrimc\u0259, \u0259n d\u00fczg\u00fcn yol ondan ibar\u0259t olar ki, h\u00f6kum\u0259tin apard\u0131\u011f\u0131 siyas\u0259t say\u0259sind\u0259 h\u0259r bir ail\u0259 \u00f6z ehtiyaclar\u0131n\u0131 \u00f6z\u00fcn\u00fcn \u0259ld\u0259 etdiyi imkanlar hesab\u0131na t\u0259min ed\u0259 bilsin. Y\u0259ni \u00e7al\u0131\u015fmaq laz\u0131md\u0131r ki, daha \u00e7ox bu yolla ged\u0259k. \u00c7al\u0131\u015fmaq laz\u0131md\u0131r ki, ail\u0259l\u0259ri \u0259l\u0259bax\u0131ml\u0131\u011fa, ancaq d\u00f6vl\u0259t t\u0259r\u0259find\u0259n veril\u0259n yard\u0131mlar hesab\u0131na dolanmaq v\u0259rdi\u015fin\u0259 al\u0131\u015fd\u0131rmayaq. Bu daha d\u00fczg\u00fcn yol ola bil\u0259r&#8221;.<\/p>\n<p>O \u0259lav\u0259 edib ki, h\u0259r bir v\u0259t\u0259nda\u015f, h\u0259r bir ail\u0259 \u00f6z\u00fcn\u00fc t\u0259min etm\u0259kl\u0259 yana\u015f\u0131, \u00f6lk\u0259nin iqtisadi potensial\u0131n\u0131n y\u00fcks\u0259ldilm\u0259sin\u0259 xidm\u0259t g\u00f6st\u0259rm\u0259lidir:<\/p>\n<p>&#8220;\u018fks halda biz b\u00fct\u00fcn ail\u0259l\u0259r\u0259 yard\u0131m verm\u0259kl\u0259 onlar\u0131 saxlama\u011fa al\u0131\u015fd\u0131rm\u0131\u015f olsayd\u0131q, onlar\u0131n iqtisadiyyat\u0131 inki\u015faf etdirm\u0259si \u00fc\u00e7\u00fcn, istehsal \u00fc\u00e7\u00fcn, h\u0259r hans\u0131 bir yenilik \u00fc\u00e7\u00fcn d\u00fc\u015f\u00fcnm\u0259k s\u0259yl\u0259ri, y\u0259qin ki, \u00e7ox olmayacaqd\u0131. B\u00fct\u00fcn d\u00fcnyada inki\u015faf etmi\u015f \u00f6lk\u0259l\u0259r bu yolla gedib. \u0130nsanlar\u0131 daha \u00e7ox \u0259m\u0259y\u0259 al\u0131\u015fd\u0131rmaqla, i\u015fl\u0259 t\u0259min etm\u0259kl\u0259 daha s\u0259m\u0259r\u0259li \u015f\u0259kild\u0259 onlar\u0131n i\u015fl\u0259m\u0259si \u00fc\u00e7\u00fcn \u0259saslar yaratmaqla bu yolla gedibl\u0259r&#8221;.\u00a0 oxu.az<\/p>\n","protected":false},"excerpt":{"rendered":"<p>Ba\u015f nazirin m\u00fcavini, Yeni Az\u0259rbaycan Partiyas\u0131n\u0131n s\u0259drinin m\u00fcavini-icra katibi\u00a0\u018fli \u018fhm\u0259dov &#8220;u\u015faq pulu&#8221;nun verilm\u0259si m\u0259s\u0259l\u0259sin\u0259 ayd\u0131nl\u0131q g\u0259tirib. ARANTV.AZ-\u0131n m\u0259lumat\u0131na g\u00f6r\u0259, \u018fli \u018fhm\u0259dov jurnalistl\u0259r\u0259 a\u00e7\u0131qlamas\u0131nda bildirib ki, d\u00f6vl\u0259tin \u0259n m\u00fch\u00fcm v\u0259zif\u0259sind\u0259n biri d\u0259 azt\u0259minatl\u0131 ail\u0259l\u0259r\u0259 sosial yard\u0131mlar\u0131n g\u00f6st\u0259rilm\u0259sind\u0259n ibar\u0259tdir: &#8220;Ona g\u00f6r\u0259 d\u0259 m\u0259n hesab edir\u0259m ki, bu m\u0259s\u0259l\u0259y\u0259 ciddi \u015f\u0259kild\u0259 yana\u015f\u0131lmal\u0131d\u0131r v\u0259\u00a0h\u00f6kum\u0259t\u00a0bu m\u0259s\u0259l\u0259y\u0259 ciddi \u015f\u0259kild\u0259 yana\u015f\u0131r. Azt\u0259minatl\u0131 ail\u0259l\u0259l\u0259r\u0259 yard\u0131m g\u00f6st\u0259rilm\u0259si m\u00fcxt\u0259lif formalarla h\u0259yata ke\u00e7irilir v\u0259 bura \u00fcnvanl\u0131 sosial yard\u0131m\u0131n verilm\u0259si, m\u00fcxt\u0259lif m\u00fcavin\u0259tl\u0259rin verilm\u0259si aiddir: &#8220;U\u015faq pullar\u0131&#8221; da bunlardan biri kimi t\u0259tbiq edil\u0259 bil\u0259r, amma m\u0259nim \u015f\u0259xsi fikrimdir ki, biz buna bir az&hellip;<\/p>\n","protected":false},"author":2,"featured_media":76364,"comment_status":"closed","ping_status":"closed","sticky":false,"template":"","format":"standard","meta":{"om_disable_all_campaigns":false,"_monsterinsights_skip_tracking":false,"_monsterinsights_sitenote_active":false,"_monsterinsights_sitenote_note":"","_monsterinsights_sitenote_category":0},"categories":[19],"tags":[],"aioseo_notices":[],"gutentor_comment":0,"rttpg_featured_image_url":{"full":["https:\/\/arantv.az\/wp-content\/uploads\/2019\/09\/763972.jpg",800,600,false],"landscape":["https:\/\/arantv.az\/wp-content\/uploads\/2019\/09\/763972.jpg",800,600,false],"portraits":["https:\/\/arantv.az\/wp-content\/uploads\/2019\/09\/763972.jpg",800,600,false],"thumbnail":["https:\/\/arantv.az\/wp-content\/uploads\/2019\/09\/763972-150x150.jpg",150,150,true],"medium":["https:\/\/arantv.az\/wp-content\/uploads\/2019\/09\/763972-300x225.jpg",300,225,true],"large":["https:\/\/arantv.az\/wp-content\/uploads\/2019\/09\/763972.jpg",640,480,false],"1536x1536":["https:\/\/arantv.az\/wp-content\/uploads\/2019\/09\/763972.jpg",800,600,false],"2048x2048":["https:\/\/arantv.az\/wp-content\/uploads\/2019\/09\/763972.jpg",800,600,false],"post-thumbnail":["https:\/\/arantv.az\/wp-content\/uploads\/2019\/09\/763972-240x172.jpg",240,172,true],"advps-thumb-one":["https:\/\/arantv.az\/wp-content\/uploads\/2019\/09\/763972.jpg",800,600,false]},"rttpg_author":{"display_name":"V\u00fcsal Rafiqo\u011flu","author_link":"https:\/\/arantv.az\/?author=2"},"rttpg_comment":0,"rttpg_category":"<a href=\"https:\/\/arantv.az\/?cat=19\" rel=\"category\">G\u00fcnd\u0259m<\/a>","rttpg_excerpt":"Ba\u015f nazirin m\u00fcavini, Yeni Az\u0259rbaycan Partiyas\u0131n\u0131n s\u0259drinin m\u00fcavini-icra katibi\u00a0\u018fli \u018fhm\u0259dov &#8220;u\u015faq pulu&#8221;nun verilm\u0259si m\u0259s\u0259l\u0259sin\u0259 ayd\u0131nl\u0131q g\u0259tirib. ARANTV.AZ-\u0131n m\u0259lumat\u0131na g\u00f6r\u0259, \u018fli \u018fhm\u0259dov jurnalistl\u0259r\u0259 a\u00e7\u0131qlamas\u0131nda bildirib ki, d\u00f6vl\u0259tin \u0259n m\u00fch\u00fcm v\u0259zif\u0259sind\u0259n biri d\u0259 azt\u0259minatl\u0131 ail\u0259l\u0259r\u0259 sosial yard\u0131mlar\u0131n g\u00f6st\u0259rilm\u0259sind\u0259n ibar\u0259tdir: &#8220;Ona g\u00f6r\u0259 d\u0259 m\u0259n hesab edir\u0259m ki, bu m\u0259s\u0259l\u0259y\u0259 ciddi \u015f\u0259kild\u0259 yana\u015f\u0131lmal\u0131d\u0131r v\u0259\u00a0h\u00f6kum\u0259t\u00a0bu m\u0259s\u0259l\u0259y\u0259 ciddi \u015f\u0259kild\u0259 yana\u015f\u0131r. Azt\u0259minatl\u0131&hellip;","_links":{"self":[{"href":"https:\/\/arantv.az\/index.php?rest_route=\/wp\/v2\/posts\/77504"}],"collection":[{"href":"https:\/\/arantv.az\/index.php?rest_route=\/wp\/v2\/posts"}],"about":[{"href":"https:\/\/arantv.az\/index.php?rest_route=\/wp\/v2\/types\/post"}],"author":[{"embeddable":true,"href":"https:\/\/arantv.az\/index.php?rest_route=\/wp\/v2\/users\/2"}],"replies":[{"embeddable":true,"href":"https:\/\/arantv.az\/index.php?rest_route=%2Fwp%2Fv2%2Fcomments&post=77504"}],"version-history":[{"count":0,"href":"https:\/\/arantv.az\/index.php?rest_route=\/wp\/v2\/posts\/77504\/revisions"}],"wp:featuredmedia":[{"embeddable":true,"href":"https:\/\/arantv.az\/index.php?rest_route=\/wp\/v2\/media\/76364"}],"wp:attachment":[{"href":"https:\/\/arantv.az\/index.php?rest_route=%2Fwp%2Fv2%2Fmedia&parent=77504"}],"wp:term":[{"taxonomy":"category","embeddable":true,"href":"https:\/\/arantv.az\/index.php?rest_route=%2Fwp%2Fv2%2Fcategories&post=77504"},{"taxonomy":"post_tag","embeddable":true,"href":"https:\/\/arantv.az\/index.php?rest_route=%2Fwp%2Fv2%2Ftags&post=77504"}],"curies":[{"name":"wp","href":"https:\/\/api.w.org\/{rel}","templated":true}]}}