{"id":77508,"date":"2019-09-07T14:10:18","date_gmt":"2019-09-07T11:10:18","guid":{"rendered":"http:\/\/arantv.az\/?p=77508"},"modified":"2019-09-07T14:10:18","modified_gmt":"2019-09-07T11:10:18","slug":"bas-nazirin-muavini-muxalif%c9%99t-az%c9%99rbaycan-realliginin-uz%c9%99rin%c9%99-kolg%c9%99-salmaq-ist%c9%99yir","status":"publish","type":"post","link":"https:\/\/arantv.az\/?p=77508","title":{"rendered":"Ba\u015f nazirin m\u00fcavini: M\u00fcxalif\u0259t Az\u0259rbaycan reall\u0131\u011f\u0131n\u0131n \u00fcz\u0259rin\u0259 k\u00f6lg\u0259 salmaq ist\u0259yir"},"content":{"rendered":"<p>Bizi qar\u015f\u0131da b\u0259l\u0259diyy\u0259 se\u00e7kil\u0259ri kimi vacib kampaniya g\u00f6zl\u0259yir. Yeni Az\u0259rbaycan Partiyas\u0131 (YAP) laz\u0131mi kampaniya aparacaq.<\/p>\n<p><strong>ARANTV.AZ\u00a0<\/strong>\u00a0x\u0259b\u0259r verir ki, bunu YAP s\u0259drinin m\u00fcavini-icra katibi, Ba\u015f nazirin m\u00fcavini\u00a0\u018fli \u018fhm\u0259dov YAP-\u0131n rayon v\u0259 \u015f\u0259h\u0259r t\u0259\u015fkilatlar\u0131n\u0131n \u00fcmumrespublika m\u00fc\u015favir\u0259sind\u0259 deyib.<\/p>\n<p>Onun s\u00f6zl\u0259rin\u0259 g\u00f6r\u0259, b\u0259l\u0259diyy\u0259 se\u00e7kil\u0259ri \u00f6nc\u0259si \u00f6lk\u0259d\u0259 siyasi canlanma m\u00fc\u015fahid\u0259 edilir.<\/p>\n<div id=\"AdviadNativeVideo0\" class=\"AdviadNativeVideo\"><\/div>\n<p>\u018f.\u018fhm\u0259dov onu da \u0259lav\u0259 edib ki, m\u00fcxalif\u0259t elektorat formala\u015fd\u0131ra bilm\u0259diyind\u0259n siyasi etikaya zidd add\u0131mlar at\u0131r.<\/p>\n<p>&#8220;Biz m\u00fcxalif\u0259tin yalan m\u0259lumat, &#8220;feyk&#8221; terroru metodundan istifad\u0259 etdiyinin \u015fahidi oluruq. T\u0259\u0259ss\u00fcfl\u0259r olsun ki, biz m\u00fcxalif\u0259tin h\u0259d\u0259l\u0259rinin, t\u0259hqirl\u0259rinin \u015fahidi oluruq. Bununla da Az\u0259rbaycan c\u0259miyy\u0259tini siyasi prosesl\u0259rd\u0259n k\u0259narda saxlamaq niyy\u0259ti g\u00fcd\u00fcrl\u0259r&#8221;.<\/p>\n<p>\u018f.\u018fhm\u0259dovun fikrinc\u0259, m\u00fcxalif\u0259tin h\u0259r\u0259k\u0259tl\u0259ri Az\u0259rbaycan c\u0259miyy\u0259tind\u0259 ikrah do\u011furur.<\/p>\n<p>&#8220;Onlar yalan\u00e7\u0131 t\u0259bli\u011fat apar\u0131rlar. Az\u0259rbaycan\u0131 Erm\u0259nistanla kobud \u015f\u0259kild\u0259 m\u00fcqayis\u0259 ed\u0259r\u0259k yalan m\u0259lumatlar \u00e7atd\u0131r\u0131rlar. Erm\u0259nistandak\u0131 h\u0259yat\u0131 ba\u015fqa bir m\u0259nz\u0259r\u0259 alt\u0131nda t\u0259qdim etm\u0259y\u0259 \u00e7al\u0131\u015f\u0131rlar. Bununla da Az\u0259rbaycan h\u00f6kum\u0259tinin apard\u0131\u011f\u0131 siyas\u0259t\u0259 qar\u015f\u0131 inams\u0131zl\u0131q yaratma\u011fa c\u0259hd edirl\u0259r. Onlar\u0131n xarici x\u00fcsusi xidm\u0259t orqanlar\u0131n\u0131n t\u0259siri alt\u0131na d\u00fc\u015fm\u0259si istisna deyil.<\/p>\n<p>Az\u0259rbaycan c\u0259miyy\u0259tind\u0259 bu c\u00fcr m\u00fcxalif\u0259t\u0259 etimad\u0131n olmas\u0131n\u0131 t\u0259s\u0259vv\u00fcr etm\u0259k \u00e7\u0259tindir. M\u00fcxalif\u0259t Az\u0259rbaycan reall\u0131\u011f\u0131n\u0131n \u00fcz\u0259rin\u0259 k\u00f6lg\u0259 salmaq ist\u0259yir&#8221;.<\/p>\n<p>Ba\u015f nazirin m\u00fcavini qeyd edib ki,\u00a0b\u00fct\u00fcn siyasi q\u00fcvv\u0259l\u0259rin i\u015ftirak\u00e7\u0131lar\u0131 qanunvericiliy\u0259 uy\u011fun f\u0259aliyy\u0259t g\u00f6st\u0259rm\u0259lidir. oxu.az<\/p>\n","protected":false},"excerpt":{"rendered":"<p>Bizi qar\u015f\u0131da b\u0259l\u0259diyy\u0259 se\u00e7kil\u0259ri kimi vacib kampaniya g\u00f6zl\u0259yir. Yeni Az\u0259rbaycan Partiyas\u0131 (YAP) laz\u0131mi kampaniya aparacaq. ARANTV.AZ\u00a0\u00a0x\u0259b\u0259r verir ki, bunu YAP s\u0259drinin m\u00fcavini-icra katibi, Ba\u015f nazirin m\u00fcavini\u00a0\u018fli \u018fhm\u0259dov YAP-\u0131n rayon v\u0259 \u015f\u0259h\u0259r t\u0259\u015fkilatlar\u0131n\u0131n \u00fcmumrespublika m\u00fc\u015favir\u0259sind\u0259 deyib. Onun s\u00f6zl\u0259rin\u0259 g\u00f6r\u0259, b\u0259l\u0259diyy\u0259 se\u00e7kil\u0259ri \u00f6nc\u0259si \u00f6lk\u0259d\u0259 siyasi canlanma m\u00fc\u015fahid\u0259 edilir. \u018f.\u018fhm\u0259dov onu da \u0259lav\u0259 edib ki, m\u00fcxalif\u0259t elektorat formala\u015fd\u0131ra bilm\u0259diyind\u0259n siyasi etikaya zidd add\u0131mlar at\u0131r. &#8220;Biz m\u00fcxalif\u0259tin yalan m\u0259lumat, &#8220;feyk&#8221; terroru metodundan istifad\u0259 etdiyinin \u015fahidi oluruq. T\u0259\u0259ss\u00fcfl\u0259r olsun ki, biz m\u00fcxalif\u0259tin h\u0259d\u0259l\u0259rinin, t\u0259hqirl\u0259rinin \u015fahidi oluruq. Bununla da Az\u0259rbaycan c\u0259miyy\u0259tini siyasi prosesl\u0259rd\u0259n k\u0259narda saxlamaq niyy\u0259ti&hellip;<\/p>\n","protected":false},"author":2,"featured_media":77509,"comment_status":"closed","ping_status":"closed","sticky":false,"template":"","format":"standard","meta":{"om_disable_all_campaigns":false,"_monsterinsights_skip_tracking":false,"_monsterinsights_sitenote_active":false,"_monsterinsights_sitenote_note":"","_monsterinsights_sitenote_category":0},"categories":[4],"tags":[],"aioseo_notices":[],"gutentor_comment":0,"rttpg_featured_image_url":{"full":["https:\/\/arantv.az\/wp-content\/uploads\/2019\/09\/59710608_2034176643553389_1416637014886842368_n.jpg",620,394,false],"landscape":["https:\/\/arantv.az\/wp-content\/uploads\/2019\/09\/59710608_2034176643553389_1416637014886842368_n.jpg",620,394,false],"portraits":["https:\/\/arantv.az\/wp-content\/uploads\/2019\/09\/59710608_2034176643553389_1416637014886842368_n.jpg",620,394,false],"thumbnail":["https:\/\/arantv.az\/wp-content\/uploads\/2019\/09\/59710608_2034176643553389_1416637014886842368_n-150x150.jpg",150,150,true],"medium":["https:\/\/arantv.az\/wp-content\/uploads\/2019\/09\/59710608_2034176643553389_1416637014886842368_n-300x191.jpg",300,191,true],"large":["https:\/\/arantv.az\/wp-content\/uploads\/2019\/09\/59710608_2034176643553389_1416637014886842368_n.jpg",620,394,false],"1536x1536":["https:\/\/arantv.az\/wp-content\/uploads\/2019\/09\/59710608_2034176643553389_1416637014886842368_n.jpg",620,394,false],"2048x2048":["https:\/\/arantv.az\/wp-content\/uploads\/2019\/09\/59710608_2034176643553389_1416637014886842368_n.jpg",620,394,false],"post-thumbnail":["https:\/\/arantv.az\/wp-content\/uploads\/2019\/09\/59710608_2034176643553389_1416637014886842368_n-240x172.jpg",240,172,true],"advps-thumb-one":["https:\/\/arantv.az\/wp-content\/uploads\/2019\/09\/59710608_2034176643553389_1416637014886842368_n.jpg",620,394,false]},"rttpg_author":{"display_name":"V\u00fcsal Rafiqo\u011flu","author_link":"https:\/\/arantv.az\/?author=2"},"rttpg_comment":0,"rttpg_category":"<a href=\"https:\/\/arantv.az\/?cat=4\" rel=\"category\">Siyas\u0259t<\/a>","rttpg_excerpt":"Bizi qar\u015f\u0131da b\u0259l\u0259diyy\u0259 se\u00e7kil\u0259ri kimi vacib kampaniya g\u00f6zl\u0259yir. Yeni Az\u0259rbaycan Partiyas\u0131 (YAP) laz\u0131mi kampaniya aparacaq. ARANTV.AZ\u00a0\u00a0x\u0259b\u0259r verir ki, bunu YAP s\u0259drinin m\u00fcavini-icra katibi, Ba\u015f nazirin m\u00fcavini\u00a0\u018fli \u018fhm\u0259dov YAP-\u0131n rayon v\u0259 \u015f\u0259h\u0259r t\u0259\u015fkilatlar\u0131n\u0131n \u00fcmumrespublika m\u00fc\u015favir\u0259sind\u0259 deyib. Onun s\u00f6zl\u0259rin\u0259 g\u00f6r\u0259, b\u0259l\u0259diyy\u0259 se\u00e7kil\u0259ri \u00f6nc\u0259si \u00f6lk\u0259d\u0259 siyasi canlanma m\u00fc\u015fahid\u0259 edilir. \u018f.\u018fhm\u0259dov onu da \u0259lav\u0259 edib ki, m\u00fcxalif\u0259t elektorat formala\u015fd\u0131ra&hellip;","_links":{"self":[{"href":"https:\/\/arantv.az\/index.php?rest_route=\/wp\/v2\/posts\/77508"}],"collection":[{"href":"https:\/\/arantv.az\/index.php?rest_route=\/wp\/v2\/posts"}],"about":[{"href":"https:\/\/arantv.az\/index.php?rest_route=\/wp\/v2\/types\/post"}],"author":[{"embeddable":true,"href":"https:\/\/arantv.az\/index.php?rest_route=\/wp\/v2\/users\/2"}],"replies":[{"embeddable":true,"href":"https:\/\/arantv.az\/index.php?rest_route=%2Fwp%2Fv2%2Fcomments&post=77508"}],"version-history":[{"count":0,"href":"https:\/\/arantv.az\/index.php?rest_route=\/wp\/v2\/posts\/77508\/revisions"}],"wp:featuredmedia":[{"embeddable":true,"href":"https:\/\/arantv.az\/index.php?rest_route=\/wp\/v2\/media\/77509"}],"wp:attachment":[{"href":"https:\/\/arantv.az\/index.php?rest_route=%2Fwp%2Fv2%2Fmedia&parent=77508"}],"wp:term":[{"taxonomy":"category","embeddable":true,"href":"https:\/\/arantv.az\/index.php?rest_route=%2Fwp%2Fv2%2Fcategories&post=77508"},{"taxonomy":"post_tag","embeddable":true,"href":"https:\/\/arantv.az\/index.php?rest_route=%2Fwp%2Fv2%2Ftags&post=77508"}],"curies":[{"name":"wp","href":"https:\/\/api.w.org\/{rel}","templated":true}]}}