{"id":775249,"date":"2024-12-17T17:59:45","date_gmt":"2024-12-17T13:59:45","guid":{"rendered":"https:\/\/arantv.az\/?p=775249"},"modified":"2024-12-17T17:59:45","modified_gmt":"2024-12-17T13:59:45","slug":"milli-birlik-daimi-olmalidir","status":"publish","type":"post","link":"https:\/\/arantv.az\/?p=775249","title":{"rendered":"Milli birlik daimi olmal\u0131d\u0131r"},"content":{"rendered":"<p><em><strong>\u00dcmummilli Lider Heyd\u0259r \u018fliyevin s\u0259drliyi il\u0259 Nax\u00e7\u0131van Muxtar Respublikas\u0131 Ali M\u0259clisinin 16 dekabr 1991-ci ild\u0259 q\u0259bul etdiyi q\u0259rar d\u00fcnyan\u0131n m\u00fcxt\u0259lif \u00f6lk\u0259l\u0259rind\u0259 ya\u015fayan soyda\u015flar\u0131m\u0131z\u0131n birliyinin, h\u0259mr\u0259yliyinin m\u00f6hk\u0259ml\u0259ndirilm\u0259si istiqam\u0259tind\u0259 m\u00fch\u00fcm add\u0131m, bug\u00fcn\u00fcm\u00fcz v\u0259 g\u0259l\u0259c\u0259yimiz \u00fc\u00e7\u00fcn \u00e7a\u011f\u0131r\u0131\u015f oldu<\/strong><\/em><\/p>\n<p>\u00abBizim xaricd\u0259 ya\u015fayan g\u0259nc az\u0259rbaycanl\u0131lar\u0131m\u0131z h\u0259m \u0130kinci Qaraba\u011f m\u00fcharib\u0259sinin tarixini yax\u015f\u0131 bilm\u0259lidir, h\u0259m d\u0259 bu h\u0259qiq\u0259tl\u0259ri \u00f6z dostlar\u0131na \u00e7atd\u0131rmal\u0131d\u0131rlar. Y\u0259ni, bir s\u00f6zl\u0259, xaricd\u0259 ya\u015fayan az\u0259rbaycanl\u0131lar b\u00f6y\u00fck q\u00fcvv\u0259dir. Onlar\u0131n f\u0259aliyy\u0259ti \u00f6lk\u0259miz \u00fc\u00e7\u00fcn \u00e7ox \u00f6n\u0259mlidir. Onlar\u0131n f\u0259all\u0131\u011f\u0131 v\u0259 Az\u0259rbaycan h\u0259qiq\u0259tl\u0259rinin \u00e7atd\u0131r\u0131lmas\u0131, Az\u0259rbaycan maraqlar\u0131n\u0131n m\u00fcdafi\u0259 edilm\u0259si, \u0259lb\u0259tt\u0259 ki, bizim d\u00f6vl\u0259timizi daha da g\u00fccl\u0259ndirir. Biz Az\u0259rbaycan d\u00f6vl\u0259ti olaraq \u00f6z f\u0259aliyy\u0259timizd\u0259 h\u0259mi\u015f\u0259 xaricd\u0259 ya\u015fayan az\u0259rbaycanl\u0131lar\u0131n ya\u015fay\u0131\u015f\u0131 il\u0259 maraqlan\u0131r\u0131q, t\u0259maslar qururuq. D\u00f6vl\u0259tl\u0259raras\u0131 m\u00fcnasib\u0259tl\u0259r m\u00fcst\u0259visind\u0259 bu, \u00f6n\u0259mli bir amildir.\u00bb D\u00f6vl\u0259t ba\u015f\u00e7\u0131s\u0131 \u0130lham \u018fliyev tarixi Z\u0259f\u0259rimizd\u0259n sonra d\u00fcnyan\u0131n m\u00fcxt\u0259lif \u00f6lk\u0259l\u0259rind\u0259 ya\u015fayan soyda\u015flar\u0131m\u0131z\u0131 \u015eu\u015fada bir araya g\u0259tir\u0259n D\u00fcnya Az\u0259rbaycanl\u0131lar\u0131n\u0131n V Qurultay\u0131nda \u00e7\u0131x\u0131\u015f\u0131nda onu da \u0259lav\u0259 etdi ki, bu g\u00fcn v\u0259ziyy\u0259t tam ba\u015fqad\u0131r. Bu g\u00fcn aln\u0131m\u0131z a\u00e7\u0131qd\u0131r, \u00fcz\u00fcm\u00fcz g\u00fcl\u00fcr, ba\u015f\u0131m\u0131z dikdir v\u0259 h\u0259mi\u015f\u0259 bel\u0259 olacaq. Bundan sonra Az\u0259rbaycan xalq\u0131 m\u00fcz\u0259ff\u0259r xalq, Az\u0259rbaycan d\u00f6vl\u0259ti qalib d\u00f6vl\u0259t kimi \u0259b\u0259di ya\u015fayacaq. Biz \u00f6z torpa\u011f\u0131m\u0131zday\u0131q, bu torpaqda m\u00f6hk\u0259m dayanm\u0131\u015f\u0131q v\u0259 he\u00e7 kim he\u00e7 vaxt bu torpaqlardan bizi t\u0259rp\u0259d\u0259 bilm\u0259z.<\/p>\n<p>Az\u0259rbaycan\u0131n tarixi Z\u0259f\u0259ri, \u0259razi b\u00fct\u00f6vl\u00fcy\u00fcn\u00fcn v\u0259 suverenliyinin tam b\u0259rpa edilm\u0259si birliyimizin, h\u0259mr\u0259yliyimizin t\u0259qdimat\u0131nda \u0259h\u0259miyy\u0259tli rol oynad\u0131. 44 g\u00fcnl\u00fck \u0130kinci Qaraba\u011f m\u00fcharib\u0259sinin r\u0259mzin\u0259 \u00e7evril\u0259n \u00abD\u0259mir yumruq\u00bb h\u0259m g\u00fcc\u00fcm\u00fcz\u00fc, h\u0259m d\u0259 birliyimizin n\u00fcmayi\u015fi kimi d\u0259y\u0259rl\u0259ndirildi. D\u00fcnyan\u0131n m\u00fcxt\u0259lif \u00f6lk\u0259l\u0259rind\u0259 ya\u015fayan soyda\u015flar\u0131m\u0131z h\u0259r zaman oldu\u011fu kimi, V\u0259t\u0259n m\u00fcharib\u0259sinin gedi\u015fi d\u00f6vr\u00fcnd\u0259 d\u0259 h\u0259qiq\u0259tl\u0259rimizin t\u0259bli\u011find\u0259 x\u00fcsusi f\u0259all\u0131q n\u00fcmayi\u015f etdirdil\u0259r. Az\u0259rbaycan v\u0259 T\u00fcrkiy\u0259 diasporunun birg\u0259 f\u0259aliyy\u0259ti m\u00fcharib\u0259nin gedi\u015find\u0259 t\u0259bli\u011fat i\u015finin y\u00fcks\u0259k s\u0259viyy\u0259d\u0259 h\u0259yata ke\u00e7irilm\u0259sind\u0259 \u00f6z s\u00f6z\u00fcn\u00fc dedi.<\/p>\n<p>\u00dcmummilli Lider Heyd\u0259r \u018fliyevin 1993-c\u00fc ild\u0259 xalq\u0131n t\u0259kidli t\u0259l\u0259bi il\u0259 hakimiyy\u0259t\u0259 qay\u0131d\u0131\u015f\u0131ndan sonra m\u00fch\u00fcm \u00e7a\u0131r\u0131\u015flar\u0131ndan biri d\u00fcnya az\u0259rbaycanl\u0131lar\u0131na oldu. Bel\u0259 ki, Ulu \u00d6nd\u0259r Heyd\u0259r \u018fliyev bildirirdi ki, m\u00fcst\u0259qilliyimizi v\u0259 suverenliyimizi daim etm\u0259k \u00fc\u00e7\u00fcn harada ya\u015famas\u0131ndan as\u0131l\u0131 olmayaraq b\u00fct\u00fcn d\u00fcnya az\u0259rbaycanl\u0131lar\u0131ndan bir amal- az\u0259rbaycan\u00e7\u0131l\u0131q ideologiyas\u0131 \u0259traf\u0131nda s\u0131x birlik t\u0259l\u0259b edilir. Bu fakt inkaredilm\u0259zdir ki, az\u0259rbaycan\u00e7\u0131l\u0131q ideologiyas\u0131n\u0131n inki\u015faf etdirilm\u0259si v\u0259 t\u0259bli\u011fi b\u00fct\u00fcn d\u00f6vrl\u0259rd\u0259 \u00dcmummilli Lider Heyd\u0259r \u018fliyevin f\u0259aliyy\u0259tinin \u0259sas\u0131n\u0131 t\u0259\u015fkil edib.<\/p>\n<p>Ulu \u00d6nd\u0259r Heyd\u0259r \u018fliyevin f\u0259aliyy\u0259tinin Nax\u00e7\u0131van m\u0259rh\u0259l\u0259si d\u0259 Az\u0259rbaycan\u0131n bu g\u00fcn\u00fc v\u0259 g\u0259l\u0259c\u0259yi \u00fc\u00e7\u00fcn g\u00f6r\u00fcl\u0259n m\u00fch\u00fcm i\u015fl\u0259rl\u0259 z\u0259ngindir. Bel\u0259 ki, 1991-ci il dekabr\u0131n 16-da Nax\u00e7\u0131van Muxtar Respublikas\u0131 Ali M\u0259clisinin \u00dcmummilli Lider Heyd\u0259r \u018fliyevin s\u0259drliyi il\u0259 ke\u00e7\u0259n iclas\u0131nda 31 dekabr\u0131n D\u00fcnya Az\u0259rbaycanl\u0131lar\u0131n\u0131n H\u0259mr\u0259ylik bayram\u0131 kimi qeyd olunmas\u0131 bar\u0259d\u0259 q\u0259rar q\u0259bul edildi. Ali M\u0259clis bununla ba\u011fl\u0131 qanunvericilik akt\u0131n\u0131n q\u0259bul olunmas\u0131 \u00fc\u00e7\u00fcn \u00f6lk\u0259 parlamentin\u0259 &#8211; Ali Sovet\u0259 m\u00fcraci\u0259t etdi. Dekabr\u0131n 25-d\u0259 Az\u0259rbaycan Respublikas\u0131 Ali Sovetinin Milli \u015euras\u0131 m\u00fcraci\u0259ti n\u0259z\u0259r\u0259 alaraq, dekabr\u0131n 31-nin D\u00fcnya Az\u0259rbaycanl\u0131lar\u0131n\u0131n H\u0259mr\u0259yliyi G\u00fcn\u00fc elan olunmas\u0131 bar\u0259d\u0259 qanun q\u0259bul edib.<\/p>\n<p>Dahi \u015f\u0259xsiyy\u0259t Heyd\u0259r \u018fliyev 1993-c\u00fc ild\u0259 xalq\u0131n t\u0259kidli t\u0259l\u0259bi il\u0259 hakimiyy\u0259t\u0259 qay\u0131d\u0131\u015f\u0131ndan sonra d\u00fcnya az\u0259rbaycanl\u0131lar\u0131n\u0131n birliyinin yarad\u0131lmas\u0131n\u0131, diaspor quruculu\u011funu d\u00f6vl\u0259t siyas\u0259tinin \u0259sas t\u0259rkib hiss\u0259si kimi \u00f6nd\u0259 saxlad\u0131. Bel\u0259 bir \u00e7a\u011f\u0131r\u0131\u015f\u0131 s\u0259sl\u0259ndirdi ki, diaspor h\u0259r bir d\u00f6vl\u0259tin xaricd\u0259ki varl\u0131\u011f\u0131 dem\u0259kdir. M\u00fcst\u0259qillik yollar\u0131nda ilk add\u0131mlar\u0131n\u0131 atan h\u0259r bir d\u00f6vl\u0259tin qar\u015f\u0131s\u0131nda dayanan m\u00fch\u00fcm v\u0259zif\u0259l\u0259rd\u0259n biri xaricd\u0259 varl\u0131\u011f\u0131n\u0131n t\u0259sdiql\u0259nm\u0259sidir ki, diaspor i\u015finin y\u00fcks\u0259k s\u0259viyy\u0259d\u0259 qurulmas\u0131 bu h\u0259d\u0259f\u0259 \u00f6z t\u00f6hf\u0259l\u0259rini verir. \u00dcmummilli Lider \u00f6nc\u0259 d\u00fcnyan\u0131n m\u00fcxt\u0259lif \u00f6lk\u0259l\u0259rind\u0259 diaspor m\u0259rk\u0259zl\u0259rinin, c\u0259miyy\u0259tl\u0259rinin yarad\u0131lmas\u0131n\u0131 diqq\u0259td\u0259 saxlad\u0131. Buna nail olduqdan sonra onlar\u0131n bir m\u0259rk\u0259zd\u0259n idar\u0259 olunmalar\u0131n\u0131 t\u0259min etm\u0259k \u00fc\u00e7\u00fcn D\u00fcnya Az\u0259rbaycanl\u0131lar\u0131n\u0131n Qurultay\u0131n\u0131n ke\u00e7irilm\u0259si t\u0259\u015f\u0259bb\u00fcs\u00fc il\u0259 \u00e7\u0131x\u0131\u015f etdi. Ulu \u00d6nd\u0259rin S\u0259r\u0259ncam\u0131 il\u0259 2001-ci il noyabr\u0131n 9-10-da Bak\u0131da D\u00fcnya Az\u0259rbaycanl\u0131lar\u0131n\u0131n I Qurultay\u0131 ke\u00e7irildi. Qurultay soyda\u015flar\u0131m\u0131z\u0131n milli m\u0259nlik \u015f\u00fcurunun g\u00fccl\u0259nm\u0259sin\u0259, m\u00fcxt\u0259lif \u00f6lk\u0259l\u0259rd\u0259 az\u0259rbaycanl\u0131 icmalar\u0131n\u0131n m\u00fct\u0259\u015f\u0259kkilliyinin v\u0259 f\u0259all\u0131\u011f\u0131n\u0131n artmas\u0131na t\u0259sir g\u00f6st\u0259rdi. Bu, \u00f6lk\u0259nin ictimai-siyasi h\u0259yat\u0131nda yeni bir h\u0259r\u0259kat, d\u00f6vl\u0259t siyas\u0259tinin yeni bir istiqam\u0259ti idi. H\u0259min qurultayda Ulu \u00d6nd\u0259rin b\u00f6y\u00fck iftixarla s\u00f6yl\u0259diyi \u00abM\u0259n h\u0259mi\u015f\u0259 f\u0259xr etmi\u015f\u0259m, bu g\u00fcn d\u0259 f\u0259xr edir\u0259m ki, m\u0259n az\u0259rbaycanl\u0131yam!\u00bb k\u0259lam\u0131 bu g\u00fcn harada ya\u015famas\u0131ndan as\u0131l\u0131 olmayaraq b\u00fct\u00fcn d\u00fcnya az\u0259rbaycanl\u0131lar\u0131n\u0131n h\u0259yat amal\u0131na \u00e7evrilib.<\/p>\n<p>Qurultaydan sonra \u00dcmummilli Lider Heyd\u0259r \u018fliyevin F\u0259rman\u0131 il\u0259 xaricd\u0259ki soyda\u015flar\u0131m\u0131zla \u0259laq\u0259l\u0259rin geni\u015fl\u0259ndirilm\u0259si v\u0259 inki\u015faf etdirilm\u0259si m\u0259qs\u0259dil\u0259 Xarici \u00d6lk\u0259l\u0259rd\u0259 Ya\u015fayan Az\u0259rbaycanl\u0131larla \u0130\u015f \u00fczr\u0259 D\u00f6vl\u0259t Komit\u0259si (haz\u0131rda Diasporla \u0130\u015f \u00fczr\u0259 D\u00f6vl\u0259t Komit\u0259si) yarad\u0131ld\u0131. \u00dcmummilli Lider Heyd\u0259r \u018fliyev siyasi f\u0259ls\u0259f\u0259sin\u0259, Onun liderlik m\u0259kt\u0259bin\u0259 s\u00f6yk\u0259n\u0259n Prezident \u0130lham \u018fliyev Ulu \u00d6nd\u0259rin dig\u0259r sah\u0259l\u0259rd\u0259 oldu\u011fu kimi, bu istiqam\u0259td\u0259 d\u0259 siyas\u0259tini u\u011furla davam etdirir. Bel\u0259 ki, Prezident \u0130lham \u018fliyevin s\u0259r\u0259ncamlar\u0131na \u0259sas\u0259n, 2006-c\u0131 ild\u0259 II, 2011-ci ild\u0259 III, 2016-c\u0131 ild\u0259 IV Qurultay ke\u00e7irildi. 2022-ci ild\u0259 ke\u00e7iril\u0259n Z\u0259f\u0259r Qurultay\u0131 Az\u0259rbaycan diasporunun m\u00fcst\u0259qillik tariximizd\u0259 q\u0259t etdiyi \u015f\u0259r\u0259fli yolun, postm\u00fcnaqi\u015f\u0259 d\u00f6vr\u00fcnd\u0259 onlar\u0131n qar\u015f\u0131s\u0131nda dayanan v\u0259zif\u0259l\u0259rin t\u0259qdimat\u0131 oldu.<\/p>\n<p>Milli birliyi, Az\u0259rbaycana m\u0259h\u0259bb\u0259ti, milli-m\u0259n\u0259vi d\u0259y\u0259rl\u0259rimiz\u0259 h\u00f6rm\u0259ti, V\u0259t\u0259n\u0259, d\u00f6vl\u0259t\u0259, xalqa ba\u011fl\u0131l\u0131\u011f\u0131 \u00f6z\u00fcnd\u0259 t\u0259c\u0259ss\u00fcm etdir\u0259n az\u0259rbaycan\u00e7\u0131l\u0131q ideologiyas\u0131n\u0131n inki\u015faf etdirilm\u0259si b\u00fct\u00fcn d\u00f6vrl\u0259rd\u0259 \u00f6z aktuall\u0131\u011f\u0131n\u0131 qoruyur. Haz\u0131rda bu, \u0259sas \u00e7a\u011f\u0131r\u0131\u015flar s\u0131ras\u0131ndad\u0131r. D\u00f6vl\u0259timizin ba\u015f\u00e7\u0131s\u0131 \u0130lham \u018fliyev bu ilin fevral\u0131nda ke\u00e7iril\u0259n prezident se\u00e7kil\u0259rind\u0259 inaml\u0131 q\u0259l\u0259b\u0259sind\u0259n sonra andi\u00e7m\u0259 m\u0259rasimind\u0259 qar\u015f\u0131da dayanan h\u0259d\u0259fl\u0259rd\u0259n b\u0259hs ed\u0259rk\u0259n bildirdi ki, az\u0259rbaycan\u00e7\u0131l\u0131q ideologiyas\u0131, prinsipl\u0259ri Az\u0259rbaycanda \u00e7oxdan b\u0259rq\u0259rar olub. Ulu \u00d6nd\u0259r Heyd\u0259r \u018fliyevin biz\u0259 qoydu\u011fu d\u0259y\u0259rli miraslardan biri m\u0259hz az\u0259rbaycan\u00e7\u0131l\u0131q m\u0259fkur\u0259sidir. \u00abBiz &#8211; onun davam\u00e7\u0131lar\u0131 is\u0259 bu m\u00fcsb\u0259t meyill\u0259ri \u00f6z t\u0259r\u0259fimizd\u0259n daha da g\u00fccl\u0259ndiririk. Az\u0259rbaycanda ya\u015fayan b\u00fct\u00fcn xalqlar vahid, mehriban ail\u0259 kimi ya\u015fay\u0131r. Bizim birliyimizi pozmaq ist\u0259y\u0259nl\u0259r n\u0259 q\u0259d\u0259r c\u0259hd g\u00f6st\u0259rs\u0259l\u0259r d\u0259 buna nail ola bilm\u0259yibl\u0259r v\u0259 he\u00e7 vaxt nail ola bilm\u0259y\u0259c\u0259kl\u0259r\u00bb s\u00f6yl\u0259y\u0259n c\u0259nab \u0130lham \u018fliyev qeyd etdi ki, \u00e7\u00fcnki ham\u0131m\u0131z bir amal u\u011frunda birl\u0259\u015fmi\u015fik. Ham\u0131m\u0131z \u015f\u0259hidl\u0259r vermi\u015fik, qan t\u00f6km\u00fc\u015f\u00fck. Erm\u0259ni i\u015f\u011fal\u00e7\u0131lara qar\u015f\u0131 sin\u0259mizi qaba\u011fa verib d\u00f6y\u00fc\u015f\u0259 getmi\u015fik. Bu birlik, bu h\u0259mr\u0259ylik v\u0259 bu \u015fanl\u0131 Z\u0259f\u0259r tarixi Az\u0259rbaycanda ya\u015fayan b\u00fct\u00fcn xalqlar\u0131 daha da s\u0131x birl\u0259\u015fdirir v\u0259 bu da \u0259sas v\u0259zif\u0259l\u0259rd\u0259n biri kimi qar\u015f\u0131ya qoyulur. Bu sah\u0259d\u0259 \u00e7ox b\u00f6y\u00fck tarixi nailiyy\u0259tl\u0259r var. Baxmayaraq ki, m\u00fcxt\u0259lif istiqam\u0259tl\u0259rd\u0259n bu birliyi pozmaq, aram\u0131za girm\u0259k, t\u0259xribat xarakterli uydurmalar\u0131 ortaya atmaq c\u0259hdl\u0259ri kifay\u0259t q\u0259d\u0259r \u00e7ox olub v\u0259 olacaq. \u00c7\u00fcnki bizi ist\u0259m\u0259y\u0259n, g\u00fcc\u00fcm\u00fcz\u00fc q\u0259bul, Erm\u0259nistan \u00fcz\u0259rind\u0259 parlaq Q\u0259l\u0259b\u0259mizi h\u0259zm ed\u0259 bilm\u0259y\u0259n anti-Az\u0259rbaycan q\u00fcvv\u0259l\u0259r \u00e7al\u0131\u015facaqlar ki, bu amild\u0259n istifad\u0259 etsinl\u0259r. Onlar\u0131n s\u0259yl\u0259ri \u0259b\u0259s olacaq. Birliyimiz bu s\u0259yl\u0259r qar\u015f\u0131s\u0131nda bir s\u0259dd kimi durmal\u0131d\u0131r v\u0259 durur. Bu istiqam\u0259td\u0259 bundan sonra da laz\u0131mi add\u0131mlar at\u0131lacaq.<\/p>\n<p>C\u0259nab \u0130lham \u018fliyevin d\u0259 qeyd etdiyi kimi, d\u00fcnya bu birliyi V\u0259t\u0259n m\u00fcharib\u0259sind\u0259 bir daha g\u00f6rd\u00fc. 2020-ci ild\u0259 Erm\u0259nistan silahl\u0131 q\u00fcvv\u0259l\u0259ri d\u0259f\u0259l\u0259rl\u0259 h\u0259rbi t\u0259xribatlar t\u00f6r\u0259tdi v\u0259 h\u0259r d\u0259f\u0259 Az\u0259rbaycan Ordusu bu h\u00fccumlar\u0131n qar\u015f\u0131s\u0131n\u0131 q\u0259tiyy\u0259tl\u0259 ald\u0131. 2020-ci ilin 27 sentyabr tarixind\u0259 Erm\u0259nistan silahl\u0131 q\u00fcvv\u0259l\u0259rinin Az\u0259rbaycan \u0259razil\u0259rini raket at\u0259\u015fin\u0259 tutmas\u0131 44 g\u00fcnl\u00fck \u0130kinci Qaraba\u011f m\u00fcharib\u0259sinin ba\u015flamas\u0131na s\u0259b\u0259b oldu. Xalq\u0131m\u0131z m\u00fcharib\u0259nin ilk g\u00fcn\u00fcnd\u0259n d\u00f6vl\u0259t ba\u015f\u00e7\u0131s\u0131, Silahl\u0131 Q\u00fcvv\u0259l\u0259rin Ali Ba\u015f Komandan\u0131 \u0130lham \u018fliyevin u\u011furlu siyas\u0259ti n\u0259tic\u0259sind\u0259 torpaqlar\u0131m\u0131z\u0131n i\u015f\u011faldan azad edil\u0259c\u0259yin\u0259 \u0259min idi. \u00d6z Liderinin \u0259traf\u0131nda d\u0259mir yumruq t\u0259k birl\u0259\u015f\u0259n xalq\u0131m\u0131z ordumuza arxa-dayaq oldu, d\u00fc\u015fm\u0259n bu g\u00fcc\u00fcn qar\u015f\u0131s\u0131nda c\u0259mi 44 g\u00fcn dayana bildi. 30 il i\u015f\u011fal alt\u0131nda qalan torpaqlar\u0131m\u0131z d\u00fc\u015fm\u0259n tapda\u011f\u0131ndan azad edildi. Birliyimiz 2023-c\u00fc ilin sentyabr\u0131nda n\u00f6vb\u0259ti Z\u0259f\u0259r\u0259 imza atma\u011f\u0131m\u0131z\u0131 \u015f\u0259rtl\u0259ndirdi. Sentyabr ay\u0131nda M\u00fcz\u0259ff\u0259r Ali Ba\u015f Komandan \u0130lham \u018fliyevin r\u0259hb\u0259rliyi il\u0259 r\u0259\u015fad\u0259tli ordumuzun h\u0259yata ke\u00e7irdiyi bir g\u00fcnl\u00fck antiterror t\u0259dbirl\u0259ri n\u0259tic\u0259sind\u0259 suverenliyimiz tam b\u0259rpa edildi. D\u00f6vl\u0259t ba\u015f\u00e7\u0131s\u0131 \u0130lham \u018fliyev \u00f6t\u0259n ilin 15 oktyabr tarixind\u0259 Xank\u0259ndid\u0259, Xocal\u0131da, A\u011fd\u0259r\u0259d\u0259, Xocav\u0259ndd\u0259 Az\u0259rbaycan Bayra\u011f\u0131n\u0131 ucaltd\u0131. 44 g\u00fcnl\u00fck V\u0259t\u0259n m\u00fcharib\u0259si d\u00f6vr\u00fcnd\u0259 oldu\u011fu kimi, sentyabr ay\u0131nda ke\u00e7irilmi\u015f antiterror \u0259m\u0259liyyat\u0131 zaman\u0131 da d\u00fcnya az\u0259rbaycanl\u0131lar\u0131n\u0131n h\u0259mr\u0259ylik n\u00fcmayi\u015f etdirm\u0259si, Az\u0259rbaycan Prezidentinin \u0259traf\u0131nda s\u0131x birl\u0259\u015fm\u0259si xalq\u0131m\u0131z v\u0259 mill\u0259timiz aras\u0131nda sars\u0131lmaz ba\u011flar\u0131n m\u00f6vcudlu\u011funun g\u00f6st\u0259ricisidir. M\u0259hz bu q\u0131r\u0131lmaz ba\u011flar b\u00fct\u00fcn d\u00fcnya g\u00fccl\u0259ri qar\u015f\u0131s\u0131nda az\u0259rbaycanl\u0131lar\u0131n hans\u0131 q\u00fcdr\u0259t\u0259 sahib oldu\u011funu n\u00fcmayi\u015f etdirdi. Bu birliyin v\u0259 birlikd\u0259 \u0259ld\u0259 edilmi\u015f g\u00fcc\u00fcn say\u0259sind\u0259 bu g\u00fcn az\u0259rbaycanl\u0131lar d\u00fcnyan\u0131n h\u0259r yerind\u0259 b\u00f6y\u00fck q\u00fcrurla, aln\u0131 a\u00e7\u0131q, ba\u015f\u0131 uca g\u0259zirl\u0259r.<\/p>\n<p>D\u00fcnya Az\u0259rbaycanl\u0131lar\u0131n\u0131n Z\u0259f\u0259r Qurultay\u0131 65 \u00f6lk\u0259d\u0259n 400-d\u0259n \u00e7ox diaspor n\u00fcmay\u0259nd\u0259sini \u015eu\u015faya toplayaraq bu m\u00fcq\u0259dd\u0259s m\u0259kandan m\u00fch\u00fcm mesajlar\u0131n s\u0259sl\u0259ndirilm\u0259sin\u0259 geni\u015f imkanlar yaratd\u0131. D\u00f6vl\u0259t ba\u015f\u00e7\u0131s\u0131 \u0130lham \u018fliyevin h\u0259r bir \u00e7\u0131x\u0131\u015f\u0131 Erm\u0259nistana v\u0259 ona havadarl\u0131q ed\u0259n d\u00f6vl\u0259tl\u0259r\u0259 ciddi mesajlarla z\u0259ngin olur. S\u00f6z\u00fcged\u0259n Z\u0259f\u0259r Qurultay\u0131nda \u00abBuraya g\u0259l\u0259rk\u0259n 2001-ci ild\u0259 ke\u00e7irilmi\u015f ilk qurultay\u0131 xat\u0131rlay\u0131rd\u0131m. Bildiyiniz kimi, Ulu \u00d6nd\u0259r Heyd\u0259r \u018fliyevin t\u0259\u015f\u0259bb\u00fcs\u00fc il\u0259 ilk qurultay 2001-ci ild\u0259 ke\u00e7irilmi\u015fdir. Ulu \u00d6nd\u0259r d\u0259rin m\u0259zmunlu \u00e7\u0131x\u0131\u015f\u0131nda, eyni zamanda, t\u0259bii ki, Qaraba\u011f problemi il\u0259 ba\u011fl\u0131 \u00f6z fikirl\u0259rini bildirmi\u015fdir v\u0259 demi\u015fdir ki, Az\u0259rbaycan \u00f6z \u0259razi b\u00fct\u00f6vl\u00fcy\u00fcn\u00fc b\u0259rpa ed\u0259c\u0259k, i\u015f\u011fal alt\u0131nda olan torpaqlar i\u015f\u011faldan azad edil\u0259c\u0259k v\u0259 Az\u0259rbaycan xalq\u0131 \u00f6z d\u0259d\u0259-baba torpaqlar\u0131na qay\u0131dacaqd\u0131r. Biz &#8211; Ulu \u00d6nd\u0259rin davam\u00e7\u0131lar\u0131 bu s\u00f6zl\u0259ri ger\u00e7\u0259y\u0259 \u00e7evirdik\u00bb s\u00f6yl\u0259y\u0259n d\u00f6vl\u0259timizn ba\u015f\u00e7\u0131s\u0131 \u0130lham \u018fliyev bunun davam\u0131 olaraq onu da vur\u011fulad\u0131 ki, V qurultaya haz\u0131rl\u0131q i\u015fl\u0259ri ba\u015flayark\u0259n m\u0259n\u0259 m\u0259ruz\u0259 edildi. Dedim ki, bu qurultay m\u00fctl\u0259q \u015eu\u015fada ke\u00e7irilm\u0259lidir: \u00ab\u018fmin\u0259m ki, qurultay i\u015ftirak\u00e7\u0131lar\u0131 da buna \u00e7ox m\u00fcsb\u0259t yana\u015f\u0131blar v\u0259 b\u00f6y\u00fck h\u0259v\u0259sl\u0259 \u015eu\u015faya, q\u0259dim \u015eu\u015faya, bizim m\u0259d\u0259niyy\u0259timizin paytaxt\u0131 olan \u015eu\u015faya g\u0259lmi\u015fl\u0259r. \u015eu\u015fa da \u00f6z do\u011fmalar\u0131n\u0131 bax, bel\u0259 g\u00fcn\u0259\u015fli hava il\u0259 qar\u015f\u0131lay\u0131r v\u0259 bu, bir daha onu g\u00f6st\u0259rir ki, bura bizim tarixi torpa\u011f\u0131m\u0131zd\u0131r. H\u0259tta t\u0259bi\u0259t, g\u00fcn\u0259\u015f d\u0259 biziml\u0259 h\u0259mr\u0259ydir.\u00bb<\/p>\n<p>M\u00fcz\u0259ff\u0259r Ali Ba\u015f Komandan \u0130lham \u018fliyev \u00e7\u0131x\u0131\u015f\u0131nda 30 illik i\u015f\u011fal, 44 g\u00fcnl\u00fck V\u0259t\u0259n m\u00fcharib\u0259sinin v\u0259 postm\u00fcnaqi\u015f\u0259 d\u00f6vr\u00fcn\u00fcn reall\u0131qlar\u0131ndan geni\u015f b\u0259hs ed\u0259r\u0259k d\u00fcnya az\u0259rbaycanl\u0131lar\u0131na bu m\u00fcraci\u0259ti etdi ki, ya\u015fad\u0131\u011f\u0131n\u0131z \u00f6lk\u0259l\u0259rin ictimaiyy\u0259tini, \u0259g\u0259r bel\u0259 dem\u0259k m\u00fcmk\u00fcnd\u00fcrs\u0259, Az\u0259rbaycan reall\u0131qlar\u0131, postm\u00fcnaqi\u015f\u0259 d\u00f6vr\u00fc v\u0259 Az\u0259rbaycan tarixi haqq\u0131nda maarifl\u0259ndirm\u0259k laz\u0131md\u0131r. Bu, \u00e7ox vacibdir. \u00c7\u00fcnki tarixi amill\u0259r h\u0259mi\u015f\u0259 ist\u0259nil\u0259n m\u00fcnaqi\u015f\u0259nin siyasi v\u0259 dig\u0259r yollarla h\u0259ll edilm\u0259si \u00fc\u00e7\u00fcn \u00e7ox vacibdir. Tarix d\u0259 g\u00f6z qaba\u011f\u0131ndad\u0131r. Uzaq tarix\u0259 getm\u0259y\u0259 ehtiyac yoxdur. Sad\u0259c\u0259 olaraq, XIX \u0259srd\u0259 imzalanm\u0131\u015f m\u00fcqavil\u0259l\u0259ri beyn\u0259lxalq ictimaiyy\u0259t\u0259 \u00e7atd\u0131rmaq kifay\u0259tdir.<\/p>\n<p>D\u00f6vl\u0259timizin diaspor siyas\u0259ti, h\u0259mv\u0259t\u0259nl\u0259rimizin birlik v\u0259 h\u0259mr\u0259yliyinin m\u00f6hk\u0259ml\u0259ndirilm\u0259si, onlar\u0131n daha m\u00fct\u0259\u015f\u0259kkil formada t\u0259\u015fkilatlanmas\u0131 prosesi \u00f6z\u00fcn\u00fcn yeni m\u0259rh\u0259l\u0259sin\u0259 q\u0259d\u0259m qoyub. Art\u0131q d\u00fcnya az\u0259rbaycanl\u0131lar\u0131 ya\u015fad\u0131qlar\u0131 \u00f6lk\u0259l\u0259rin sosial-iqtisadi, ictimai-siyasi v\u0259 m\u0259d\u0259ni h\u0259yat\u0131nda daha f\u0259al rol oynay\u0131r, respublikam\u0131zla qar\u015f\u0131l\u0131ql\u0131 \u0259laq\u0259l\u0259rin geni\u015fl\u0259nm\u0259sin\u0259 b\u00f6y\u00fck t\u00f6hf\u0259 verir, Az\u0259rbaycan h\u0259qiq\u0259tl\u0259rinin d\u00fcnya ictimaiyy\u0259tin\u0259 \u00e7atd\u0131r\u0131lmas\u0131nda, z\u0259ngin m\u0259d\u0259ni irsimizin t\u0259bli\u011find\u0259, t\u0259cav\u00fczkar erm\u0259ni dair\u0259l\u0259rinin ideoloji t\u0259xribatlar\u0131n\u0131n qar\u015f\u0131s\u0131n\u0131n al\u0131nmas\u0131nda q\u0259tiyy\u0259t n\u00fcmayi\u015f etdirirl\u0259r. Tarixi Z\u0259f\u0259rimizin reall\u0131qlar\u0131 \u0259sas\u0131nda ke\u00e7iril\u0259n D\u00fcnya Az\u0259rbaycanl\u0131lar\u0131n\u0131n V Qurultay\u0131nda qar\u015f\u0131ya qoyulan v\u0259zif\u0259l\u0259rin u\u011furlu icras\u0131 haz\u0131rk\u0131 d\u00f6vrd\u0259 yeni, b\u00fct\u00f6vl\u0259\u015f\u0259n Az\u0259rbaycan\u0131n yeni h\u0259d\u0259fl\u0259rinin reall\u0131\u011fa \u00e7evrilm\u0259sind\u0259 \u00f6z s\u00f6z\u00fcn\u00fc deyir. \u0130deoloji m\u00fcbariz\u0259d\u0259 \u00fcst\u00fcnl\u00fcy\u00fcm\u00fcz\u00fc qorumal\u0131y\u0131q. Bu is\u0259 \u00f6z n\u00f6vb\u0259sind\u0259 tarixi \u0259dal\u0259t\u0259, real faktlara \u0259saslanan t\u0259bli\u011fat\u0131m\u0131z\u0131n daha da g\u00fccl\u0259ndirilm\u0259sini qar\u015f\u0131ya \u0259sas v\u0259zif\u0259 kimi qoyur. Tarixi \u0259dal\u0259tin b\u0259rpas\u0131nda dipomatik m\u00fcbariz\u0259d\u0259 q\u0259l\u0259b\u0259miz \u0259h\u0259miyy\u0259tli rol oynad\u0131. \u00dcmummilli Lider Heyd\u0259r \u018fliyevin 1993-c\u00fc ild\u0259 xalq\u0131n t\u0259kidli t\u0259l\u0259bi il\u0259 hakimiyy\u0259t\u0259 qay\u0131d\u0131\u015f\u0131ndan sonra Az\u0259rbaycan\u0131n \u0259traf\u0131nda yarad\u0131lan informasiya blokadas\u0131n\u0131n yar\u0131lmas\u0131 istiqam\u0259tind\u0259 at\u0131lan add\u0131mlar\u0131n u\u011furlu n\u0259tic\u0259l\u0259ri 44 g\u00fcnl\u00fck \u0130kinci Qaraba\u011f m\u00fcharib\u0259sind\u0259 tarixi Z\u0259f\u0259rimizd\u0259 \u00f6z\u00fcn\u00fcn ayd\u0131n ifad\u0259sini tap\u0131r. Ulu \u00d6nd\u0259rin siyasi kursunu u\u011furla davam etdir\u0259n Prezident \u0130lham \u018fliyevin atd\u0131\u011f\u0131 h\u0259r bir add\u0131m\u0131n \u0259sas\u0131nda birliyimizin, h\u0259mr\u0259yliyimizin daha da m\u00f6hk\u0259ml\u0259ndirilm\u0259si, g\u0259ncl\u0259rin milli ruhda t\u0259rbiy\u0259 olunmas\u0131 dayan\u0131r: \u00abBu g\u00fcn Az\u0259rbaycan xalq\u0131 bir yumruq kimi birl\u0259\u015fib. Bizi birl\u0259\u015fdir\u0259n \u00fcmummilli m\u0259s\u0259l\u0259 Qaraba\u011f\u0131n azad edilm\u0259si idi. Bu m\u0259s\u0259l\u0259 art\u0131q \u00f6z h\u0259llini tapd\u0131 v\u0259 bu birlik daimi olmal\u0131d\u0131r. Milli birlik daimi olmal\u0131d\u0131r, \u00e7\u00fcnki Az\u0259rbaycan\u0131n \u00f6n\u0259mi art\u0131r, d\u00fcnyada oynad\u0131\u011f\u0131 rolu art\u0131r. \u018flb\u0259tt\u0259, biz\u0259 qar\u015f\u0131 bundan sonra da ideoloji t\u0259xribatlar n\u0259inki istisna deyil, bunlar qa\u00e7\u0131lmazd\u0131r\u00a0.\u00bb<\/p>\n<p><strong>Yegan\u0259 \u018fliyeva, \u00ab\u0130ki sahil\u00bb<\/strong><\/p>\n","protected":false},"excerpt":{"rendered":"<p>\u00dcmummilli Lider Heyd\u0259r \u018fliyevin s\u0259drliyi il\u0259 Nax\u00e7\u0131van Muxtar Respublikas\u0131 Ali M\u0259clisinin 16 dekabr 1991-ci ild\u0259 q\u0259bul etdiyi q\u0259rar d\u00fcnyan\u0131n m\u00fcxt\u0259lif \u00f6lk\u0259l\u0259rind\u0259 ya\u015fayan soyda\u015flar\u0131m\u0131z\u0131n birliyinin, h\u0259mr\u0259yliyinin m\u00f6hk\u0259ml\u0259ndirilm\u0259si istiqam\u0259tind\u0259 m\u00fch\u00fcm add\u0131m, bug\u00fcn\u00fcm\u00fcz v\u0259 g\u0259l\u0259c\u0259yimiz \u00fc\u00e7\u00fcn \u00e7a\u011f\u0131r\u0131\u015f oldu \u00abBizim xaricd\u0259 ya\u015fayan g\u0259nc az\u0259rbaycanl\u0131lar\u0131m\u0131z h\u0259m \u0130kinci Qaraba\u011f m\u00fcharib\u0259sinin tarixini yax\u015f\u0131 bilm\u0259lidir, h\u0259m d\u0259 bu h\u0259qiq\u0259tl\u0259ri \u00f6z dostlar\u0131na \u00e7atd\u0131rmal\u0131d\u0131rlar. Y\u0259ni, bir s\u00f6zl\u0259, xaricd\u0259 ya\u015fayan az\u0259rbaycanl\u0131lar b\u00f6y\u00fck q\u00fcvv\u0259dir. Onlar\u0131n f\u0259aliyy\u0259ti \u00f6lk\u0259miz \u00fc\u00e7\u00fcn \u00e7ox \u00f6n\u0259mlidir. Onlar\u0131n f\u0259all\u0131\u011f\u0131 v\u0259 Az\u0259rbaycan h\u0259qiq\u0259tl\u0259rinin \u00e7atd\u0131r\u0131lmas\u0131, Az\u0259rbaycan maraqlar\u0131n\u0131n m\u00fcdafi\u0259 edilm\u0259si, \u0259lb\u0259tt\u0259 ki, bizim d\u00f6vl\u0259timizi daha da g\u00fccl\u0259ndirir. Biz Az\u0259rbaycan d\u00f6vl\u0259ti olaraq \u00f6z&hellip;<\/p>\n","protected":false},"author":2,"featured_media":775250,"comment_status":"closed","ping_status":"closed","sticky":false,"template":"","format":"standard","meta":{"om_disable_all_campaigns":false,"_monsterinsights_skip_tracking":false,"_monsterinsights_sitenote_active":false,"_monsterinsights_sitenote_note":"","_monsterinsights_sitenote_category":0},"categories":[19],"tags":[],"aioseo_notices":[],"gutentor_comment":0,"rttpg_featured_image_url":{"full":["https:\/\/arantv.az\/wp-content\/uploads\/2024\/12\/e8d66338170228614845496754610218728-3.jpg",975,540,false],"landscape":["https:\/\/arantv.az\/wp-content\/uploads\/2024\/12\/e8d66338170228614845496754610218728-3.jpg",975,540,false],"portraits":["https:\/\/arantv.az\/wp-content\/uploads\/2024\/12\/e8d66338170228614845496754610218728-3.jpg",975,540,false],"thumbnail":["https:\/\/arantv.az\/wp-content\/uploads\/2024\/12\/e8d66338170228614845496754610218728-3-500x280.jpg",500,280,true],"medium":["https:\/\/arantv.az\/wp-content\/uploads\/2024\/12\/e8d66338170228614845496754610218728-3-660x365.jpg",660,365,true],"large":["https:\/\/arantv.az\/wp-content\/uploads\/2024\/12\/e8d66338170228614845496754610218728-3-840x465.jpg",640,354,true],"1536x1536":["https:\/\/arantv.az\/wp-content\/uploads\/2024\/12\/e8d66338170228614845496754610218728-3.jpg",975,540,false],"2048x2048":["https:\/\/arantv.az\/wp-content\/uploads\/2024\/12\/e8d66338170228614845496754610218728-3.jpg",975,540,false],"post-thumbnail":["https:\/\/arantv.az\/wp-content\/uploads\/2024\/12\/e8d66338170228614845496754610218728-3-240x172.jpg",240,172,true],"advps-thumb-one":["https:\/\/arantv.az\/wp-content\/uploads\/2024\/12\/e8d66338170228614845496754610218728-3.jpg",975,540,false]},"rttpg_author":{"display_name":"V\u00fcsal Rafiqo\u011flu","author_link":"https:\/\/arantv.az\/?author=2"},"rttpg_comment":0,"rttpg_category":"<a href=\"https:\/\/arantv.az\/?cat=19\" rel=\"category\">G\u00fcnd\u0259m<\/a>","rttpg_excerpt":"\u00dcmummilli Lider Heyd\u0259r \u018fliyevin s\u0259drliyi il\u0259 Nax\u00e7\u0131van Muxtar Respublikas\u0131 Ali M\u0259clisinin 16 dekabr 1991-ci ild\u0259 q\u0259bul etdiyi q\u0259rar d\u00fcnyan\u0131n m\u00fcxt\u0259lif \u00f6lk\u0259l\u0259rind\u0259 ya\u015fayan soyda\u015flar\u0131m\u0131z\u0131n birliyinin, h\u0259mr\u0259yliyinin m\u00f6hk\u0259ml\u0259ndirilm\u0259si istiqam\u0259tind\u0259 m\u00fch\u00fcm add\u0131m, bug\u00fcn\u00fcm\u00fcz v\u0259 g\u0259l\u0259c\u0259yimiz \u00fc\u00e7\u00fcn \u00e7a\u011f\u0131r\u0131\u015f oldu \u00abBizim xaricd\u0259 ya\u015fayan g\u0259nc az\u0259rbaycanl\u0131lar\u0131m\u0131z h\u0259m \u0130kinci Qaraba\u011f m\u00fcharib\u0259sinin tarixini yax\u015f\u0131 bilm\u0259lidir, h\u0259m d\u0259 bu h\u0259qiq\u0259tl\u0259ri \u00f6z dostlar\u0131na \u00e7atd\u0131rmal\u0131d\u0131rlar. Y\u0259ni,&hellip;","_links":{"self":[{"href":"https:\/\/arantv.az\/index.php?rest_route=\/wp\/v2\/posts\/775249"}],"collection":[{"href":"https:\/\/arantv.az\/index.php?rest_route=\/wp\/v2\/posts"}],"about":[{"href":"https:\/\/arantv.az\/index.php?rest_route=\/wp\/v2\/types\/post"}],"author":[{"embeddable":true,"href":"https:\/\/arantv.az\/index.php?rest_route=\/wp\/v2\/users\/2"}],"replies":[{"embeddable":true,"href":"https:\/\/arantv.az\/index.php?rest_route=%2Fwp%2Fv2%2Fcomments&post=775249"}],"version-history":[{"count":1,"href":"https:\/\/arantv.az\/index.php?rest_route=\/wp\/v2\/posts\/775249\/revisions"}],"predecessor-version":[{"id":775251,"href":"https:\/\/arantv.az\/index.php?rest_route=\/wp\/v2\/posts\/775249\/revisions\/775251"}],"wp:featuredmedia":[{"embeddable":true,"href":"https:\/\/arantv.az\/index.php?rest_route=\/wp\/v2\/media\/775250"}],"wp:attachment":[{"href":"https:\/\/arantv.az\/index.php?rest_route=%2Fwp%2Fv2%2Fmedia&parent=775249"}],"wp:term":[{"taxonomy":"category","embeddable":true,"href":"https:\/\/arantv.az\/index.php?rest_route=%2Fwp%2Fv2%2Fcategories&post=775249"},{"taxonomy":"post_tag","embeddable":true,"href":"https:\/\/arantv.az\/index.php?rest_route=%2Fwp%2Fv2%2Ftags&post=775249"}],"curies":[{"name":"wp","href":"https:\/\/api.w.org\/{rel}","templated":true}]}}