{"id":77529,"date":"2019-09-07T14:21:08","date_gmt":"2019-09-07T11:21:08","guid":{"rendered":"http:\/\/arantv.az\/?p=77529"},"modified":"2019-09-07T14:21:08","modified_gmt":"2019-09-07T11:21:08","slug":"komit%c9%99-s%c9%99dri-m%c9%99h%c9%99rr%c9%99mlik-m%c9%99rasiml%c9%99ri-qafqaz-mus%c9%99lmanlari-idar%c9%99sinin-f%c9%99tvasina-uygun-olmalidir","status":"publish","type":"post","link":"https:\/\/arantv.az\/?p=77529","title":{"rendered":"Komit\u0259 s\u0259dri: M\u0259h\u0259rr\u0259mlik m\u0259rasiml\u0259ri Qafqaz M\u00fcs\u0259lmanlar\u0131 \u0130dar\u0259sinin f\u0259tvas\u0131na uy\u011fun olmal\u0131d\u0131r"},"content":{"rendered":"<p><strong>Dini Qurumlarla \u0130\u015f \u00fczr\u0259 D\u00f6vl\u0259t Komit\u0259si Qafqaz M\u00fcs\u0259lmanlar\u0131 \u0130dar\u0259si il\u0259 birg\u0259 M\u0259h\u0259rr\u0259m ay\u0131 il\u0259 ba\u011fl\u0131 monitorinql\u0259r h\u0259yata ke\u00e7irir.<\/strong><\/p>\n<p>Bunu jurnalistl\u0259r\u0259 a\u00e7\u0131qlamas\u0131nda Dini Qurumlarla \u0130\u015f \u00fczr\u0259 D\u00f6vl\u0259t Komit\u0259sinin s\u0259dri M\u00fcbariz Qurbanl\u0131 bildirib.<\/p>\n<p>M.Qurbanl\u0131 bildirib ki, monitorinql\u0259r\u0259 \u0259sas\u0259n m\u0259scidl\u0259rd\u0259 M\u0259h\u0259rr\u0259m ay\u0131 il\u0259 ba\u011fl\u0131 ke\u00e7iril\u0259n m\u0259rasiml\u0259r Qafqaz M\u00fcs\u0259lmanlar\u0131 \u0130dar\u0259sinin f\u0259tvas\u0131na uy\u011fun olmal\u0131d\u0131r: \u201cMonitorinqin \u0259sas m\u0259qs\u0259di odur ki, bu m\u0259rasiml\u0259rin f\u0259tvaya uy\u011fun ke\u00e7irilib-ke\u00e7irilm\u0259diyi, h\u0259r hans\u0131 qanun pozuntusunun olub-olmad\u0131\u011f\u0131 yoxlan\u0131l\u0131r. B\u00fct\u00fcn bu m\u0259lumatlar\u0131 toplay\u0131r\u0131q v\u0259 birg\u0259 m\u00fczakir\u0259 edirik. \u018fg\u0259r h\u0259r hans\u0131 m\u0259scidd\u0259 f\u0259tvadan k\u0259nara\u00e7\u0131xma hallar\u0131 v\u0259 yaxud qanun pozuntusu olarsa, bununla ba\u011fl\u0131 m\u00fcvafiq t\u0259dbirl\u0259r g\u00f6r\u00fcl\u00fcr. Qafqaz M\u00fcs\u0259lmanlar\u0131 \u0130dar\u0259si t\u0259r\u0259find\u0259n h\u0259min m\u0259scidin imam\u0131na x\u0259b\u0259rdarl\u0131q olunur ki, bunlar t\u0259krar olunmas\u0131n. H\u0259l\u0259 ki el\u0259 bir ciddi qanun pozuntusu a\u015fkar etm\u0259mi\u015fik, f\u0259tvaya uy\u011fun \u015f\u0259kild\u0259 m\u0259rasiml\u0259r ke\u00e7irilir\u201d.<\/p>\n<p>Komit\u0259 s\u0259dri vur\u011fulay\u0131b ki, \u0259sas m\u0259rasim A\u015fura g\u00fcn\u00fc olan m\u0259rasimdir: \u201cH\u0259min g\u00fcn Qafqaz M\u00fcs\u0259lmanlar\u0131 \u0130dar\u0259sind\u0259 Dini Qurumlarla \u0130\u015f \u00fczr\u0259 D\u00f6vl\u0259t Komit\u0259sinin n\u00fcmay\u0259nd\u0259l\u0259ri, eyni zamanda ayr\u0131-ayr\u0131 dini konfessiyalar\u0131n n\u00fcmay\u0259nd\u0259l\u0259ri \u015eeyx\u00fclislam Allah\u015f\u00fck\u00fcr Pa\u015fazad\u0259nin i\u015ftirak\u0131 il\u0259 qanverm\u0259 aksiyas\u0131nda i\u015ftirak ed\u0259c\u0259k. M\u0259n d\u0259 h\u0259min qanverm\u0259 aksiyas\u0131nda i\u015ftirak ed\u0259c\u0259y\u0259m. A\u015fura g\u00fcn\u00fc il\u0259 ba\u011fl\u0131 ke\u00e7iril\u0259n m\u0259rasiml\u0259rd\u0259 b\u0259z\u0259n qan\u00e7\u0131xarma, ba\u015fyarma, z\u0259ncirvurma kimi h\u0259r\u0259k\u0259tl\u0259r\u0259 yol verilir. Bu h\u0259r\u0259k\u0259tl\u0259r dinimizd\u0259 d\u0259 b\u0259y\u0259nilmir. Ona g\u00f6r\u0259 bunun \u0259v\u0259zin\u0259 qanverm\u0259 aksiyalar\u0131 ke\u00e7irilir&#8221;.<\/p>\n<p>M.Qurbanl\u0131 \u0259lav\u0259 edib ki, eyni zamanda respublika \u00fczr\u0259 qanverm\u0259 ke\u00e7iril\u0259c\u0259k yerl\u0259rin siyah\u0131s\u0131 art\u0131q elan edilib: \u201cS\u0259hiyy\u0259 Nazirliyi bununla ba\u011fl\u0131 m\u00fcvafiq g\u00f6st\u0259ri\u015fl\u0259r verib, qruplar ayr\u0131l\u0131b. H\u0259min aksiyalarda v\u0259t\u0259nda\u015flar\u0131m\u0131z\u0131n i\u015ftirak etm\u0259si olduqca \u0259h\u0259miyy\u0259tlidir.<br \/>\n\u018fmin\u0259m ki, qan ver\u0259nl\u0259rin say\u0131 kifay\u0259t q\u0259d\u0259r y\u00fcks\u0259k olacaq. \u00d6t\u0259n il 5000-d\u0259n \u00e7ox v\u0259t\u0259nda\u015f qanverm\u0259 aksiyas\u0131nda i\u015ftirak edib. Bunun m\u00fcsb\u0259t t\u0259r\u0259fi ham\u0131ya m\u0259lumdur, \u00e7\u00fcnki qana ehtiyac\u0131 olan x\u0259st\u0259l\u0259r var. Veril\u0259n qanlar tibbi n\u00f6qteyi-n\u0259z\u0259rd\u0259n yoxlan\u0131ld\u0131qdan sonra Qan Bank\u0131na daxil edilir&#8221;. (trend)<\/p>\n","protected":false},"excerpt":{"rendered":"<p>Dini Qurumlarla \u0130\u015f \u00fczr\u0259 D\u00f6vl\u0259t Komit\u0259si Qafqaz M\u00fcs\u0259lmanlar\u0131 \u0130dar\u0259si il\u0259 birg\u0259 M\u0259h\u0259rr\u0259m ay\u0131 il\u0259 ba\u011fl\u0131 monitorinql\u0259r h\u0259yata ke\u00e7irir. Bunu jurnalistl\u0259r\u0259 a\u00e7\u0131qlamas\u0131nda Dini Qurumlarla \u0130\u015f \u00fczr\u0259 D\u00f6vl\u0259t Komit\u0259sinin s\u0259dri M\u00fcbariz Qurbanl\u0131 bildirib. M.Qurbanl\u0131 bildirib ki, monitorinql\u0259r\u0259 \u0259sas\u0259n m\u0259scidl\u0259rd\u0259 M\u0259h\u0259rr\u0259m ay\u0131 il\u0259 ba\u011fl\u0131 ke\u00e7iril\u0259n m\u0259rasiml\u0259r Qafqaz M\u00fcs\u0259lmanlar\u0131 \u0130dar\u0259sinin f\u0259tvas\u0131na uy\u011fun olmal\u0131d\u0131r: \u201cMonitorinqin \u0259sas m\u0259qs\u0259di odur ki, bu m\u0259rasiml\u0259rin f\u0259tvaya uy\u011fun ke\u00e7irilib-ke\u00e7irilm\u0259diyi, h\u0259r hans\u0131 qanun pozuntusunun olub-olmad\u0131\u011f\u0131 yoxlan\u0131l\u0131r. B\u00fct\u00fcn bu m\u0259lumatlar\u0131 toplay\u0131r\u0131q v\u0259 birg\u0259 m\u00fczakir\u0259 edirik. \u018fg\u0259r h\u0259r hans\u0131 m\u0259scidd\u0259 f\u0259tvadan k\u0259nara\u00e7\u0131xma hallar\u0131 v\u0259 yaxud qanun pozuntusu olarsa, bununla ba\u011fl\u0131 m\u00fcvafiq t\u0259dbirl\u0259r g\u00f6r\u00fcl\u00fcr.&hellip;<\/p>\n","protected":false},"author":2,"featured_media":77530,"comment_status":"closed","ping_status":"closed","sticky":false,"template":"","format":"standard","meta":{"om_disable_all_campaigns":false,"_monsterinsights_skip_tracking":false,"_monsterinsights_sitenote_active":false,"_monsterinsights_sitenote_note":"","_monsterinsights_sitenote_category":0},"categories":[1],"tags":[],"aioseo_notices":[],"gutentor_comment":0,"rttpg_featured_image_url":{"full":["https:\/\/arantv.az\/wp-content\/uploads\/2019\/09\/publika.az1471508037trend_mubariz_gurbanli_110715_1.jpg",800,450,false],"landscape":["https:\/\/arantv.az\/wp-content\/uploads\/2019\/09\/publika.az1471508037trend_mubariz_gurbanli_110715_1.jpg",800,450,false],"portraits":["https:\/\/arantv.az\/wp-content\/uploads\/2019\/09\/publika.az1471508037trend_mubariz_gurbanli_110715_1.jpg",800,450,false],"thumbnail":["https:\/\/arantv.az\/wp-content\/uploads\/2019\/09\/publika.az1471508037trend_mubariz_gurbanli_110715_1-150x150.jpg",150,150,true],"medium":["https:\/\/arantv.az\/wp-content\/uploads\/2019\/09\/publika.az1471508037trend_mubariz_gurbanli_110715_1-300x169.jpg",300,169,true],"large":["https:\/\/arantv.az\/wp-content\/uploads\/2019\/09\/publika.az1471508037trend_mubariz_gurbanli_110715_1.jpg",640,360,false],"1536x1536":["https:\/\/arantv.az\/wp-content\/uploads\/2019\/09\/publika.az1471508037trend_mubariz_gurbanli_110715_1.jpg",800,450,false],"2048x2048":["https:\/\/arantv.az\/wp-content\/uploads\/2019\/09\/publika.az1471508037trend_mubariz_gurbanli_110715_1.jpg",800,450,false],"post-thumbnail":["https:\/\/arantv.az\/wp-content\/uploads\/2019\/09\/publika.az1471508037trend_mubariz_gurbanli_110715_1-240x172.jpg",240,172,true],"advps-thumb-one":["https:\/\/arantv.az\/wp-content\/uploads\/2019\/09\/publika.az1471508037trend_mubariz_gurbanli_110715_1.jpg",800,450,false]},"rttpg_author":{"display_name":"V\u00fcsal Rafiqo\u011flu","author_link":"https:\/\/arantv.az\/?author=2"},"rttpg_comment":0,"rttpg_category":"<a href=\"https:\/\/arantv.az\/?cat=1\" rel=\"category\">C\u0259miyy\u0259t<\/a>","rttpg_excerpt":"Dini Qurumlarla \u0130\u015f \u00fczr\u0259 D\u00f6vl\u0259t Komit\u0259si Qafqaz M\u00fcs\u0259lmanlar\u0131 \u0130dar\u0259si il\u0259 birg\u0259 M\u0259h\u0259rr\u0259m ay\u0131 il\u0259 ba\u011fl\u0131 monitorinql\u0259r h\u0259yata ke\u00e7irir. Bunu jurnalistl\u0259r\u0259 a\u00e7\u0131qlamas\u0131nda Dini Qurumlarla \u0130\u015f \u00fczr\u0259 D\u00f6vl\u0259t Komit\u0259sinin s\u0259dri M\u00fcbariz Qurbanl\u0131 bildirib. M.Qurbanl\u0131 bildirib ki, monitorinql\u0259r\u0259 \u0259sas\u0259n m\u0259scidl\u0259rd\u0259 M\u0259h\u0259rr\u0259m ay\u0131 il\u0259 ba\u011fl\u0131 ke\u00e7iril\u0259n m\u0259rasiml\u0259r Qafqaz M\u00fcs\u0259lmanlar\u0131 \u0130dar\u0259sinin f\u0259tvas\u0131na uy\u011fun olmal\u0131d\u0131r: \u201cMonitorinqin \u0259sas m\u0259qs\u0259di odur ki, bu&hellip;","_links":{"self":[{"href":"https:\/\/arantv.az\/index.php?rest_route=\/wp\/v2\/posts\/77529"}],"collection":[{"href":"https:\/\/arantv.az\/index.php?rest_route=\/wp\/v2\/posts"}],"about":[{"href":"https:\/\/arantv.az\/index.php?rest_route=\/wp\/v2\/types\/post"}],"author":[{"embeddable":true,"href":"https:\/\/arantv.az\/index.php?rest_route=\/wp\/v2\/users\/2"}],"replies":[{"embeddable":true,"href":"https:\/\/arantv.az\/index.php?rest_route=%2Fwp%2Fv2%2Fcomments&post=77529"}],"version-history":[{"count":0,"href":"https:\/\/arantv.az\/index.php?rest_route=\/wp\/v2\/posts\/77529\/revisions"}],"wp:featuredmedia":[{"embeddable":true,"href":"https:\/\/arantv.az\/index.php?rest_route=\/wp\/v2\/media\/77530"}],"wp:attachment":[{"href":"https:\/\/arantv.az\/index.php?rest_route=%2Fwp%2Fv2%2Fmedia&parent=77529"}],"wp:term":[{"taxonomy":"category","embeddable":true,"href":"https:\/\/arantv.az\/index.php?rest_route=%2Fwp%2Fv2%2Fcategories&post=77529"},{"taxonomy":"post_tag","embeddable":true,"href":"https:\/\/arantv.az\/index.php?rest_route=%2Fwp%2Fv2%2Ftags&post=77529"}],"curies":[{"name":"wp","href":"https:\/\/api.w.org\/{rel}","templated":true}]}}