{"id":775481,"date":"2024-12-18T21:47:11","date_gmt":"2024-12-18T17:47:11","guid":{"rendered":"https:\/\/arantv.az\/?p=775481"},"modified":"2024-12-18T21:47:11","modified_gmt":"2024-12-18T17:47:11","slug":"yasar-gul%c9%99r-az%c9%99rbaycanin-mudafi%c9%99-nazirinin-muavinini-q%c9%99bul-edib","status":"publish","type":"post","link":"https:\/\/arantv.az\/?p=775481","title":{"rendered":"Ya\u015far G\u00fcl\u0259r Az\u0259rbaycan\u0131n m\u00fcdafi\u0259 nazirinin m\u00fcavinini q\u0259bul edib"},"content":{"rendered":"<p>T\u00fcrkiy\u0259nin milli m\u00fcdafi\u0259 naziri Ya\u015far G\u00fcl\u0259r\u200b\u200b Az\u0259rbaycan\u0131n m\u00fcdafi\u0259 nazirinin m\u00fcavini Aqil Qurbanovu v\u0259 onu m\u00fc\u015fayi\u0259t ed\u0259n n\u00fcmay\u0259nd\u0259 hey\u0259tini q\u0259bul edib.<\/p>\n<p><strong>ARANTV.AZ\u00a0 x\u0259b\u0259r verir ki,<\/strong>\u00a0bu bar\u0259d\u0259 nazirlik r\u0259smi sosial media hesab\u0131nda m\u0259lumat yay\u0131b.<\/p>\n<p>Bildirilib ki, g\u00f6r\u00fc\u015fd\u0259 T\u00fcrkiy\u0259nin Ba\u015f Q\u0259rargah r\u0259isinin m\u00fcavini ordu general\u0131 Kamal Yeni d\u0259 i\u015ftirak edib.<\/p>\n","protected":false},"excerpt":{"rendered":"<p>T\u00fcrkiy\u0259nin milli m\u00fcdafi\u0259 naziri Ya\u015far G\u00fcl\u0259r\u200b\u200b Az\u0259rbaycan\u0131n m\u00fcdafi\u0259 nazirinin m\u00fcavini Aqil Qurbanovu v\u0259 onu m\u00fc\u015fayi\u0259t ed\u0259n n\u00fcmay\u0259nd\u0259 hey\u0259tini q\u0259bul edib. ARANTV.AZ\u00a0 x\u0259b\u0259r verir ki,\u00a0bu bar\u0259d\u0259 nazirlik r\u0259smi sosial media hesab\u0131nda m\u0259lumat yay\u0131b. Bildirilib ki, g\u00f6r\u00fc\u015fd\u0259 T\u00fcrkiy\u0259nin Ba\u015f Q\u0259rargah r\u0259isinin m\u00fcavini ordu general\u0131 Kamal Yeni d\u0259 i\u015ftirak edib.<\/p>\n","protected":false},"author":2,"featured_media":775482,"comment_status":"closed","ping_status":"closed","sticky":false,"template":"","format":"standard","meta":{"om_disable_all_campaigns":false,"_monsterinsights_skip_tracking":false,"_monsterinsights_sitenote_active":false,"_monsterinsights_sitenote_note":"","_monsterinsights_sitenote_category":0},"categories":[10],"tags":[],"aioseo_notices":[],"gutentor_comment":0,"rttpg_featured_image_url":{"full":["https:\/\/arantv.az\/wp-content\/uploads\/2024\/12\/e7532dbe173452791529853638210126976.jpg",975,540,false],"landscape":["https:\/\/arantv.az\/wp-content\/uploads\/2024\/12\/e7532dbe173452791529853638210126976.jpg",975,540,false],"portraits":["https:\/\/arantv.az\/wp-content\/uploads\/2024\/12\/e7532dbe173452791529853638210126976.jpg",975,540,false],"thumbnail":["https:\/\/arantv.az\/wp-content\/uploads\/2024\/12\/e7532dbe173452791529853638210126976-500x280.jpg",500,280,true],"medium":["https:\/\/arantv.az\/wp-content\/uploads\/2024\/12\/e7532dbe173452791529853638210126976-660x365.jpg",660,365,true],"large":["https:\/\/arantv.az\/wp-content\/uploads\/2024\/12\/e7532dbe173452791529853638210126976-840x465.jpg",640,354,true],"1536x1536":["https:\/\/arantv.az\/wp-content\/uploads\/2024\/12\/e7532dbe173452791529853638210126976.jpg",975,540,false],"2048x2048":["https:\/\/arantv.az\/wp-content\/uploads\/2024\/12\/e7532dbe173452791529853638210126976.jpg",975,540,false],"post-thumbnail":["https:\/\/arantv.az\/wp-content\/uploads\/2024\/12\/e7532dbe173452791529853638210126976-240x172.jpg",240,172,true],"advps-thumb-one":["https:\/\/arantv.az\/wp-content\/uploads\/2024\/12\/e7532dbe173452791529853638210126976.jpg",975,540,false]},"rttpg_author":{"display_name":"V\u00fcsal Rafiqo\u011flu","author_link":"https:\/\/arantv.az\/?author=2"},"rttpg_comment":0,"rttpg_category":"<a href=\"https:\/\/arantv.az\/?cat=10\" rel=\"category\">C\u0259bh\u0259d\u0259n X\u0259b\u0259r<\/a>","rttpg_excerpt":"T\u00fcrkiy\u0259nin milli m\u00fcdafi\u0259 naziri Ya\u015far G\u00fcl\u0259r\u200b\u200b Az\u0259rbaycan\u0131n m\u00fcdafi\u0259 nazirinin m\u00fcavini Aqil Qurbanovu v\u0259 onu m\u00fc\u015fayi\u0259t ed\u0259n n\u00fcmay\u0259nd\u0259 hey\u0259tini q\u0259bul edib. ARANTV.AZ\u00a0 x\u0259b\u0259r verir ki,\u00a0bu bar\u0259d\u0259 nazirlik r\u0259smi sosial media hesab\u0131nda m\u0259lumat yay\u0131b. Bildirilib ki, g\u00f6r\u00fc\u015fd\u0259 T\u00fcrkiy\u0259nin Ba\u015f Q\u0259rargah r\u0259isinin m\u00fcavini ordu general\u0131 Kamal Yeni d\u0259 i\u015ftirak edib.","_links":{"self":[{"href":"https:\/\/arantv.az\/index.php?rest_route=\/wp\/v2\/posts\/775481"}],"collection":[{"href":"https:\/\/arantv.az\/index.php?rest_route=\/wp\/v2\/posts"}],"about":[{"href":"https:\/\/arantv.az\/index.php?rest_route=\/wp\/v2\/types\/post"}],"author":[{"embeddable":true,"href":"https:\/\/arantv.az\/index.php?rest_route=\/wp\/v2\/users\/2"}],"replies":[{"embeddable":true,"href":"https:\/\/arantv.az\/index.php?rest_route=%2Fwp%2Fv2%2Fcomments&post=775481"}],"version-history":[{"count":1,"href":"https:\/\/arantv.az\/index.php?rest_route=\/wp\/v2\/posts\/775481\/revisions"}],"predecessor-version":[{"id":775483,"href":"https:\/\/arantv.az\/index.php?rest_route=\/wp\/v2\/posts\/775481\/revisions\/775483"}],"wp:featuredmedia":[{"embeddable":true,"href":"https:\/\/arantv.az\/index.php?rest_route=\/wp\/v2\/media\/775482"}],"wp:attachment":[{"href":"https:\/\/arantv.az\/index.php?rest_route=%2Fwp%2Fv2%2Fmedia&parent=775481"}],"wp:term":[{"taxonomy":"category","embeddable":true,"href":"https:\/\/arantv.az\/index.php?rest_route=%2Fwp%2Fv2%2Fcategories&post=775481"},{"taxonomy":"post_tag","embeddable":true,"href":"https:\/\/arantv.az\/index.php?rest_route=%2Fwp%2Fv2%2Ftags&post=775481"}],"curies":[{"name":"wp","href":"https:\/\/api.w.org\/{rel}","templated":true}]}}