{"id":775484,"date":"2024-12-18T21:49:12","date_gmt":"2024-12-18T17:49:12","guid":{"rendered":"https:\/\/arantv.az\/?p=775484"},"modified":"2024-12-18T21:49:12","modified_gmt":"2024-12-18T17:49:12","slug":"qis-f%c9%99slind%c9%99-az%c9%99rbaycanda-havanin-orta-temperaturu-coxillik-normaya-yaxin-olacaq","status":"publish","type":"post","link":"https:\/\/arantv.az\/?p=775484","title":{"rendered":"Q\u0131\u015f f\u0259slind\u0259 Az\u0259rbaycanda havan\u0131n orta temperaturu \u00e7oxillik normaya yax\u0131n olacaq"},"content":{"rendered":"<p>F\u0259sillik proqnozlar uzun ill\u0259ri, b\u00f6y\u00fck \u0259razil\u0259ri \u0259hat\u0259 ed\u0259n hava m\u00fc\u015fahid\u0259 m\u0259lumatlar\u0131n\u0131n analizi v\u0259 elmi t\u0259dqiqatlar \u0259sas\u0131nda haz\u0131rlanan m\u00f6vs\u00fcml\u0259r \u00fczr\u0259 ilkin hava durumu ssenaril\u0259ri olaraq \u00dcmumd\u00fcnya Meteorologiya T\u0259\u015fkilat\u0131n\u0131n (\u00dcMT) Regional iqlim m\u0259rk\u0259zl\u0259ri t\u0259r\u0259find\u0259n yay\u0131mlan\u0131r.<\/p>\n<p>Bu s\u00f6zl\u0259ri\u00a0<a class=\"azertac-link\" href=\"https:\/\/azertag.az\/\" target=\"_blank\" rel=\"noopener\">AZ\u018fRTAC<\/a>-a Milli Hidrometeorologiya Xidm\u0259tinin r\u0259isi Nazim Mahmudov a\u00e7\u0131qlamas\u0131nda bildirib.<\/p>\n<p>O qeyd edib ki, f\u0259sillik proqnozlara \u0259sas\u0259n, bu ilin q\u0131\u015f f\u0259slind\u0259 Az\u0259rbaycanda havan\u0131n orta temperaturu \u00e7oxillik normaya yax\u0131n olacaq. Ya\u011f\u0131nt\u0131n\u0131n miqdar\u0131n\u0131n da normaya yax\u0131n, b\u0259zi yerl\u0259rd\u0259 bir q\u0259d\u0259r az olaca\u011f\u0131 proqnozla\u015fd\u0131r\u0131l\u0131r.<\/p>\n<p>Xidm\u0259t r\u0259isinin s\u00f6zl\u0259rin\u0259 g\u00f6r\u0259, Az\u0259rbaycanda \u00e7oxillik meteoroloji m\u0259lumatlar\u0131n t\u0259hlili g\u00f6st\u0259rir ki, q\u0131\u015f f\u0259slinin iqlim x\u00fcsusiyy\u0259tl\u0259rin\u0259 g\u00f6r\u0259 ad\u0259t\u0259n yanvar v\u0259 fevral aylar\u0131nda \u00f6lk\u0259 \u0259razisi daha tez-tez soyuq arktik hava c\u0259r\u0259yanlar\u0131n\u0131n t\u0259sirin\u0259 m\u0259ruz qal\u0131r, buna g\u00f6r\u0259 d\u0259 q\u0131\u015f f\u0259slinin nisb\u0259t\u0259n m\u00fclayim ke\u00e7\u0259c\u0259yi g\u00f6zl\u0259nils\u0259 d\u0259, b\u0259zi d\u00f6vrl\u0259rd\u0259 hava \u015f\u0259raitinin \u015faxtal\u0131 v\u0259 qarl\u0131 ke\u00e7m\u0259si istisna olunmur.<\/p>\n","protected":false},"excerpt":{"rendered":"<p>F\u0259sillik proqnozlar uzun ill\u0259ri, b\u00f6y\u00fck \u0259razil\u0259ri \u0259hat\u0259 ed\u0259n hava m\u00fc\u015fahid\u0259 m\u0259lumatlar\u0131n\u0131n analizi v\u0259 elmi t\u0259dqiqatlar \u0259sas\u0131nda haz\u0131rlanan m\u00f6vs\u00fcml\u0259r \u00fczr\u0259 ilkin hava durumu ssenaril\u0259ri olaraq \u00dcmumd\u00fcnya Meteorologiya T\u0259\u015fkilat\u0131n\u0131n (\u00dcMT) Regional iqlim m\u0259rk\u0259zl\u0259ri t\u0259r\u0259find\u0259n yay\u0131mlan\u0131r. Bu s\u00f6zl\u0259ri\u00a0AZ\u018fRTAC-a Milli Hidrometeorologiya Xidm\u0259tinin r\u0259isi Nazim Mahmudov a\u00e7\u0131qlamas\u0131nda bildirib. O qeyd edib ki, f\u0259sillik proqnozlara \u0259sas\u0259n, bu ilin q\u0131\u015f f\u0259slind\u0259 Az\u0259rbaycanda havan\u0131n orta temperaturu \u00e7oxillik normaya yax\u0131n olacaq. Ya\u011f\u0131nt\u0131n\u0131n miqdar\u0131n\u0131n da normaya yax\u0131n, b\u0259zi yerl\u0259rd\u0259 bir q\u0259d\u0259r az olaca\u011f\u0131 proqnozla\u015fd\u0131r\u0131l\u0131r. Xidm\u0259t r\u0259isinin s\u00f6zl\u0259rin\u0259 g\u00f6r\u0259, Az\u0259rbaycanda \u00e7oxillik meteoroloji m\u0259lumatlar\u0131n t\u0259hlili g\u00f6st\u0259rir ki, q\u0131\u015f f\u0259slinin iqlim x\u00fcsusiyy\u0259tl\u0259rin\u0259 g\u00f6r\u0259&hellip;<\/p>\n","protected":false},"author":2,"featured_media":775485,"comment_status":"closed","ping_status":"closed","sticky":false,"template":"","format":"standard","meta":{"om_disable_all_campaigns":false,"_monsterinsights_skip_tracking":false,"_monsterinsights_sitenote_active":false,"_monsterinsights_sitenote_note":"","_monsterinsights_sitenote_category":0},"categories":[1],"tags":[],"aioseo_notices":[],"gutentor_comment":0,"rttpg_featured_image_url":{"full":["https:\/\/arantv.az\/wp-content\/uploads\/2024\/12\/17345103154559864198_1200x630.jpg",923,630,false],"landscape":["https:\/\/arantv.az\/wp-content\/uploads\/2024\/12\/17345103154559864198_1200x630.jpg",923,630,false],"portraits":["https:\/\/arantv.az\/wp-content\/uploads\/2024\/12\/17345103154559864198_1200x630.jpg",923,630,false],"thumbnail":["https:\/\/arantv.az\/wp-content\/uploads\/2024\/12\/17345103154559864198_1200x630-500x280.jpg",500,280,true],"medium":["https:\/\/arantv.az\/wp-content\/uploads\/2024\/12\/17345103154559864198_1200x630-535x365.jpg",535,365,true],"large":["https:\/\/arantv.az\/wp-content\/uploads\/2024\/12\/17345103154559864198_1200x630-840x573.jpg",640,437,true],"1536x1536":["https:\/\/arantv.az\/wp-content\/uploads\/2024\/12\/17345103154559864198_1200x630.jpg",923,630,false],"2048x2048":["https:\/\/arantv.az\/wp-content\/uploads\/2024\/12\/17345103154559864198_1200x630.jpg",923,630,false],"post-thumbnail":["https:\/\/arantv.az\/wp-content\/uploads\/2024\/12\/17345103154559864198_1200x630-240x172.jpg",240,172,true],"advps-thumb-one":["https:\/\/arantv.az\/wp-content\/uploads\/2024\/12\/17345103154559864198_1200x630-923x620.jpg",923,620,true]},"rttpg_author":{"display_name":"V\u00fcsal Rafiqo\u011flu","author_link":"https:\/\/arantv.az\/?author=2"},"rttpg_comment":0,"rttpg_category":"<a href=\"https:\/\/arantv.az\/?cat=1\" rel=\"category\">C\u0259miyy\u0259t<\/a>","rttpg_excerpt":"F\u0259sillik proqnozlar uzun ill\u0259ri, b\u00f6y\u00fck \u0259razil\u0259ri \u0259hat\u0259 ed\u0259n hava m\u00fc\u015fahid\u0259 m\u0259lumatlar\u0131n\u0131n analizi v\u0259 elmi t\u0259dqiqatlar \u0259sas\u0131nda haz\u0131rlanan m\u00f6vs\u00fcml\u0259r \u00fczr\u0259 ilkin hava durumu ssenaril\u0259ri olaraq \u00dcmumd\u00fcnya Meteorologiya T\u0259\u015fkilat\u0131n\u0131n (\u00dcMT) Regional iqlim m\u0259rk\u0259zl\u0259ri t\u0259r\u0259find\u0259n yay\u0131mlan\u0131r. Bu s\u00f6zl\u0259ri\u00a0AZ\u018fRTAC-a Milli Hidrometeorologiya Xidm\u0259tinin r\u0259isi Nazim Mahmudov a\u00e7\u0131qlamas\u0131nda bildirib. O qeyd edib ki, f\u0259sillik proqnozlara \u0259sas\u0259n, bu ilin q\u0131\u015f f\u0259slind\u0259 Az\u0259rbaycanda&hellip;","_links":{"self":[{"href":"https:\/\/arantv.az\/index.php?rest_route=\/wp\/v2\/posts\/775484"}],"collection":[{"href":"https:\/\/arantv.az\/index.php?rest_route=\/wp\/v2\/posts"}],"about":[{"href":"https:\/\/arantv.az\/index.php?rest_route=\/wp\/v2\/types\/post"}],"author":[{"embeddable":true,"href":"https:\/\/arantv.az\/index.php?rest_route=\/wp\/v2\/users\/2"}],"replies":[{"embeddable":true,"href":"https:\/\/arantv.az\/index.php?rest_route=%2Fwp%2Fv2%2Fcomments&post=775484"}],"version-history":[{"count":1,"href":"https:\/\/arantv.az\/index.php?rest_route=\/wp\/v2\/posts\/775484\/revisions"}],"predecessor-version":[{"id":775486,"href":"https:\/\/arantv.az\/index.php?rest_route=\/wp\/v2\/posts\/775484\/revisions\/775486"}],"wp:featuredmedia":[{"embeddable":true,"href":"https:\/\/arantv.az\/index.php?rest_route=\/wp\/v2\/media\/775485"}],"wp:attachment":[{"href":"https:\/\/arantv.az\/index.php?rest_route=%2Fwp%2Fv2%2Fmedia&parent=775484"}],"wp:term":[{"taxonomy":"category","embeddable":true,"href":"https:\/\/arantv.az\/index.php?rest_route=%2Fwp%2Fv2%2Fcategories&post=775484"},{"taxonomy":"post_tag","embeddable":true,"href":"https:\/\/arantv.az\/index.php?rest_route=%2Fwp%2Fv2%2Ftags&post=775484"}],"curies":[{"name":"wp","href":"https:\/\/api.w.org\/{rel}","templated":true}]}}