{"id":775511,"date":"2024-12-19T07:21:14","date_gmt":"2024-12-19T03:21:14","guid":{"rendered":"https:\/\/arantv.az\/?p=775511"},"modified":"2024-12-19T07:21:14","modified_gmt":"2024-12-19T03:21:14","slug":"2009-cu-ild%c9%99-%c9%99s%c9%99d-bakiya-niy%c9%99-g%c9%99lmisdi-az%c9%99rbaycani-suriya-meydaninda-n%c9%99-gozl%c9%99yir-t%c9%99hlil","status":"publish","type":"post","link":"https:\/\/arantv.az\/?p=775511","title":{"rendered":"2009-cu ild\u0259 \u018fs\u0259d Bak\u0131ya niy\u0259 g\u0259lmi\u015fdi: Az\u0259rbaycan\u0131 Suriya meydan\u0131nda n\u0259 g\u00f6zl\u0259yir &#8211; T\u018fHL\u0130L"},"content":{"rendered":"<p><em><strong>Suriya hakimiyy\u0259ti Az\u0259rbaycanla m\u00fcnasib\u0259tl\u0259r\u0259 yenid\u0259n baxma\u011fa v\u0259 g\u00f6r\u00fcn\u00fcr, onlar\u0131 aktivl\u0259\u015fdirm\u0259y\u0259 haz\u0131rla\u015f\u0131r.<\/strong><\/em><\/p>\n<p>Minval x\u0259b\u0259r verir ki, yeni Suriya ba\u015f nazirinin ofisind\u0259n ad\u0131 a\u00e7\u0131qlanmayan bir m\u0259nb\u0259 bu bar\u0259d\u0259 mediaya a\u00e7\u0131qlama verib. ArabAZ-\u0131n m\u0259lumat\u0131na g\u00f6r\u0259, h\u0259min m\u0259nb\u0259 bildirib ki, \u201cSuriya Az\u0259rbaycanla m\u00fcnasib\u0259tl\u0259r\u0259 b\u00f6y\u00fck \u0259h\u0259miyy\u0259t verir v\u0259 \u018fs\u0259d d\u00f6vr\u00fcnd\u0259 Az\u0259rbaycana qar\u015f\u0131 t\u00f6r\u0259dilmi\u015f \u0259dal\u0259tsizlikl\u0259r Suriya xalq\u0131n\u0131n Az\u0259rbaycan xalq\u0131na m\u00fcnasib\u0259tini \u0259ks etdirmir.\u201d<\/p>\n<p><strong>M\u0259nb\u0259 s\u00f6zl\u0259rin\u0259 bel\u0259 davam edib:<\/strong>\u00a0\u201cT\u0259\u0259ss\u00fcf ki, \u0259vv\u0259lki Suriya hakimiyy\u0259ti yerli \u0259halinin maraqlar\u0131na zidd h\u0259r\u0259k\u0259t ed\u0259r\u0259k Az\u0259rbaycanla m\u00fcnasib\u0259tl\u0259r\u0259 d\u0259y\u0259r vermirdi. \u00dcst\u0259lik, \u018fs\u0259d rejimi \u00f6lk\u0259ni Az\u0259rbaycan xalq\u0131na qar\u015f\u0131 f\u0259aliyy\u0259t g\u00f6st\u0259r\u0259n terror t\u0259\u015fkilatlar\u0131 \u00fc\u00e7\u00fcn t\u0259lim bazas\u0131na \u00e7evirmi\u015fdi. Bu diktatura rejiminin h\u0259r\u0259k\u0259tl\u0259ri he\u00e7 vaxt sad\u0259 suriyal\u0131lar\u0131n m\u00f6vqeyini \u0259ks etdirm\u0259yib.\u201d<\/p>\n<p><img loading=\"lazy\" src=\"https:\/\/cdn.musavat.com\/news\/thumbnails\/26f6aa8bdd396afdb46c7e3a69018d63.jpg\" alt=\"a6560d286b43b93b0ef656aa656cd760.png (430 KB)\" width=\"650\" height=\"421\" \/><\/p>\n<p>Bundan \u0259lav\u0259, Suriyan\u0131n Az\u0259rbaycan Prezidenti \u0130lham \u018fliyevin T\u00fcrkiy\u0259 il\u0259 birlikd\u0259 Suriya xalq\u0131n\u0131n \u00fczl\u0259\u015fdiyi humanitar probleml\u0259rin h\u0259llin\u0259 d\u0259st\u0259k verm\u0259y\u0259 haz\u0131r oldu\u011funu b\u0259yan etm\u0259sini y\u00fcks\u0259k qiym\u0259tl\u0259ndirdiyi qeyd olunub: \u201cPrezident \u0130lham \u018fliyevin bu b\u0259yanat\u0131 bizi sevindirdi. Biz bu add\u0131m\u0131 y\u00fcks\u0259k qiym\u0259tl\u0259ndiririk v\u0259 he\u00e7 \u015f\u00fcbh\u0259siz ki, daxili sabitlik tam t\u0259min edildikd\u0259n sonra Az\u0259rbaycan\u0131n t\u0259cr\u00fcb\u0259sind\u0259n faydalanma\u011f\u0131 planla\u015fd\u0131r\u0131r\u0131q.\u201d<\/p>\n<p>D\u0259m\u0259\u015fq hans\u0131 terror qrupla\u015fmalar\u0131ndan s\u00f6hb\u0259t getdiyini a\u00e7\u0131qlamasa da, m\u0259lumdur ki, Suriyada bir \u00e7ox erm\u0259ni terror t\u0259\u015fkilatlar\u0131 f\u0259aliyy\u0259t g\u00f6st\u0259rib. 1980-ci ill\u0259rin sonu v\u0259 1990-c\u0131 ill\u0259rin \u0259vv\u0259ll\u0259rind\u0259 Suriyadan g\u0259l\u0259n silahl\u0131 d\u00f6y\u00fc\u015f\u00e7\u00fcl\u0259rin Erm\u0259nistan t\u0259r\u0259find\u0259 d\u00f6y\u00fc\u015fm\u0259si haqda m\u0259lumatlar yay\u0131lm\u0131\u015fd\u0131. Bundan \u0259lav\u0259, Erm\u0259nistan\u0131n PKK il\u0259 s\u0131x \u0259m\u0259kda\u015fl\u0131\u011f\u0131 m\u00f6vcud olub v\u0259 \u018fs\u0259d rejimi bu qrupla\u015fman\u0131n r\u0259hb\u0259rliyin\u0259 s\u0131\u011f\u0131nacaq verib. Suriyada h\u0259m\u00e7inin \u201cHizbullah\u201d t\u0259\u015fkilat\u0131n\u0131n infrastrukturu da qurulub. Az\u0259rbaycan\u0131n \u0259razisind\u0259 akademik Ziya B\u00fcnyadovun q\u0259tli v\u0259 bir ne\u00e7\u0259 terror plan\u0131n\u0131n \u00fcz\u0259 \u00e7\u0131xar\u0131lmas\u0131 da m\u0259hz bu t\u0259\u015fkilatla ba\u011fl\u0131d\u0131r. Eyni zamanda, Tohid \u0130brahimb\u0259ylinin ad\u0131 il\u0259 ba\u011fl\u0131 olan v\u0259 Suriyada d\u00f6y\u00fc\u015f t\u0259cr\u00fcb\u0259si ke\u00e7\u0259n b\u0259zi az\u0259rbaycanl\u0131 v\u0259t\u0259nda\u015flar da var.<\/p>\n<p>Haz\u0131rda humanitar \u0259m\u0259kda\u015fl\u0131q hans\u0131 istiqam\u0259td\u0259 olacaqsa, h\u0259l\u0259 d\u0259qiq m\u0259lum deyil. Lakin q\u0131sa perspektivd\u0259 Az\u0259rbaycan\u0131n t\u0259cr\u00fcb\u0259si Suriya \u00fc\u00e7\u00fcn olduqca faydal\u0131 ola bil\u0259r. Az\u0259rbaycan t\u0259\u0259ss\u00fcf ki, humanitar minat\u0259mizl\u0259m\u0259 sah\u0259sind\u0259 geni\u015f t\u0259cr\u00fcb\u0259y\u0259 malikdir v\u0259 bu, Suriya \u00fc\u00e7\u00fcn \u00e7ox vacibdir. Eyni zamanda, Az\u0259rbaycan tamamil\u0259 m\u0259hv edilmi\u015f \u015f\u0259h\u0259r v\u0259 k\u0259ndl\u0259rin b\u0259rpas\u0131nda da geni\u015f t\u0259cr\u00fcb\u0259 \u0259ld\u0259 edib. Erm\u0259nistan\u0131n i\u015f\u011faldan azad olunmu\u015f \u0259razil\u0259rind\u0259 apar\u0131lan b\u0259rpa i\u015fl\u0259rind\u0259n c\u0259mi d\u00f6rd il ke\u00e7m\u0259sin\u0259 baxmayaraq, art\u0131q \u015f\u0259h\u0259rl\u0259rin v\u0259 k\u0259ndl\u0259rin tamamil\u0259 yenid\u0259n qurulmas\u0131 prosesi h\u0259yata ke\u00e7irilir. Buraya ya\u015fay\u0131\u015f binalar\u0131, sosial infrastruktur, yollar v\u0259 kommunikasiya x\u0259tl\u0259ri daxildir.<\/p>\n<p><img loading=\"lazy\" src=\"https:\/\/cdn.musavat.com\/news\/thumbnails\/5879de3458ab36d6aa7446e0d1df677f.jpg\" alt=\"630279.jpg (98 KB)\" width=\"700\" height=\"525\" \/><\/p>\n<p>Uzunm\u00fcdd\u0259tli perspektivd\u0259 is\u0259 investisiyalar, faydal\u0131 qaz\u0131nt\u0131lar\u0131n hasilat\u0131 v\u0259 sosial layih\u0259l\u0259r g\u00fcnd\u0259md\u0259 ola bil\u0259r. Az\u0259rbaycan art\u0131q bir \u00e7ox \u00f6lk\u0259l\u0259rd\u0259 ASAN Xidm\u0259t proqram\u0131n\u0131 h\u0259yata ke\u00e7irir v\u0259 Tacikistanda Hesablama Palatas\u0131n\u0131n yarad\u0131lmas\u0131na yard\u0131m edib.<\/p>\n<p>N\u0259hay\u0259t, Az\u0259rbaycan\u0131n unikal bir t\u0259cr\u00fcb\u0259si d\u0259 m\u00f6vcuddur: 1993-c\u00fc ild\u0259 \u201csilahl\u0131 m\u00fcxalif\u0259ti v\u0259t\u0259nda\u015f m\u00fcharib\u0259si olmadan z\u0259r\u0259rsizl\u0259\u015fdirm\u0259k\u201d m\u0259s\u0259l\u0259si. Bu m\u0259s\u0259l\u0259ni \u00fcmummilli lider Heyd\u0259r \u018fliyev h\u0259ll ed\u0259 bilmi\u015fdi v\u0259 bu t\u0259cr\u00fcb\u0259 d\u0259 Suriya \u00fc\u00e7\u00fcn olduqca \u0259h\u0259miyy\u0259tli ola bil\u0259r. \u00c7\u00fcnki Suriya b\u00f6y\u00fck sayda m\u00fcharib\u0259 t\u0259cr\u00fcb\u0259si olan d\u00f6y\u00fc\u015f\u00e7\u00fcl\u0259r problemini h\u0259ll etm\u0259lidir. Onlar art\u0131q \u201cKala\u015fnikov avtomat\u0131n\u0131n v\u0259 pulemyotun\u201d nec\u0259 hakimiyy\u0259t g\u0259tirdiyini bilirl\u0259r.<\/p>\n<p>Tarix\u0259 n\u0259z\u0259r yetirs\u0259k g\u00f6r\u0259rik ki, Az\u0259rbaycanla \u0259m\u0259kda\u015fl\u0131\u011f\u0131 m\u00f6hk\u0259ml\u0259ndirm\u0259y\u0259 \u00e7al\u0131\u015fan ilk \u015f\u0259xs d\u0259 m\u0259hz B\u0259\u015f\u0259r \u018fs\u0259d olmu\u015fdu. 2009-cu ild\u0259 \u018fs\u0259d h\u0259tta Bak\u0131ya s\u0259f\u0259r etmi\u015fdi.<\/p>\n<p><img loading=\"lazy\" src=\"https:\/\/cdn.musavat.com\/news\/thumbnails\/312f5c52cfb68aa87cc6fa3c19e34c4a.jpg\" alt=\"6609b385-9f70-4ec6-8826-90b0a1de55a6.jpg (119 KB)\" width=\"700\" height=\"387\" \/><\/p>\n<p><em>B\u0259\u015f\u0259r \u018fs\u0259d Bak\u0131 hava liman\u0131nda, iyul 2009<\/em><\/p>\n<p>O zaman Suriya Ankarayla m\u00fcnasib\u0259tl\u0259ri inki\u015faf etdirir v\u0259 h\u0259tta Hatay vilay\u0259tini T\u00fcrkiy\u0259nin t\u0259rkib hiss\u0259si kimi tan\u0131d\u0131\u011f\u0131n\u0131 b\u0259yan etmi\u015fdi. Bak\u0131 il\u0259 is\u0259 qaz t\u0259dar\u00fck\u00fc haqq\u0131nda raz\u0131l\u0131\u011fa g\u0259lm\u0259y\u0259 \u00e7al\u0131\u015f\u0131rd\u0131lar. Lakin q\u0131sa m\u00fcdd\u0259t \u0259rzind\u0259 v\u0259ziyy\u0259t d\u0259yi\u015fdi. \u018fs\u0259d Rusiyan\u0131n Tartus h\u0259rbi d\u0259niz bazas\u0131n\u0131 canland\u0131rmaq c\u0259hdl\u0259rin\u0259 alud\u0259 oldu v\u0259 \u0259r\u0259b bahar\u0131 t\u0259siri il\u0259 g\u0259ncl\u0259rin etiraz aksiyalar\u0131na zorak\u0131l\u0131qla cavab verm\u0259y\u0259 ba\u015flad\u0131. 2011-ci ild\u0259n Suriyada v\u0259t\u0259nda\u015f m\u00fcharib\u0259si ba\u015fland\u0131. 2012-ci ild\u0259 is\u0259 Az\u0259rbaycan Suriyadak\u0131 s\u0259firliyini ba\u011flad\u0131 v\u0259 diplomatlar\u0131n\u0131 geri \u00e7a\u011f\u0131rd\u0131.<\/p>\n<p>\u0130ndi is\u0259 D\u0259m\u0259\u015fq Bak\u0131 il\u0259 m\u00fcnasib\u0259tl\u0259rin inki\u015faf\u0131ndan dan\u0131\u015f\u0131r. Bu is\u0259 \u00e7ox vacibdir. Az\u0259rbaycan Suriyada T\u00fcrkiy\u0259 il\u0259 eyni komandada oynay\u0131r. Bu, t\u0259kc\u0259 Bak\u0131 il\u0259 Ankara aras\u0131ndak\u0131 qarda\u015fl\u0131q m\u00fcnasib\u0259tl\u0259rinin n\u00f6vb\u0259ti s\u00fcbutu deyil. Burada ba\u015fqa bir m\u0259qam da var: \u018fs\u0259d d\u00f6vr\u00fcnd\u0259 Suriya \u0130ran\u0131n b\u00f6lg\u0259d\u0259 yaratma\u011fa \u00e7al\u0131\u015fd\u0131\u011f\u0131 h\u0259rbi-siyasi blokun \u0259sas hiss\u0259si idi. Tehran burada \u201cbirl\u0259\u015fdirici g\u00fcc\u201d kimi dini faktorlar\u0131 istifad\u0259 ets\u0259 d\u0259, Erm\u0259nistanla s\u0131x \u0259laq\u0259l\u0259r qurmalar\u0131 v\u0259 erm\u0259nil\u0259rin Qaraba\u011fda t\u00f6r\u0259tdiyi v\u0259h\u015filikl\u0259r \u2013 m\u0259scidl\u0259rin, m\u0259zarl\u0131qlar\u0131n m\u0259hv edilm\u0259si \u2013 \u0130ran\u0131 dayand\u0131rmad\u0131. Tehran, n\u0259 yolla olur-olsun, Az\u0259rbaycan\u0131 bu koalisiyaya c\u0259lb etm\u0259y\u0259 \u00e7al\u0131\u015fsa da, bu ba\u015f tutmad\u0131.<\/p>\n<p><img loading=\"lazy\" src=\"https:\/\/cdn.musavat.com\/news\/thumbnails\/491fc58face0154a1683e70701fb48b8.jpg\" alt=\"6f005aca7da7a6046acdb3bb4fe1bde2.jpg (48 KB)\" width=\"600\" height=\"376\" \/><\/p>\n<p>Az\u0259rbaycan bu g\u00fcn m\u0259\u011flub olan koalisiyan\u0131n \u00fczv\u00fc olmad\u0131 v\u0259 Suriyada qarda\u015f T\u00fcrkiy\u0259 il\u0259 birlikd\u0259 h\u0259r\u0259k\u0259t ed\u0259c\u0259k. Bu is\u0259 b\u00fct\u00fcn t\u0259r\u0259fl\u0259rin, ilk n\u00f6vb\u0259d\u0259 is\u0259 Suriya xalq\u0131n\u0131n maraqlar\u0131na xidm\u0259t ed\u0259c\u0259k. \u00c7\u00fcnki Suriya xalq\u0131 art\u0131q \u018fs\u0259din xarici \u201cdostlar\u0131n\u0131n himay\u0259sind\u0259n\u201d bezib.<\/p>\n<p>Yaz\u0131 Minval.az sayt\u0131n\u0131n yazar\u0131 Nurani xan\u0131m\u0131n m\u0259qal\u0259si \u0259sas\u0131nda haz\u0131rlan\u0131b.<\/p>\n<p><strong>Orijinal link burada:<\/strong>\u00a0<a href=\"https:\/\/minval.az\/news\/124438005\" target=\"_blank\" rel=\"noopener\">https:\/\/minval.az\/news\/124438005<\/a><\/p>\n","protected":false},"excerpt":{"rendered":"<p>Suriya hakimiyy\u0259ti Az\u0259rbaycanla m\u00fcnasib\u0259tl\u0259r\u0259 yenid\u0259n baxma\u011fa v\u0259 g\u00f6r\u00fcn\u00fcr, onlar\u0131 aktivl\u0259\u015fdirm\u0259y\u0259 haz\u0131rla\u015f\u0131r. Minval x\u0259b\u0259r verir ki, yeni Suriya ba\u015f nazirinin ofisind\u0259n ad\u0131 a\u00e7\u0131qlanmayan bir m\u0259nb\u0259 bu bar\u0259d\u0259 mediaya a\u00e7\u0131qlama verib. ArabAZ-\u0131n m\u0259lumat\u0131na g\u00f6r\u0259, h\u0259min m\u0259nb\u0259 bildirib ki, \u201cSuriya Az\u0259rbaycanla m\u00fcnasib\u0259tl\u0259r\u0259 b\u00f6y\u00fck \u0259h\u0259miyy\u0259t verir v\u0259 \u018fs\u0259d d\u00f6vr\u00fcnd\u0259 Az\u0259rbaycana qar\u015f\u0131 t\u00f6r\u0259dilmi\u015f \u0259dal\u0259tsizlikl\u0259r Suriya xalq\u0131n\u0131n Az\u0259rbaycan xalq\u0131na m\u00fcnasib\u0259tini \u0259ks etdirmir.\u201d M\u0259nb\u0259 s\u00f6zl\u0259rin\u0259 bel\u0259 davam edib:\u00a0\u201cT\u0259\u0259ss\u00fcf ki, \u0259vv\u0259lki Suriya hakimiyy\u0259ti yerli \u0259halinin maraqlar\u0131na zidd h\u0259r\u0259k\u0259t ed\u0259r\u0259k Az\u0259rbaycanla m\u00fcnasib\u0259tl\u0259r\u0259 d\u0259y\u0259r vermirdi. \u00dcst\u0259lik, \u018fs\u0259d rejimi \u00f6lk\u0259ni Az\u0259rbaycan xalq\u0131na qar\u015f\u0131 f\u0259aliyy\u0259t g\u00f6st\u0259r\u0259n terror t\u0259\u015fkilatlar\u0131 \u00fc\u00e7\u00fcn t\u0259lim bazas\u0131na \u00e7evirmi\u015fdi.&hellip;<\/p>\n","protected":false},"author":2,"featured_media":775512,"comment_status":"closed","ping_status":"closed","sticky":false,"template":"","format":"standard","meta":{"om_disable_all_campaigns":false,"_monsterinsights_skip_tracking":false,"_monsterinsights_sitenote_active":false,"_monsterinsights_sitenote_note":"","_monsterinsights_sitenote_category":0},"categories":[19],"tags":[],"aioseo_notices":[],"gutentor_comment":0,"rttpg_featured_image_url":{"full":["https:\/\/arantv.az\/wp-content\/uploads\/2024\/12\/428045646d61dcc66c00c70c16cc9e0f.jpg",870,500,false],"landscape":["https:\/\/arantv.az\/wp-content\/uploads\/2024\/12\/428045646d61dcc66c00c70c16cc9e0f.jpg",870,500,false],"portraits":["https:\/\/arantv.az\/wp-content\/uploads\/2024\/12\/428045646d61dcc66c00c70c16cc9e0f.jpg",870,500,false],"thumbnail":["https:\/\/arantv.az\/wp-content\/uploads\/2024\/12\/428045646d61dcc66c00c70c16cc9e0f-500x280.jpg",500,280,true],"medium":["https:\/\/arantv.az\/wp-content\/uploads\/2024\/12\/428045646d61dcc66c00c70c16cc9e0f-635x365.jpg",635,365,true],"large":["https:\/\/arantv.az\/wp-content\/uploads\/2024\/12\/428045646d61dcc66c00c70c16cc9e0f-840x483.jpg",640,368,true],"1536x1536":["https:\/\/arantv.az\/wp-content\/uploads\/2024\/12\/428045646d61dcc66c00c70c16cc9e0f.jpg",870,500,false],"2048x2048":["https:\/\/arantv.az\/wp-content\/uploads\/2024\/12\/428045646d61dcc66c00c70c16cc9e0f.jpg",870,500,false],"post-thumbnail":["https:\/\/arantv.az\/wp-content\/uploads\/2024\/12\/428045646d61dcc66c00c70c16cc9e0f-240x172.jpg",240,172,true],"advps-thumb-one":["https:\/\/arantv.az\/wp-content\/uploads\/2024\/12\/428045646d61dcc66c00c70c16cc9e0f.jpg",870,500,false]},"rttpg_author":{"display_name":"V\u00fcsal Rafiqo\u011flu","author_link":"https:\/\/arantv.az\/?author=2"},"rttpg_comment":0,"rttpg_category":"<a href=\"https:\/\/arantv.az\/?cat=19\" rel=\"category\">G\u00fcnd\u0259m<\/a>","rttpg_excerpt":"Suriya hakimiyy\u0259ti Az\u0259rbaycanla m\u00fcnasib\u0259tl\u0259r\u0259 yenid\u0259n baxma\u011fa v\u0259 g\u00f6r\u00fcn\u00fcr, onlar\u0131 aktivl\u0259\u015fdirm\u0259y\u0259 haz\u0131rla\u015f\u0131r. Minval x\u0259b\u0259r verir ki, yeni Suriya ba\u015f nazirinin ofisind\u0259n ad\u0131 a\u00e7\u0131qlanmayan bir m\u0259nb\u0259 bu bar\u0259d\u0259 mediaya a\u00e7\u0131qlama verib. ArabAZ-\u0131n m\u0259lumat\u0131na g\u00f6r\u0259, h\u0259min m\u0259nb\u0259 bildirib ki, \u201cSuriya Az\u0259rbaycanla m\u00fcnasib\u0259tl\u0259r\u0259 b\u00f6y\u00fck \u0259h\u0259miyy\u0259t verir v\u0259 \u018fs\u0259d d\u00f6vr\u00fcnd\u0259 Az\u0259rbaycana qar\u015f\u0131 t\u00f6r\u0259dilmi\u015f \u0259dal\u0259tsizlikl\u0259r Suriya xalq\u0131n\u0131n Az\u0259rbaycan xalq\u0131na m\u00fcnasib\u0259tini \u0259ks&hellip;","_links":{"self":[{"href":"https:\/\/arantv.az\/index.php?rest_route=\/wp\/v2\/posts\/775511"}],"collection":[{"href":"https:\/\/arantv.az\/index.php?rest_route=\/wp\/v2\/posts"}],"about":[{"href":"https:\/\/arantv.az\/index.php?rest_route=\/wp\/v2\/types\/post"}],"author":[{"embeddable":true,"href":"https:\/\/arantv.az\/index.php?rest_route=\/wp\/v2\/users\/2"}],"replies":[{"embeddable":true,"href":"https:\/\/arantv.az\/index.php?rest_route=%2Fwp%2Fv2%2Fcomments&post=775511"}],"version-history":[{"count":1,"href":"https:\/\/arantv.az\/index.php?rest_route=\/wp\/v2\/posts\/775511\/revisions"}],"predecessor-version":[{"id":775513,"href":"https:\/\/arantv.az\/index.php?rest_route=\/wp\/v2\/posts\/775511\/revisions\/775513"}],"wp:featuredmedia":[{"embeddable":true,"href":"https:\/\/arantv.az\/index.php?rest_route=\/wp\/v2\/media\/775512"}],"wp:attachment":[{"href":"https:\/\/arantv.az\/index.php?rest_route=%2Fwp%2Fv2%2Fmedia&parent=775511"}],"wp:term":[{"taxonomy":"category","embeddable":true,"href":"https:\/\/arantv.az\/index.php?rest_route=%2Fwp%2Fv2%2Fcategories&post=775511"},{"taxonomy":"post_tag","embeddable":true,"href":"https:\/\/arantv.az\/index.php?rest_route=%2Fwp%2Fv2%2Ftags&post=775511"}],"curies":[{"name":"wp","href":"https:\/\/api.w.org\/{rel}","templated":true}]}}