{"id":775521,"date":"2024-12-19T07:24:26","date_gmt":"2024-12-19T03:24:26","guid":{"rendered":"https:\/\/arantv.az\/?p=775521"},"modified":"2024-12-19T07:24:26","modified_gmt":"2024-12-19T03:24:26","slug":"az%c9%99rbaycanda-m%c9%99shur-bazar-sokulurvideo","status":"publish","type":"post","link":"https:\/\/arantv.az\/?p=775521","title":{"rendered":"Az\u0259rbaycanda m\u0259\u015fhur bazar S\u00d6K\u00dcL\u00dcRV\u0130DEO"},"content":{"rendered":"<div class=\"text-content\" data-id=\"\" data-url=\"\">\n<p><em><strong>Ke\u015fl\u0259 bazar\u0131nda f\u0259aliyy\u0259t g\u00f6st\u0259r\u0259n icar\u0259darlara yanvar\u0131n 1-\u0259 q\u0259d\u0259r bazar\u0131 t\u0259rk etm\u0259l\u0259ri bildirilib.<\/strong><\/em><\/p>\n<p>Bazarda f\u0259aliyy\u0259t g\u00f6st\u0259r\u0259n icar\u0259darlar veril\u0259n q\u0259rardan naraz\u0131d\u0131rlar. Onlar 13 g\u00fcnl\u00fck m\u00fcdd\u0259tin bazardan \u00e7\u0131xmaq \u00fc\u00e7\u00fcn kifay\u0259t etm\u0259y\u0259c\u0259yini bildirir v\u0259 bu m\u00fcdd\u0259tin \u0259n az\u0131 4 ay uzad\u0131lmas\u0131n\u0131 ist\u0259yirl\u0259r.<\/p>\n<p>\u0130car\u0259darlar deyirl\u0259r ki, 4-5 ay \u00f6nc\u0259d\u0259n bazar\u0131n yeni ild\u0259 s\u00f6k\u00fcl\u0259c\u0259yin\u0259 dair m\u0259lumat verils\u0259ydi, satmaq \u00fc\u00e7\u00fcn \u0259lav\u0259 mal almazd\u0131lar, h\u0259m\u00e7inin \u0259ll\u0259rind\u0259ki mallar\u0131 da sat\u0131b qurtarm\u0131\u015f olard\u0131lar.<\/p>\n<p>&#8220;Ke\u015fl\u0259&#8221; bazar\u0131n\u0131n \u0259razisin\u0259 n\u0259zar\u0259t ed\u0259n \u015f\u0259xs bildirib ki, onlara da m\u0259lumat el\u0259 bu g\u00fcn verilib.<\/p>\n<p>M\u0259s\u0259l\u0259 il\u0259 \u0259laq\u0259dar Az\u0259rbaycan Avtomobil Yollar\u0131 D\u00f6vl\u0259t Agentliyind\u0259n (AAYDA) bildirilib ki, bazar r\u0259hb\u0259rliyin\u0259 aprel ay\u0131ndan b\u0259ri bir ne\u00e7\u0259 d\u0259f\u0259 \u0259razinin bo\u015fald\u0131lmas\u0131 il\u0259 ba\u011fl\u0131 tap\u015f\u0131r\u0131q verilib. R\u0259hb\u0259rlik \u00f6z\u00fc m\u0259s\u0259l\u0259ni gecikdirib. Son x\u0259b\u0259rdarl\u0131q is\u0259 yax\u0131n zamanda edilib. \u018frazi q\u0131sa m\u00fcdd\u0259t\u0259 bo\u015fald\u0131lmal\u0131d\u0131r ki, tikinti ba\u015flas\u0131n.\/\/Xezerxeber.az<\/p>\n<p>\u018ftrafl\u0131 s\u00fcjetd\u0259:<\/p>\n<p><iframe title=\"Ke\u015fl\u0259 bazar\u0131nda i\u015fl\u0259y\u0259nl\u0259r\u0259 n\u00f6vb\u0259ti X\u018fB\u018fRDARLIQ - Yanvar\u0131n 1-n\u0259 q\u0259d\u0259r bazar\u0131 t\u0259rk edin!\" src=\"https:\/\/www.youtube.com\/embed\/kzM5LN2xAvw\" frameborder=\"0\" allowfullscreen=\"allowfullscreen\" data-mce-fragment=\"1\"><\/iframe><\/p>\n<\/div>\n<div><\/div>\n<div><\/div>\n<div class=\"inner-social-box\">\n<div class=\"subs-in-social subs-whatsapp\"><\/div>\n<\/div>\n","protected":false},"excerpt":{"rendered":"<p>Ke\u015fl\u0259 bazar\u0131nda f\u0259aliyy\u0259t g\u00f6st\u0259r\u0259n icar\u0259darlara yanvar\u0131n 1-\u0259 q\u0259d\u0259r bazar\u0131 t\u0259rk etm\u0259l\u0259ri bildirilib. Bazarda f\u0259aliyy\u0259t g\u00f6st\u0259r\u0259n icar\u0259darlar veril\u0259n q\u0259rardan naraz\u0131d\u0131rlar. Onlar 13 g\u00fcnl\u00fck m\u00fcdd\u0259tin bazardan \u00e7\u0131xmaq \u00fc\u00e7\u00fcn kifay\u0259t etm\u0259y\u0259c\u0259yini bildirir v\u0259 bu m\u00fcdd\u0259tin \u0259n az\u0131 4 ay uzad\u0131lmas\u0131n\u0131 ist\u0259yirl\u0259r. \u0130car\u0259darlar deyirl\u0259r ki, 4-5 ay \u00f6nc\u0259d\u0259n bazar\u0131n yeni ild\u0259 s\u00f6k\u00fcl\u0259c\u0259yin\u0259 dair m\u0259lumat verils\u0259ydi, satmaq \u00fc\u00e7\u00fcn \u0259lav\u0259 mal almazd\u0131lar, h\u0259m\u00e7inin \u0259ll\u0259rind\u0259ki mallar\u0131 da sat\u0131b qurtarm\u0131\u015f olard\u0131lar. &#8220;Ke\u015fl\u0259&#8221; bazar\u0131n\u0131n \u0259razisin\u0259 n\u0259zar\u0259t ed\u0259n \u015f\u0259xs bildirib ki, onlara da m\u0259lumat el\u0259 bu g\u00fcn verilib. M\u0259s\u0259l\u0259 il\u0259 \u0259laq\u0259dar Az\u0259rbaycan Avtomobil Yollar\u0131 D\u00f6vl\u0259t Agentliyind\u0259n (AAYDA) bildirilib ki, bazar&hellip;<\/p>\n","protected":false},"author":2,"featured_media":775522,"comment_status":"closed","ping_status":"closed","sticky":false,"template":"","format":"standard","meta":{"om_disable_all_campaigns":false,"_monsterinsights_skip_tracking":false,"_monsterinsights_sitenote_active":false,"_monsterinsights_sitenote_note":"","_monsterinsights_sitenote_category":0},"categories":[1],"tags":[],"aioseo_notices":[],"gutentor_comment":0,"rttpg_featured_image_url":{"full":["https:\/\/arantv.az\/wp-content\/uploads\/2024\/12\/7fc22eb15b17a8278889534c1243d020.jpg",870,500,false],"landscape":["https:\/\/arantv.az\/wp-content\/uploads\/2024\/12\/7fc22eb15b17a8278889534c1243d020.jpg",870,500,false],"portraits":["https:\/\/arantv.az\/wp-content\/uploads\/2024\/12\/7fc22eb15b17a8278889534c1243d020.jpg",870,500,false],"thumbnail":["https:\/\/arantv.az\/wp-content\/uploads\/2024\/12\/7fc22eb15b17a8278889534c1243d020-500x280.jpg",500,280,true],"medium":["https:\/\/arantv.az\/wp-content\/uploads\/2024\/12\/7fc22eb15b17a8278889534c1243d020-635x365.jpg",635,365,true],"large":["https:\/\/arantv.az\/wp-content\/uploads\/2024\/12\/7fc22eb15b17a8278889534c1243d020-840x483.jpg",640,368,true],"1536x1536":["https:\/\/arantv.az\/wp-content\/uploads\/2024\/12\/7fc22eb15b17a8278889534c1243d020.jpg",870,500,false],"2048x2048":["https:\/\/arantv.az\/wp-content\/uploads\/2024\/12\/7fc22eb15b17a8278889534c1243d020.jpg",870,500,false],"post-thumbnail":["https:\/\/arantv.az\/wp-content\/uploads\/2024\/12\/7fc22eb15b17a8278889534c1243d020-240x172.jpg",240,172,true],"advps-thumb-one":["https:\/\/arantv.az\/wp-content\/uploads\/2024\/12\/7fc22eb15b17a8278889534c1243d020.jpg",870,500,false]},"rttpg_author":{"display_name":"V\u00fcsal Rafiqo\u011flu","author_link":"https:\/\/arantv.az\/?author=2"},"rttpg_comment":0,"rttpg_category":"<a href=\"https:\/\/arantv.az\/?cat=1\" rel=\"category\">C\u0259miyy\u0259t<\/a>","rttpg_excerpt":"Ke\u015fl\u0259 bazar\u0131nda f\u0259aliyy\u0259t g\u00f6st\u0259r\u0259n icar\u0259darlara yanvar\u0131n 1-\u0259 q\u0259d\u0259r bazar\u0131 t\u0259rk etm\u0259l\u0259ri bildirilib. Bazarda f\u0259aliyy\u0259t g\u00f6st\u0259r\u0259n icar\u0259darlar veril\u0259n q\u0259rardan naraz\u0131d\u0131rlar. Onlar 13 g\u00fcnl\u00fck m\u00fcdd\u0259tin bazardan \u00e7\u0131xmaq \u00fc\u00e7\u00fcn kifay\u0259t etm\u0259y\u0259c\u0259yini bildirir v\u0259 bu m\u00fcdd\u0259tin \u0259n az\u0131 4 ay uzad\u0131lmas\u0131n\u0131 ist\u0259yirl\u0259r. \u0130car\u0259darlar deyirl\u0259r ki, 4-5 ay \u00f6nc\u0259d\u0259n bazar\u0131n yeni ild\u0259 s\u00f6k\u00fcl\u0259c\u0259yin\u0259 dair m\u0259lumat verils\u0259ydi, satmaq \u00fc\u00e7\u00fcn \u0259lav\u0259 mal&hellip;","_links":{"self":[{"href":"https:\/\/arantv.az\/index.php?rest_route=\/wp\/v2\/posts\/775521"}],"collection":[{"href":"https:\/\/arantv.az\/index.php?rest_route=\/wp\/v2\/posts"}],"about":[{"href":"https:\/\/arantv.az\/index.php?rest_route=\/wp\/v2\/types\/post"}],"author":[{"embeddable":true,"href":"https:\/\/arantv.az\/index.php?rest_route=\/wp\/v2\/users\/2"}],"replies":[{"embeddable":true,"href":"https:\/\/arantv.az\/index.php?rest_route=%2Fwp%2Fv2%2Fcomments&post=775521"}],"version-history":[{"count":1,"href":"https:\/\/arantv.az\/index.php?rest_route=\/wp\/v2\/posts\/775521\/revisions"}],"predecessor-version":[{"id":775523,"href":"https:\/\/arantv.az\/index.php?rest_route=\/wp\/v2\/posts\/775521\/revisions\/775523"}],"wp:featuredmedia":[{"embeddable":true,"href":"https:\/\/arantv.az\/index.php?rest_route=\/wp\/v2\/media\/775522"}],"wp:attachment":[{"href":"https:\/\/arantv.az\/index.php?rest_route=%2Fwp%2Fv2%2Fmedia&parent=775521"}],"wp:term":[{"taxonomy":"category","embeddable":true,"href":"https:\/\/arantv.az\/index.php?rest_route=%2Fwp%2Fv2%2Fcategories&post=775521"},{"taxonomy":"post_tag","embeddable":true,"href":"https:\/\/arantv.az\/index.php?rest_route=%2Fwp%2Fv2%2Ftags&post=775521"}],"curies":[{"name":"wp","href":"https:\/\/api.w.org\/{rel}","templated":true}]}}