{"id":775544,"date":"2024-12-19T07:32:23","date_gmt":"2024-12-19T03:32:23","guid":{"rendered":"https:\/\/arantv.az\/?p=775544"},"modified":"2024-12-19T07:32:23","modified_gmt":"2024-12-19T03:32:23","slug":"qarabagda-n%c9%99-q%c9%99d%c9%99r-erm%c9%99ni-qalib-prezident-aciqladi","status":"publish","type":"post","link":"https:\/\/arantv.az\/?p=775544","title":{"rendered":"Qaraba\u011fda n\u0259 q\u0259d\u0259r erm\u0259ni qal\u0131b? &#8211; Prezident a\u00e7\u0131qlad\u0131"},"content":{"rendered":"<p>&#8220;T\u0259qrib\u0259n iki ay \u0259vv\u0259l son informasiya ondan ibar\u0259t idi ki, orada erm\u0259ni mill\u0259tind\u0259n olan 20-y\u0259 yax\u0131n sakin ya\u015fay\u0131r&#8221;.&#8221;Qafqazinfo&#8221; <a title=\"xeberler son xeberler 2024\" href=\"https:\/\/big.az\/\" target=\"_blank\" rel=\"noopener\">x\u0259b\u0259r<\/a>\u00a0verir ki, bu s\u00f6zl\u0259ri Az\u0259rbaycan Prezidenti \u0130lham \u018fliyev &#8220;Rossiya Seqodnya&#8221; Beyn\u0259lxalq \u0130nformasiya Agentliyinin ba\u015f direktoru Dmitri Kiselyova m\u00fcsahib\u0259sind\u0259 deyib.<\/p>\n<p>Qaraba\u011fda ya\u015fayan erm\u0259nil\u0259rl\u0259 ba\u011fl\u0131 suala cavab ver\u0259n d\u00f6vl\u0259t ba\u015f\u00e7\u0131s\u0131 qeyd edib:<\/p>\n<p>&#8220;H\u0259l\u0259 2023-c\u00fc ilin sentyabr\u0131nda, biz birg\u00fcnl\u00fck antiterror \u0259m\u0259liyyat\u0131 ke\u00e7ir\u0259n\u0259 q\u0259d\u0259r Qaraba\u011f erm\u0259nil\u0259rinin Az\u0259rbaycan d\u00f6vl\u0259tin\u0259 reinteqrasiyas\u0131 plan\u0131n\u0131 r\u0259smi olaraq d\u0259rc etdik. Bu, a\u00e7\u0131q \u015f\u0259kild\u0259 edildi. Bu, internetd\u0259 elan olundu. \u00c7\u00fcnki erm\u0259ni ictimaiyy\u0259tinin n\u00fcmay\u0259nd\u0259l\u0259ri il\u0259 t\u0259mas qurmaq \u00fczr\u0259 \u00e7oxsayl\u0131 c\u0259hdl\u0259rimiz u\u011furla n\u0259tic\u0259l\u0259nm\u0259di. Onlar biz\u0259 m\u0259h\u0259l qoymur, biziml\u0259 g\u00f6r\u00fc\u015fm\u0259k, biziml\u0259 dan\u0131\u015fmaq ist\u0259mirdil\u0259r. Bel\u0259 olan t\u0259qdird\u0259 orada ya\u015fayanlar\u0131n, nec\u0259 dey\u0259rl\u0259r, diqq\u0259tin\u0259 \u00e7atd\u0131rmaq \u00fc\u00e7\u00fcn biz bunu internetd\u0259 yayd\u0131q. Orada kifay\u0259t q\u0259d\u0259r ayd\u0131n \u015f\u0259kild\u0259 h\u0259r \u015fey yaz\u0131l\u0131b, ist\u0259y\u0259n h\u0259r k\u0259s baxa bil\u0259r, t\u0259hsild\u0259n, m\u0259d\u0259ni m\u00fchitin qorunub saxlanmas\u0131ndan, reinteqrasiyadan, inteqrasiya yollar\u0131ndan, yaxud ya\u015famaq \u00fc\u00e7\u00fcn m\u00fcraci\u0259t etm\u0259k v\u0259 ya v\u0259t\u0259nda\u015fl\u0131q almaq, yaxud i\u015fl\u0259m\u0259y\u0259 icaz\u0259 verilm\u0259sin\u0259d\u0259k b\u00fct\u00fcn m\u0259s\u0259l\u0259l\u0259r. V\u0259ziyy\u0259t bundan ibar\u0259t idi. \u018fg\u0259r onlardan h\u0259r hans\u0131 biri b\u00fct\u00fcn bu ba\u015f ver\u0259nl\u0259rd\u0259n sonra hans\u0131sa anla\u015f\u0131lmaz &#8220;Da\u011fl\u0131q Qaraba\u011f respublikas\u0131nda&#8221; ya\u015fad\u0131\u011f\u0131n\u0131 d\u00fc\u015f\u00fcn\u00fcrd\u00fcs\u0259, bu, onlar\u0131n problemidir. Y\u0259ni, h\u0259r hans\u0131 bir insan kimi. Bir insan Az\u0259rbaycandan Rusiyaya i\u015fl\u0259m\u0259y\u0259 gedir, m\u00fcv\u0259qq\u0259ti ya\u015fay\u0131\u015f h\u00fcququ v\u0259 ya \u00e7al\u0131\u015fma icaz\u0259si al\u0131r, qeydiyyatdan ke\u00e7ir, sonra o, v\u0259t\u0259nda\u015fl\u0131q \u00fc\u00e7\u00fcn m\u00fcraci\u0259t edir. Proses bundan ibar\u0259tdir. Biz d\u0259 bunu t\u0259klif etdik, amma he\u00e7 biri q\u0259bul olunmad\u0131. Bel\u0259 olan halda orada v\u0259ziyy\u0259t d\u0259yi\u015fdi, orada qalanlar, &#8211; onlar\u0131n say\u0131 is\u0259 o q\u0259d\u0259r d\u0259 \u00e7ox deyildi, t\u0259qrib\u0259n 30-dan \u00e7ox insan, bir hiss\u0259si sonra \u00e7\u0131x\u0131b getdi, &#8211; \u0259vv\u0259lki kimi Az\u0259rbaycandan, \u018fm\u0259k v\u0259 \u018fhalinin Sosial M\u00fcdafi\u0259si Nazirliyind\u0259n sosial yard\u0131m al\u0131rlar, onlar\u0131n m\u00fcalic\u0259si, \u0259rzaqla t\u0259minat\u0131 qar\u015f\u0131lan\u0131b, orada h\u0259yat tam t\u0259min edilib&#8221;.<\/p>\n","protected":false},"excerpt":{"rendered":"<p>&#8220;T\u0259qrib\u0259n iki ay \u0259vv\u0259l son informasiya ondan ibar\u0259t idi ki, orada erm\u0259ni mill\u0259tind\u0259n olan 20-y\u0259 yax\u0131n sakin ya\u015fay\u0131r&#8221;.&#8221;Qafqazinfo&#8221; x\u0259b\u0259r\u00a0verir ki, bu s\u00f6zl\u0259ri Az\u0259rbaycan Prezidenti \u0130lham \u018fliyev &#8220;Rossiya Seqodnya&#8221; Beyn\u0259lxalq \u0130nformasiya Agentliyinin ba\u015f direktoru Dmitri Kiselyova m\u00fcsahib\u0259sind\u0259 deyib. Qaraba\u011fda ya\u015fayan erm\u0259nil\u0259rl\u0259 ba\u011fl\u0131 suala cavab ver\u0259n d\u00f6vl\u0259t ba\u015f\u00e7\u0131s\u0131 qeyd edib: &#8220;H\u0259l\u0259 2023-c\u00fc ilin sentyabr\u0131nda, biz birg\u00fcnl\u00fck antiterror \u0259m\u0259liyyat\u0131 ke\u00e7ir\u0259n\u0259 q\u0259d\u0259r Qaraba\u011f erm\u0259nil\u0259rinin Az\u0259rbaycan d\u00f6vl\u0259tin\u0259 reinteqrasiyas\u0131 plan\u0131n\u0131 r\u0259smi olaraq d\u0259rc etdik. Bu, a\u00e7\u0131q \u015f\u0259kild\u0259 edildi. Bu, internetd\u0259 elan olundu. \u00c7\u00fcnki erm\u0259ni ictimaiyy\u0259tinin n\u00fcmay\u0259nd\u0259l\u0259ri il\u0259 t\u0259mas qurmaq \u00fczr\u0259 \u00e7oxsayl\u0131 c\u0259hdl\u0259rimiz u\u011furla n\u0259tic\u0259l\u0259nm\u0259di. Onlar biz\u0259&hellip;<\/p>\n","protected":false},"author":2,"featured_media":775545,"comment_status":"closed","ping_status":"closed","sticky":false,"template":"","format":"standard","meta":{"om_disable_all_campaigns":false,"_monsterinsights_skip_tracking":false,"_monsterinsights_sitenote_active":false,"_monsterinsights_sitenote_note":"","_monsterinsights_sitenote_category":0},"categories":[19],"tags":[],"aioseo_notices":[],"gutentor_comment":0,"rttpg_featured_image_url":{"full":["https:\/\/arantv.az\/wp-content\/uploads\/2024\/12\/pr1_11734543872.jpg",637,400,false],"landscape":["https:\/\/arantv.az\/wp-content\/uploads\/2024\/12\/pr1_11734543872.jpg",637,400,false],"portraits":["https:\/\/arantv.az\/wp-content\/uploads\/2024\/12\/pr1_11734543872.jpg",637,400,false],"thumbnail":["https:\/\/arantv.az\/wp-content\/uploads\/2024\/12\/pr1_11734543872-500x280.jpg",500,280,true],"medium":["https:\/\/arantv.az\/wp-content\/uploads\/2024\/12\/pr1_11734543872-581x365.jpg",581,365,true],"large":["https:\/\/arantv.az\/wp-content\/uploads\/2024\/12\/pr1_11734543872.jpg",637,400,false],"1536x1536":["https:\/\/arantv.az\/wp-content\/uploads\/2024\/12\/pr1_11734543872.jpg",637,400,false],"2048x2048":["https:\/\/arantv.az\/wp-content\/uploads\/2024\/12\/pr1_11734543872.jpg",637,400,false],"post-thumbnail":["https:\/\/arantv.az\/wp-content\/uploads\/2024\/12\/pr1_11734543872-240x172.jpg",240,172,true],"advps-thumb-one":["https:\/\/arantv.az\/wp-content\/uploads\/2024\/12\/pr1_11734543872.jpg",637,400,false]},"rttpg_author":{"display_name":"V\u00fcsal Rafiqo\u011flu","author_link":"https:\/\/arantv.az\/?author=2"},"rttpg_comment":0,"rttpg_category":"<a href=\"https:\/\/arantv.az\/?cat=19\" rel=\"category\">G\u00fcnd\u0259m<\/a>","rttpg_excerpt":"&#8220;T\u0259qrib\u0259n iki ay \u0259vv\u0259l son informasiya ondan ibar\u0259t idi ki, orada erm\u0259ni mill\u0259tind\u0259n olan 20-y\u0259 yax\u0131n sakin ya\u015fay\u0131r&#8221;.&#8221;Qafqazinfo&#8221; x\u0259b\u0259r\u00a0verir ki, bu s\u00f6zl\u0259ri Az\u0259rbaycan Prezidenti \u0130lham \u018fliyev &#8220;Rossiya Seqodnya&#8221; Beyn\u0259lxalq \u0130nformasiya Agentliyinin ba\u015f direktoru Dmitri Kiselyova m\u00fcsahib\u0259sind\u0259 deyib. Qaraba\u011fda ya\u015fayan erm\u0259nil\u0259rl\u0259 ba\u011fl\u0131 suala cavab ver\u0259n d\u00f6vl\u0259t ba\u015f\u00e7\u0131s\u0131 qeyd edib: &#8220;H\u0259l\u0259 2023-c\u00fc ilin sentyabr\u0131nda, biz birg\u00fcnl\u00fck antiterror&hellip;","_links":{"self":[{"href":"https:\/\/arantv.az\/index.php?rest_route=\/wp\/v2\/posts\/775544"}],"collection":[{"href":"https:\/\/arantv.az\/index.php?rest_route=\/wp\/v2\/posts"}],"about":[{"href":"https:\/\/arantv.az\/index.php?rest_route=\/wp\/v2\/types\/post"}],"author":[{"embeddable":true,"href":"https:\/\/arantv.az\/index.php?rest_route=\/wp\/v2\/users\/2"}],"replies":[{"embeddable":true,"href":"https:\/\/arantv.az\/index.php?rest_route=%2Fwp%2Fv2%2Fcomments&post=775544"}],"version-history":[{"count":1,"href":"https:\/\/arantv.az\/index.php?rest_route=\/wp\/v2\/posts\/775544\/revisions"}],"predecessor-version":[{"id":775546,"href":"https:\/\/arantv.az\/index.php?rest_route=\/wp\/v2\/posts\/775544\/revisions\/775546"}],"wp:featuredmedia":[{"embeddable":true,"href":"https:\/\/arantv.az\/index.php?rest_route=\/wp\/v2\/media\/775545"}],"wp:attachment":[{"href":"https:\/\/arantv.az\/index.php?rest_route=%2Fwp%2Fv2%2Fmedia&parent=775544"}],"wp:term":[{"taxonomy":"category","embeddable":true,"href":"https:\/\/arantv.az\/index.php?rest_route=%2Fwp%2Fv2%2Fcategories&post=775544"},{"taxonomy":"post_tag","embeddable":true,"href":"https:\/\/arantv.az\/index.php?rest_route=%2Fwp%2Fv2%2Ftags&post=775544"}],"curies":[{"name":"wp","href":"https:\/\/api.w.org\/{rel}","templated":true}]}}