{"id":775553,"date":"2024-12-19T07:37:10","date_gmt":"2024-12-19T03:37:10","guid":{"rendered":"https:\/\/arantv.az\/?p=775553"},"modified":"2024-12-19T07:37:10","modified_gmt":"2024-12-19T03:37:10","slug":"bulvarda-yeni-ill%c9%99-bagli-hansi-yenilikl%c9%99r-olacaq","status":"publish","type":"post","link":"https:\/\/arantv.az\/?p=775553","title":{"rendered":"Bulvarda Yeni ill\u0259 ba\u011fl\u0131 hans\u0131 YEN\u0130L\u0130KL\u018fR olacaq?"},"content":{"rendered":"<p><strong>D\u0259nizk\u0259nar\u0131 Milli Parkda Yeni ill\u0259 ba\u011fl\u0131 x\u00fcsusi haz\u0131rl\u0131q i\u015fl\u0259ri apar\u0131l\u0131r.<\/strong><\/p>\n<p><b>ARANTV.AZ <\/b>x\u0259b\u0259r verir ki, bu bar\u0259d\u0259 Report-a D\u0259nizk\u0259nar\u0131 Bulvar \u0130dar\u0259sinin m\u0259tbuat xidm\u0259tinin r\u0259hb\u0259ri \u018ffsan\u0259 Mehdiyeva deyib.<\/p>\n<p>&#8220;Bu il d\u0259 D\u0259nizk\u0259nar\u0131 Bulvar \u0130dar\u0259si olaraq \u00e7al\u0131\u015fm\u0131\u015f\u0131q ki, bayram \u0259hval-ruhiyy\u0259sini daha yax\u015f\u0131 \u00e7atd\u0131rmaq, qonaqlar\u0131m\u0131z\u0131n z\u00f6vq\u00fcn\u00fc ox\u015famaq \u00fc\u00e7\u00fcn Yeni il haz\u0131rl\u0131qlar\u0131n\u0131 daha geni\u015f miqyasda, yeni v\u0259 f\u0259rqli t\u0259rtibatda t\u0259qdim ed\u0259k&#8221;, &#8211; \u018f.Mehdiyeva bildirib.<\/p>\n<p>Bulvar r\u0259smisi qeyd edib ki, Milli Park\u0131n \u0259ks\u0259r hiss\u0259si, x\u00fcsusil\u0259 d\u0259 ziyar\u0259t\u00e7i ax\u0131n\u0131n\u0131n s\u0131x oldu\u011fu istiqam\u0259tl\u0259rin h\u0259r yeri bayram dekorasiyalar\u0131, Yeni il instalyasiyalar\u0131 il\u0259 b\u0259z\u0259dilib:<\/p>\n<p>&#8220;Dem\u0259k olar ki, h\u0259r add\u0131mba\u015f\u0131 x\u00fcsusi i\u015f\u0131qlarla b\u0259z\u0259dilmi\u015f yolkalar\u0131 g\u00f6rm\u0259k m\u00fcmk\u00fcnd\u00fcr. Bildiyiniz kimi, \u015f\u0259h\u0259rimizin \u0259n h\u00fcnd\u00fcr v\u0259 g\u00f6z\u0259l Yeni il yolkalar\u0131ndan ikisi m\u0259hz bulvar \u0259razisind\u0259 b\u0259z\u0259dilir. Onlar\u0131n h\u00fcnd\u00fcrl\u00fcy\u00fc t\u0259qrib\u0259n 20 metr\u0259 yax\u0131nd\u0131r&#8221;.<\/p>\n<p>\u018f.Mehdiyeva qeyd edib ki, bulvar\u0131n giri\u015f hiss\u0259l\u0259rind\u0259 x\u00fcsusi t\u0259rtibatla i\u015f\u0131q dekorasiyalar\u0131 var. Bununla yana\u015f\u0131, Kukla Teatr\u0131n\u0131n yax\u0131nl\u0131\u011f\u0131ndak\u0131 hiss\u0259d\u0259 Yeni il yarmarkas\u0131n\u0131n f\u0259aliyy\u0259ti n\u0259z\u0259rd\u0259 tutulub.<\/p>\n","protected":false},"excerpt":{"rendered":"<p>D\u0259nizk\u0259nar\u0131 Milli Parkda Yeni ill\u0259 ba\u011fl\u0131 x\u00fcsusi haz\u0131rl\u0131q i\u015fl\u0259ri apar\u0131l\u0131r. ARANTV.AZ x\u0259b\u0259r verir ki, bu bar\u0259d\u0259 Report-a D\u0259nizk\u0259nar\u0131 Bulvar \u0130dar\u0259sinin m\u0259tbuat xidm\u0259tinin r\u0259hb\u0259ri \u018ffsan\u0259 Mehdiyeva deyib. &#8220;Bu il d\u0259 D\u0259nizk\u0259nar\u0131 Bulvar \u0130dar\u0259si olaraq \u00e7al\u0131\u015fm\u0131\u015f\u0131q ki, bayram \u0259hval-ruhiyy\u0259sini daha yax\u015f\u0131 \u00e7atd\u0131rmaq, qonaqlar\u0131m\u0131z\u0131n z\u00f6vq\u00fcn\u00fc ox\u015famaq \u00fc\u00e7\u00fcn Yeni il haz\u0131rl\u0131qlar\u0131n\u0131 daha geni\u015f miqyasda, yeni v\u0259 f\u0259rqli t\u0259rtibatda t\u0259qdim ed\u0259k&#8221;, &#8211; \u018f.Mehdiyeva bildirib. Bulvar r\u0259smisi qeyd edib ki, Milli Park\u0131n \u0259ks\u0259r hiss\u0259si, x\u00fcsusil\u0259 d\u0259 ziyar\u0259t\u00e7i ax\u0131n\u0131n\u0131n s\u0131x oldu\u011fu istiqam\u0259tl\u0259rin h\u0259r yeri bayram dekorasiyalar\u0131, Yeni il instalyasiyalar\u0131 il\u0259 b\u0259z\u0259dilib: &#8220;Dem\u0259k olar ki, h\u0259r add\u0131mba\u015f\u0131 x\u00fcsusi&hellip;<\/p>\n","protected":false},"author":2,"featured_media":775554,"comment_status":"closed","ping_status":"closed","sticky":false,"template":"","format":"standard","meta":{"om_disable_all_campaigns":false,"_monsterinsights_skip_tracking":false,"_monsterinsights_sitenote_active":false,"_monsterinsights_sitenote_note":"","_monsterinsights_sitenote_category":0},"categories":[1],"tags":[],"aioseo_notices":[],"gutentor_comment":0,"rttpg_featured_image_url":{"full":["https:\/\/arantv.az\/wp-content\/uploads\/2024\/12\/141217_6622.jpg",424,262,false],"landscape":["https:\/\/arantv.az\/wp-content\/uploads\/2024\/12\/141217_6622.jpg",424,262,false],"portraits":["https:\/\/arantv.az\/wp-content\/uploads\/2024\/12\/141217_6622.jpg",424,262,false],"thumbnail":["https:\/\/arantv.az\/wp-content\/uploads\/2024\/12\/141217_6622.jpg",424,262,false],"medium":["https:\/\/arantv.az\/wp-content\/uploads\/2024\/12\/141217_6622.jpg",424,262,false],"large":["https:\/\/arantv.az\/wp-content\/uploads\/2024\/12\/141217_6622.jpg",424,262,false],"1536x1536":["https:\/\/arantv.az\/wp-content\/uploads\/2024\/12\/141217_6622.jpg",424,262,false],"2048x2048":["https:\/\/arantv.az\/wp-content\/uploads\/2024\/12\/141217_6622.jpg",424,262,false],"post-thumbnail":["https:\/\/arantv.az\/wp-content\/uploads\/2024\/12\/141217_6622-240x172.jpg",240,172,true],"advps-thumb-one":["https:\/\/arantv.az\/wp-content\/uploads\/2024\/12\/141217_6622.jpg",424,262,false]},"rttpg_author":{"display_name":"V\u00fcsal Rafiqo\u011flu","author_link":"https:\/\/arantv.az\/?author=2"},"rttpg_comment":0,"rttpg_category":"<a href=\"https:\/\/arantv.az\/?cat=1\" rel=\"category\">C\u0259miyy\u0259t<\/a>","rttpg_excerpt":"D\u0259nizk\u0259nar\u0131 Milli Parkda Yeni ill\u0259 ba\u011fl\u0131 x\u00fcsusi haz\u0131rl\u0131q i\u015fl\u0259ri apar\u0131l\u0131r. ARANTV.AZ x\u0259b\u0259r verir ki, bu bar\u0259d\u0259 Report-a D\u0259nizk\u0259nar\u0131 Bulvar \u0130dar\u0259sinin m\u0259tbuat xidm\u0259tinin r\u0259hb\u0259ri \u018ffsan\u0259 Mehdiyeva deyib. &#8220;Bu il d\u0259 D\u0259nizk\u0259nar\u0131 Bulvar \u0130dar\u0259si olaraq \u00e7al\u0131\u015fm\u0131\u015f\u0131q ki, bayram \u0259hval-ruhiyy\u0259sini daha yax\u015f\u0131 \u00e7atd\u0131rmaq, qonaqlar\u0131m\u0131z\u0131n z\u00f6vq\u00fcn\u00fc ox\u015famaq \u00fc\u00e7\u00fcn Yeni il haz\u0131rl\u0131qlar\u0131n\u0131 daha geni\u015f miqyasda, yeni v\u0259 f\u0259rqli t\u0259rtibatda t\u0259qdim&hellip;","_links":{"self":[{"href":"https:\/\/arantv.az\/index.php?rest_route=\/wp\/v2\/posts\/775553"}],"collection":[{"href":"https:\/\/arantv.az\/index.php?rest_route=\/wp\/v2\/posts"}],"about":[{"href":"https:\/\/arantv.az\/index.php?rest_route=\/wp\/v2\/types\/post"}],"author":[{"embeddable":true,"href":"https:\/\/arantv.az\/index.php?rest_route=\/wp\/v2\/users\/2"}],"replies":[{"embeddable":true,"href":"https:\/\/arantv.az\/index.php?rest_route=%2Fwp%2Fv2%2Fcomments&post=775553"}],"version-history":[{"count":1,"href":"https:\/\/arantv.az\/index.php?rest_route=\/wp\/v2\/posts\/775553\/revisions"}],"predecessor-version":[{"id":775555,"href":"https:\/\/arantv.az\/index.php?rest_route=\/wp\/v2\/posts\/775553\/revisions\/775555"}],"wp:featuredmedia":[{"embeddable":true,"href":"https:\/\/arantv.az\/index.php?rest_route=\/wp\/v2\/media\/775554"}],"wp:attachment":[{"href":"https:\/\/arantv.az\/index.php?rest_route=%2Fwp%2Fv2%2Fmedia&parent=775553"}],"wp:term":[{"taxonomy":"category","embeddable":true,"href":"https:\/\/arantv.az\/index.php?rest_route=%2Fwp%2Fv2%2Fcategories&post=775553"},{"taxonomy":"post_tag","embeddable":true,"href":"https:\/\/arantv.az\/index.php?rest_route=%2Fwp%2Fv2%2Ftags&post=775553"}],"curies":[{"name":"wp","href":"https:\/\/api.w.org\/{rel}","templated":true}]}}