{"id":775588,"date":"2024-12-19T15:28:52","date_gmt":"2024-12-19T11:28:52","guid":{"rendered":"https:\/\/arantv.az\/?p=775588"},"modified":"2024-12-19T15:28:52","modified_gmt":"2024-12-19T11:28:52","slug":"az%c9%99rbaycanda-v%c9%99zif%c9%99li-s%c9%99xs-c%c9%99rim%c9%99l%c9%99ndi-2","status":"publish","type":"post","link":"https:\/\/arantv.az\/?p=775588","title":{"rendered":"Az\u0259rbaycanda v\u0259zif\u0259li \u015f\u0259xs c\u0259rim\u0259l\u0259ndi"},"content":{"rendered":"<div class=\"page\">\n<div class=\"slogan\">\n<div class=\"container\">\n<div class=\"logo\">\n<p>Nax\u00e7\u0131van Muxtar Respublikas\u0131 S\u0259hiyy\u0259 Nazirliyinin S\u0259hiyy\u0259nin T\u0259minat M\u0259rk\u0259zi m\u0259rk\u0259zinin direktoru El\u00e7in R\u0259fiyev Nax\u00e7\u0131van MR \u018fm\u0259k v\u0259 \u018fhalinin Sosial M\u00fcdafi\u0259si Nazirliyi (\u018f\u018fSMN) yan\u0131nda D\u00f6vl\u0259t \u018fm\u0259k M\u00fcf\u0259tti\u015fliyi Xidm\u0259tini m\u0259hk\u0259m\u0259y\u0259 verib.<\/p>\n<\/div>\n<\/div>\n<\/div>\n<\/div>\n<div class=\"page container main-content-page\">\n<div class=\"row news-page\">\n<div class=\"col-sm-9 left-side\">\n<div class=\"news-content\">\n<div>\n<div class=\"text-content\" data-id=\"\" data-url=\"\">\n<p>Direktor\u00a0xidm\u0259tin q\u0259rar\u0131ndan \u015fikay\u0259t edib.<\/p>\n<p>Bel\u0259 ki, Nax\u00e7\u0131van MR \u018f\u018fSMN yan\u0131nda D\u00f6vl\u0259t \u018fm\u0259k M\u00fcf\u0259tti\u015fliyi Xidm\u0259ti direktor bar\u0259d\u0259 \u0130nzibati X\u0259talar M\u0259c\u0259ll\u0259sinin 469.2-ci (&#8220;\u0130stehsalatda b\u0259db\u0259xt hadis\u0259l\u0259r v\u0259 pe\u015f\u0259 x\u0259st\u0259likl\u0259ri n\u0259tic\u0259sind\u0259 pe\u015f\u0259 \u0259m\u0259k qabiliyy\u0259tinin itirilm\u0259si hallar\u0131ndan icbari s\u0131\u011forta haqq\u0131nda&#8221; Az\u0259rbaycan Respublikas\u0131n\u0131n Qanununa \u0259sas\u0259n, m\u00fcvafiq riskl\u0259ri icbari qaydada s\u0131\u011forta etdirm\u0259k v\u0259zif\u0259si m\u00fc\u0259yy\u0259n edilmi\u015f fiziki v\u0259 ya h\u00fcquqi \u015f\u0259xsl\u0259r t\u0259r\u0259find\u0259n s\u0131\u011forta\u00e7\u0131 il\u0259 icbari s\u0131\u011forta m\u00fcqavil\u0259sinin ba\u011flanmamas\u0131na g\u00f6r\u0259) madd\u0259si il\u0259 c\u0259rim\u0259l\u0259yib.<\/p>\n<p>Bundan sonra El\u00e7in R\u0259fiyev q\u0259rardan \u015fikay\u0259t ed\u0259r\u0259k Nax\u00e7\u0131van MR Nax\u00e7\u0131van \u015e\u0259h\u0259r M\u0259hk\u0259m\u0259sin\u0259 m\u00fcraci\u0259t edib. \u0130\u015f\u0259 hakim G\u00fclnar S\u0259f\u0259r\u0259liyevan\u0131n s\u0259drliyil\u0259 bax\u0131lacaq.<\/p>\n<p>Qeyd ed\u0259k ki, protokol t\u0259sdiq edil\u0259rs\u0259, direktor min be\u015f y\u00fcz manat m\u0259bl\u0259\u011find\u0259 c\u0259rim\u0259l\u0259n\u0259c\u0259k. \/Modern.az\/<\/p>\n<\/div>\n<\/div>\n<\/div>\n<\/div>\n<\/div>\n<\/div>\n","protected":false},"excerpt":{"rendered":"<p>Nax\u00e7\u0131van Muxtar Respublikas\u0131 S\u0259hiyy\u0259 Nazirliyinin S\u0259hiyy\u0259nin T\u0259minat M\u0259rk\u0259zi m\u0259rk\u0259zinin direktoru El\u00e7in R\u0259fiyev Nax\u00e7\u0131van MR \u018fm\u0259k v\u0259 \u018fhalinin Sosial M\u00fcdafi\u0259si Nazirliyi (\u018f\u018fSMN) yan\u0131nda D\u00f6vl\u0259t \u018fm\u0259k M\u00fcf\u0259tti\u015fliyi Xidm\u0259tini m\u0259hk\u0259m\u0259y\u0259 verib. Direktor\u00a0xidm\u0259tin q\u0259rar\u0131ndan \u015fikay\u0259t edib. Bel\u0259 ki, Nax\u00e7\u0131van MR \u018f\u018fSMN yan\u0131nda D\u00f6vl\u0259t \u018fm\u0259k M\u00fcf\u0259tti\u015fliyi Xidm\u0259ti direktor bar\u0259d\u0259 \u0130nzibati X\u0259talar M\u0259c\u0259ll\u0259sinin 469.2-ci (&#8220;\u0130stehsalatda b\u0259db\u0259xt hadis\u0259l\u0259r v\u0259 pe\u015f\u0259 x\u0259st\u0259likl\u0259ri n\u0259tic\u0259sind\u0259 pe\u015f\u0259 \u0259m\u0259k qabiliyy\u0259tinin itirilm\u0259si hallar\u0131ndan icbari s\u0131\u011forta haqq\u0131nda&#8221; Az\u0259rbaycan Respublikas\u0131n\u0131n Qanununa \u0259sas\u0259n, m\u00fcvafiq riskl\u0259ri icbari qaydada s\u0131\u011forta etdirm\u0259k v\u0259zif\u0259si m\u00fc\u0259yy\u0259n edilmi\u015f fiziki v\u0259 ya h\u00fcquqi \u015f\u0259xsl\u0259r t\u0259r\u0259find\u0259n s\u0131\u011forta\u00e7\u0131 il\u0259 icbari s\u0131\u011forta m\u00fcqavil\u0259sinin ba\u011flanmamas\u0131na g\u00f6r\u0259) madd\u0259si&hellip;<\/p>\n","protected":false},"author":2,"featured_media":775589,"comment_status":"closed","ping_status":"closed","sticky":false,"template":"","format":"standard","meta":{"om_disable_all_campaigns":false,"_monsterinsights_skip_tracking":false,"_monsterinsights_sitenote_active":false,"_monsterinsights_sitenote_note":"","_monsterinsights_sitenote_category":0},"categories":[1],"tags":[],"aioseo_notices":[],"gutentor_comment":0,"rttpg_featured_image_url":{"full":["https:\/\/arantv.az\/wp-content\/uploads\/2024\/12\/4d768defab7196fbc4683aebf20606ef.jpg",800,500,false],"landscape":["https:\/\/arantv.az\/wp-content\/uploads\/2024\/12\/4d768defab7196fbc4683aebf20606ef.jpg",800,500,false],"portraits":["https:\/\/arantv.az\/wp-content\/uploads\/2024\/12\/4d768defab7196fbc4683aebf20606ef.jpg",800,500,false],"thumbnail":["https:\/\/arantv.az\/wp-content\/uploads\/2024\/12\/4d768defab7196fbc4683aebf20606ef-500x280.jpg",500,280,true],"medium":["https:\/\/arantv.az\/wp-content\/uploads\/2024\/12\/4d768defab7196fbc4683aebf20606ef-584x365.jpg",584,365,true],"large":["https:\/\/arantv.az\/wp-content\/uploads\/2024\/12\/4d768defab7196fbc4683aebf20606ef.jpg",640,400,false],"1536x1536":["https:\/\/arantv.az\/wp-content\/uploads\/2024\/12\/4d768defab7196fbc4683aebf20606ef.jpg",800,500,false],"2048x2048":["https:\/\/arantv.az\/wp-content\/uploads\/2024\/12\/4d768defab7196fbc4683aebf20606ef.jpg",800,500,false],"post-thumbnail":["https:\/\/arantv.az\/wp-content\/uploads\/2024\/12\/4d768defab7196fbc4683aebf20606ef-240x172.jpg",240,172,true],"advps-thumb-one":["https:\/\/arantv.az\/wp-content\/uploads\/2024\/12\/4d768defab7196fbc4683aebf20606ef.jpg",800,500,false]},"rttpg_author":{"display_name":"V\u00fcsal Rafiqo\u011flu","author_link":"https:\/\/arantv.az\/?author=2"},"rttpg_comment":0,"rttpg_category":"<a href=\"https:\/\/arantv.az\/?cat=1\" rel=\"category\">C\u0259miyy\u0259t<\/a>","rttpg_excerpt":"Nax\u00e7\u0131van Muxtar Respublikas\u0131 S\u0259hiyy\u0259 Nazirliyinin S\u0259hiyy\u0259nin T\u0259minat M\u0259rk\u0259zi m\u0259rk\u0259zinin direktoru El\u00e7in R\u0259fiyev Nax\u00e7\u0131van MR \u018fm\u0259k v\u0259 \u018fhalinin Sosial M\u00fcdafi\u0259si Nazirliyi (\u018f\u018fSMN) yan\u0131nda D\u00f6vl\u0259t \u018fm\u0259k M\u00fcf\u0259tti\u015fliyi Xidm\u0259tini m\u0259hk\u0259m\u0259y\u0259 verib. Direktor\u00a0xidm\u0259tin q\u0259rar\u0131ndan \u015fikay\u0259t edib. Bel\u0259 ki, Nax\u00e7\u0131van MR \u018f\u018fSMN yan\u0131nda D\u00f6vl\u0259t \u018fm\u0259k M\u00fcf\u0259tti\u015fliyi Xidm\u0259ti direktor bar\u0259d\u0259 \u0130nzibati X\u0259talar M\u0259c\u0259ll\u0259sinin 469.2-ci (&#8220;\u0130stehsalatda b\u0259db\u0259xt hadis\u0259l\u0259r v\u0259 pe\u015f\u0259 x\u0259st\u0259likl\u0259ri n\u0259tic\u0259sind\u0259&hellip;","_links":{"self":[{"href":"https:\/\/arantv.az\/index.php?rest_route=\/wp\/v2\/posts\/775588"}],"collection":[{"href":"https:\/\/arantv.az\/index.php?rest_route=\/wp\/v2\/posts"}],"about":[{"href":"https:\/\/arantv.az\/index.php?rest_route=\/wp\/v2\/types\/post"}],"author":[{"embeddable":true,"href":"https:\/\/arantv.az\/index.php?rest_route=\/wp\/v2\/users\/2"}],"replies":[{"embeddable":true,"href":"https:\/\/arantv.az\/index.php?rest_route=%2Fwp%2Fv2%2Fcomments&post=775588"}],"version-history":[{"count":1,"href":"https:\/\/arantv.az\/index.php?rest_route=\/wp\/v2\/posts\/775588\/revisions"}],"predecessor-version":[{"id":775590,"href":"https:\/\/arantv.az\/index.php?rest_route=\/wp\/v2\/posts\/775588\/revisions\/775590"}],"wp:featuredmedia":[{"embeddable":true,"href":"https:\/\/arantv.az\/index.php?rest_route=\/wp\/v2\/media\/775589"}],"wp:attachment":[{"href":"https:\/\/arantv.az\/index.php?rest_route=%2Fwp%2Fv2%2Fmedia&parent=775588"}],"wp:term":[{"taxonomy":"category","embeddable":true,"href":"https:\/\/arantv.az\/index.php?rest_route=%2Fwp%2Fv2%2Fcategories&post=775588"},{"taxonomy":"post_tag","embeddable":true,"href":"https:\/\/arantv.az\/index.php?rest_route=%2Fwp%2Fv2%2Ftags&post=775588"}],"curies":[{"name":"wp","href":"https:\/\/api.w.org\/{rel}","templated":true}]}}