{"id":775609,"date":"2024-12-19T18:10:02","date_gmt":"2024-12-19T14:10:02","guid":{"rendered":"https:\/\/arantv.az\/?p=775609"},"modified":"2024-12-19T18:10:02","modified_gmt":"2024-12-19T14:10:02","slug":"az%c9%99rbaycanin-novb%c9%99ti-diplomatik-q%c9%99l%c9%99b%c9%99si-d-8-t%c9%99skilatina-uzvluk","status":"publish","type":"post","link":"https:\/\/arantv.az\/?p=775609","title":{"rendered":"Az\u0259rbaycan\u0131n n\u00f6vb\u0259ti diplomatik q\u0259l\u0259b\u0259si \u2013 D-8 t\u0259\u015fkilat\u0131na \u00fczvl\u00fck"},"content":{"rendered":"<h3><strong>Az\u0259rbaycan\u0131n beyn\u0259lxalq n\u00fcfuzu artmaqdad\u0131r<\/strong><\/h3>\n<p><strong>Az\u0259rbaycan 19 dekabr 2024-c\u00fc il tarixind\u0259 n\u00f6vb\u0259ti tarixi diplomatik u\u011fura imza atd\u0131. Bu g\u00fcn \u00f6lk\u0259mizin m\u00fcst\u0259qillik tarixind\u0259 beyn\u0259lxalq m\u00fcnasib\u0259tl\u0259r sah\u0259sind\u0259 \u0259lam\u0259tdar hadis\u0259 kimi yadda qalacaq.<\/strong><\/p>\n<p>Misirin paytaxt\u0131 Qahir\u0259d\u0259 ke\u00e7iril\u0259n \u0130nki\u015faf etm\u0259kd\u0259 olan s\u0259kkiz \u00f6lk\u0259nin \u0130qtisadi \u018fm\u0259kda\u015fl\u0131q T\u0259\u015fkilat\u0131n\u0131n (D-8) XI Sammitind\u0259 Az\u0259rbaycan Respublikas\u0131 yekdillikl\u0259 t\u0259\u015fkilat\u0131n \u00fczv\u00fc se\u00e7ildi. Bu q\u0259rar, D-8 t\u0259\u015fkilat\u0131n\u0131n s\u0131ralar\u0131n\u0131n ilk d\u0259f\u0259 geni\u015fl\u0259ndirilm\u0259si kimi tarix\u0259 d\u00fc\u015fd\u00fc v\u0259 Az\u0259rbaycan\u0131n beyn\u0259lxalq n\u00fcfuzunun artmas\u0131n\u0131n daha bir g\u00f6st\u0259ricisi oldu.<\/p>\n<p><img loading=\"lazy\" src=\"https:\/\/apa.az\/storage\/news\/2024\/december\/19\/big\/676406e294e2f676406e294e301734608610676406e294e2d676406e294e2e.jpg\" alt=\"D-8 Zirv\u0259 g\u00f6r\u00fc\u015f\u00fcnd\u0259 Az\u0259rbaycan\u0131n Suriya il\u0259 ba\u011fl\u0131 g\u00f6zl\u0259ntil\u0259ri a\u00e7\u0131qlan\u0131b\" width=\"692\" height=\"461\" \/><\/p>\n<h3><strong>D-8: Qlobal iqtisadi n\u0259h\u0259ng<\/strong><\/h3>\n<p>D-8, h\u0259m\u00e7inin \u201c\u0130slam S\u0259kkizliyi\u201d olaraq tan\u0131n\u0131r v\u0259 1997-ci ild\u0259n b\u0259ri beyn\u0259lxalq iqtisadi \u0259m\u0259kda\u015fl\u0131q sah\u0259sind\u0259 vacib bir platformad\u0131r. T\u0259\u015fkilata \u00fczv olan \u00f6lk\u0259l\u0259r \u00fc\u00e7 qit\u0259ni \u0259hat\u0259 edir v\u0259 \u00fcmumi daxili m\u0259hsullar\u0131 (\u00dcDM) 4 trilyon AB\u015e dollar\u0131n\u0131 ke\u00e7ir. \u00dczv \u00f6lk\u0259l\u0259rin ticar\u0259t d\u00f6vriyy\u0259si 130 milyard dollar\u0131 a\u015f\u0131r, \u0259halisinin say\u0131 is\u0259 d\u00fcnya m\u00fcs\u0259lmanlar\u0131n\u0131n 60%-ni t\u0259\u015fkil edir. Az\u0259rbaycan\u0131n bu t\u0259\u015fkilata \u00fczv olmas\u0131, \u00f6lk\u0259mizin iqtisadi potensial\u0131n\u0131n v\u0259 beyn\u0259lxalq arenada etibarl\u0131 t\u0259r\u0259fda\u015f kimi q\u0259bul edilm\u0259sinin s\u00fcbutudur.<\/p>\n<p><img loading=\"lazy\" src=\"https:\/\/static.president.az\/upload\/2360x1196\/2017\/10\/20\/4drkvgyryj_005.JPG\" alt=\"\u0130lham \u018fliyev \u0130stanbulda D-8 \u0130qtisadi \u018fm\u0259kda\u015fl\u0131q T\u0259\u015fkilat\u0131n\u0131n IX Zirv\u0259  g\u00f6r\u00fc\u015f\u00fcnd\u0259 x\u00fcsusi qonaq qismind\u0259 i\u015ftirak edib \u00bb Az\u0259rbaycan Prezidentinin  R\u0259smi internet s\u0259hif\u0259si\" width=\"1636\" height=\"829\" \/><\/p>\n<h3><strong>Prezident \u0130lham \u018fliyevin xarici siyas\u0259tinin n\u0259tic\u0259si<\/strong><\/h3>\n<p>Az\u0259rbaycan\u0131n D-8 \u00fczvl\u00fcy\u00fc Prezident \u0130lham \u018fliyevin q\u0259tiyy\u0259tli v\u0259 u\u011furlu xarici siyas\u0259tinin m\u0259ntiqi n\u0259tic\u0259sidir. Prezident \u018fliyev ilk d\u0259f\u0259 2017-ci ild\u0259 \u0130stanbulda ke\u00e7iril\u0259n D-8 \u0130qtisadi \u018fm\u0259kda\u015fl\u0131q T\u0259\u015fkilat\u0131n\u0131n IX Zirv\u0259 g\u00f6r\u00fc\u015f\u00fcnd\u0259 f\u0259xri qonaq kimi i\u015ftirak etmi\u015fdi. O vaxtdan etibar\u0259n Az\u0259rbaycan\u0131n t\u0259\u015fkilata inteqrasiyas\u0131 istiqam\u0259tind\u0259 davaml\u0131 add\u0131mlar at\u0131l\u0131b. N\u0259tic\u0259d\u0259 Az\u0259rbaycan, davaml\u0131 inki\u015faf, siyasi sabitlik v\u0259 beyn\u0259lxalq \u0259m\u0259kda\u015fl\u0131\u011fa sadiq \u00f6lk\u0259 olaraq, D-8-in \u00fczv\u00fc se\u00e7ilm\u0259kl\u0259 qlobal s\u0259viyy\u0259d\u0259 n\u00fcfuzunu bir daha t\u0259sdiq etdi.<\/p>\n<p><img loading=\"lazy\" src=\"https:\/\/sherg.az\/\/storage\/posts\/December2024\/4V6whixBq6vBPgaRJEHa.jpg\" alt=\"Az\u0259rbaycan D-8-in \u00fczv\u00fc se\u00e7ilib\" width=\"801\" height=\"534\" \/><\/p>\n<h3><strong>Az\u0259rbaycan\u0131n rolu v\u0259 g\u0259l\u0259c\u0259k perspektivl\u0259r<\/strong><\/h3>\n<p><em>Az\u0259rbaycan\u0131n D-8-\u0259 \u00fczvl\u00fcy\u00fc t\u0259\u015fkilat\u0131n f\u0259aliyy\u0259tin\u0259 yeni bir dinamika g\u0259tir\u0259c\u0259k. Geosiyasi m\u00f6vqeyi, geni\u015f iqtisadi potensial\u0131, strateji tranzit m\u0259nt\u0259q\u0259l\u0259ri v\u0259 inki\u015faf etmi\u015f n\u0259qliyyat infrastrukturu il\u0259 Az\u0259rbaycan, D-8 \u00e7\u0259r\u00e7iv\u0259sind\u0259 \u0259m\u0259kda\u015fl\u0131\u011f\u0131n d\u0259rinl\u0259\u015fm\u0259sin\u0259 m\u00fch\u00fcm t\u00f6hf\u0259 ver\u0259c\u0259k. \u00d6lk\u0259miz t\u0259kc\u0259 iqtisadi sah\u0259d\u0259 deyil, h\u0259m d\u0259 t\u0259hl\u00fck\u0259sizlik, sabitlik v\u0259 qar\u015f\u0131l\u0131ql\u0131 faydal\u0131 \u0259m\u0259kda\u015fl\u0131\u011f\u0131n inki\u015faf\u0131 bax\u0131m\u0131ndan t\u0259\u015fkilat \u00fc\u00e7\u00fcn strateji \u0259h\u0259miyy\u0259t da\u015f\u0131y\u0131r.<\/em><\/p>\n<p>Az\u0259rbaycan\u0131n \u0259dal\u0259t v\u0259 beyn\u0259lxalq h\u00fcququn norma v\u0259 prinsipl\u0259rin\u0259 sadiqliyi D-8 \u00e7\u0259r\u00e7iv\u0259sind\u0259 \u0259m\u0259kda\u015fl\u0131\u011f\u0131n g\u00fccl\u0259ndirilm\u0259sin\u0259 t\u00f6hf\u0259 ver\u0259c\u0259k. \u00d6lk\u0259miz bu platformada \u0130slam h\u0259mr\u0259yliyinin m\u00f6hk\u0259ml\u0259ndirilm\u0259si, \u0130slam d\u0259y\u0259rl\u0259rinin d\u00fcnyada t\u0259bli\u011fi v\u0259 \u0130slamofobiya il\u0259 m\u00fcbariz\u0259 sah\u0259l\u0259rind\u0259 d\u0259 f\u0259al rol oynayacaq.<\/p>\n<p><img src=\"https:\/\/apa.az\/storage\/news\/2024\/december\/19\/big\/676404f77a6a3676404f77a6a41734608119676404f77a6a1676404f77a6a2.jpg\" alt=\"\u018fli \u018fs\u0259dov: D8 \u0130slam h\u0259mr\u0259yliyind\u0259 m\u00fch\u00fcm rol oynay\u0131r\" \/><\/p>\n<h3><strong>\u0130slam d\u00fcnyas\u0131na t\u00f6hf\u0259<\/strong><\/h3>\n<p>Az\u0259rbaycan tarix boyu \u015e\u0259rq il\u0259 Q\u0259rb aras\u0131nda k\u00f6rp\u00fc rolunu oynay\u0131b. \u0130slam d\u00fcnyas\u0131n\u0131n \u0259sas m\u0259d\u0259ni, dini v\u0259 sivilizasiya m\u0259rk\u0259zl\u0259rind\u0259n biri kimi \u00f6lk\u0259mizin D-8 \u00fczvl\u00fcy\u00fc, \u0130slam h\u0259mr\u0259yliyinin m\u00f6hk\u0259ml\u0259nm\u0259sin\u0259 v\u0259 m\u00fcs\u0259lman d\u00fcnyas\u0131n\u0131n iqtisadi inteqrasiyas\u0131na b\u00f6y\u00fck t\u00f6hf\u0259 olacaq. Az\u0259rbaycan, h\u0259m\u00e7inin D-8 \u00e7\u0259r\u00e7iv\u0259sind\u0259 iqtisadi v\u0259 ticar\u0259t \u0259laq\u0259l\u0259rinin inki\u015faf\u0131nda, humanitar \u0259m\u0259kda\u015fl\u0131qda v\u0259 infrastruktur layih\u0259l\u0259rinin h\u0259yata ke\u00e7irilm\u0259sind\u0259 m\u00fch\u00fcm t\u0259r\u0259fda\u015f olacaq.<\/p>\n<h3><strong>D-8 t\u0259\u015fkilat\u0131n\u0131n tarixi<\/strong><\/h3>\n<p>D-8 t\u0259\u015fkilat\u0131n\u0131n \u0259sas\u0131 1996-c\u0131 ild\u0259 T\u00fcrkiy\u0259nin t\u0259\u015f\u0259bb\u00fcs\u00fc il\u0259 \u0130stanbulda ke\u00e7iril\u0259n \u0130nki\u015faf \u018fm\u0259kda\u015fl\u0131q Konfrans\u0131nda qoyulub. Banqlade\u015f, \u0130ndoneziya, \u0130ran, Malayziya, Misir, Nigeriya v\u0259 Pakistan\u0131n i\u015ftirak\u0131 il\u0259 qurulan t\u0259\u015fkilat, 1997-ci ild\u0259 d\u00f6vl\u0259t v\u0259 h\u00f6kum\u0259t ba\u015f\u00e7\u0131lar\u0131n\u0131n zirv\u0259 g\u00f6r\u00fc\u015f\u00fcnd\u0259 r\u0259sm\u0259n elan edilib. T\u0259\u015fkilat\u0131n katibliyi \u0130stanbul \u015f\u0259h\u0259rind\u0259 yerl\u0259\u015fir v\u0259 2020-2030 ill\u0259r \u00fc\u00e7\u00fcn q\u0259bul edilmi\u015f \u201cYol x\u0259rit\u0259si\u201d \u00e7\u0259r\u00e7iv\u0259sind\u0259 f\u0259aliyy\u0259tini davam etdirir.<\/p>\n<h3><strong>N\u0259tic\u0259<\/strong><\/h3>\n<p>Az\u0259rbaycan\u0131n D-8 t\u0259\u015fkilat\u0131na \u00fczvl\u00fcy\u00fc \u00f6lk\u0259mizin diplomatik v\u0259 iqtisadi u\u011furlar\u0131n\u0131n daha bir zirv\u0259sidir. Bu, Az\u0259rbaycan\u0131n beyn\u0259lxalq \u0259m\u0259kda\u015fl\u0131\u011fa, iqtisadi inteqrasiyaya v\u0259 s\u00fclh\u0259 sadiqliyinin g\u00f6st\u0259ricisidir. Az\u0259rbaycan, D-8 \u00fczv\u00fc kimi, h\u0259m t\u0259\u015fkilata, h\u0259m d\u0259 qlobal s\u0259viyy\u0259d\u0259 \u0130slam d\u00fcnyas\u0131na m\u00fch\u00fcm t\u00f6hf\u0259l\u0259r verm\u0259y\u0259 davam ed\u0259c\u0259k. Prezident \u0130lham \u018fliyevin strateji bax\u0131\u015flar\u0131 n\u0259tic\u0259sind\u0259 Az\u0259rbaycan yaln\u0131z regional deyil, qlobal miqyasda da \u00f6z n\u00fcfuzunu daha da g\u00fccl\u0259ndirir.<\/p>\n","protected":false},"excerpt":{"rendered":"<p>Az\u0259rbaycan\u0131n beyn\u0259lxalq n\u00fcfuzu artmaqdad\u0131r Az\u0259rbaycan 19 dekabr 2024-c\u00fc il tarixind\u0259 n\u00f6vb\u0259ti tarixi diplomatik u\u011fura imza atd\u0131. Bu g\u00fcn \u00f6lk\u0259mizin m\u00fcst\u0259qillik tarixind\u0259 beyn\u0259lxalq m\u00fcnasib\u0259tl\u0259r sah\u0259sind\u0259 \u0259lam\u0259tdar hadis\u0259 kimi yadda qalacaq. Misirin paytaxt\u0131 Qahir\u0259d\u0259 ke\u00e7iril\u0259n \u0130nki\u015faf etm\u0259kd\u0259 olan s\u0259kkiz \u00f6lk\u0259nin \u0130qtisadi \u018fm\u0259kda\u015fl\u0131q T\u0259\u015fkilat\u0131n\u0131n (D-8) XI Sammitind\u0259 Az\u0259rbaycan Respublikas\u0131 yekdillikl\u0259 t\u0259\u015fkilat\u0131n \u00fczv\u00fc se\u00e7ildi. Bu q\u0259rar, D-8 t\u0259\u015fkilat\u0131n\u0131n s\u0131ralar\u0131n\u0131n ilk d\u0259f\u0259 geni\u015fl\u0259ndirilm\u0259si kimi tarix\u0259 d\u00fc\u015fd\u00fc v\u0259 Az\u0259rbaycan\u0131n beyn\u0259lxalq n\u00fcfuzunun artmas\u0131n\u0131n daha bir g\u00f6st\u0259ricisi oldu. D-8: Qlobal iqtisadi n\u0259h\u0259ng D-8, h\u0259m\u00e7inin \u201c\u0130slam S\u0259kkizliyi\u201d olaraq tan\u0131n\u0131r v\u0259 1997-ci ild\u0259n b\u0259ri beyn\u0259lxalq iqtisadi \u0259m\u0259kda\u015fl\u0131q sah\u0259sind\u0259 vacib bir&hellip;<\/p>\n","protected":false},"author":2,"featured_media":775610,"comment_status":"closed","ping_status":"closed","sticky":false,"template":"","format":"standard","meta":{"om_disable_all_campaigns":false,"_monsterinsights_skip_tracking":false,"_monsterinsights_sitenote_active":false,"_monsterinsights_sitenote_note":"","_monsterinsights_sitenote_category":0},"categories":[4],"tags":[],"aioseo_notices":[],"gutentor_comment":0,"rttpg_featured_image_url":{"full":["https:\/\/arantv.az\/wp-content\/uploads\/2024\/12\/5cf9f423d5ccf516bc99960499317286.jpg",870,500,false],"landscape":["https:\/\/arantv.az\/wp-content\/uploads\/2024\/12\/5cf9f423d5ccf516bc99960499317286.jpg",870,500,false],"portraits":["https:\/\/arantv.az\/wp-content\/uploads\/2024\/12\/5cf9f423d5ccf516bc99960499317286.jpg",870,500,false],"thumbnail":["https:\/\/arantv.az\/wp-content\/uploads\/2024\/12\/5cf9f423d5ccf516bc99960499317286-500x280.jpg",500,280,true],"medium":["https:\/\/arantv.az\/wp-content\/uploads\/2024\/12\/5cf9f423d5ccf516bc99960499317286-635x365.jpg",635,365,true],"large":["https:\/\/arantv.az\/wp-content\/uploads\/2024\/12\/5cf9f423d5ccf516bc99960499317286-840x483.jpg",640,368,true],"1536x1536":["https:\/\/arantv.az\/wp-content\/uploads\/2024\/12\/5cf9f423d5ccf516bc99960499317286.jpg",870,500,false],"2048x2048":["https:\/\/arantv.az\/wp-content\/uploads\/2024\/12\/5cf9f423d5ccf516bc99960499317286.jpg",870,500,false],"post-thumbnail":["https:\/\/arantv.az\/wp-content\/uploads\/2024\/12\/5cf9f423d5ccf516bc99960499317286-240x172.jpg",240,172,true],"advps-thumb-one":["https:\/\/arantv.az\/wp-content\/uploads\/2024\/12\/5cf9f423d5ccf516bc99960499317286.jpg",870,500,false]},"rttpg_author":{"display_name":"V\u00fcsal Rafiqo\u011flu","author_link":"https:\/\/arantv.az\/?author=2"},"rttpg_comment":0,"rttpg_category":"<a href=\"https:\/\/arantv.az\/?cat=4\" rel=\"category\">Siyas\u0259t<\/a>","rttpg_excerpt":"Az\u0259rbaycan\u0131n beyn\u0259lxalq n\u00fcfuzu artmaqdad\u0131r Az\u0259rbaycan 19 dekabr 2024-c\u00fc il tarixind\u0259 n\u00f6vb\u0259ti tarixi diplomatik u\u011fura imza atd\u0131. Bu g\u00fcn \u00f6lk\u0259mizin m\u00fcst\u0259qillik tarixind\u0259 beyn\u0259lxalq m\u00fcnasib\u0259tl\u0259r sah\u0259sind\u0259 \u0259lam\u0259tdar hadis\u0259 kimi yadda qalacaq. Misirin paytaxt\u0131 Qahir\u0259d\u0259 ke\u00e7iril\u0259n \u0130nki\u015faf etm\u0259kd\u0259 olan s\u0259kkiz \u00f6lk\u0259nin \u0130qtisadi \u018fm\u0259kda\u015fl\u0131q T\u0259\u015fkilat\u0131n\u0131n (D-8) XI Sammitind\u0259 Az\u0259rbaycan Respublikas\u0131 yekdillikl\u0259 t\u0259\u015fkilat\u0131n \u00fczv\u00fc se\u00e7ildi. Bu q\u0259rar, D-8 t\u0259\u015fkilat\u0131n\u0131n s\u0131ralar\u0131n\u0131n&hellip;","_links":{"self":[{"href":"https:\/\/arantv.az\/index.php?rest_route=\/wp\/v2\/posts\/775609"}],"collection":[{"href":"https:\/\/arantv.az\/index.php?rest_route=\/wp\/v2\/posts"}],"about":[{"href":"https:\/\/arantv.az\/index.php?rest_route=\/wp\/v2\/types\/post"}],"author":[{"embeddable":true,"href":"https:\/\/arantv.az\/index.php?rest_route=\/wp\/v2\/users\/2"}],"replies":[{"embeddable":true,"href":"https:\/\/arantv.az\/index.php?rest_route=%2Fwp%2Fv2%2Fcomments&post=775609"}],"version-history":[{"count":1,"href":"https:\/\/arantv.az\/index.php?rest_route=\/wp\/v2\/posts\/775609\/revisions"}],"predecessor-version":[{"id":775611,"href":"https:\/\/arantv.az\/index.php?rest_route=\/wp\/v2\/posts\/775609\/revisions\/775611"}],"wp:featuredmedia":[{"embeddable":true,"href":"https:\/\/arantv.az\/index.php?rest_route=\/wp\/v2\/media\/775610"}],"wp:attachment":[{"href":"https:\/\/arantv.az\/index.php?rest_route=%2Fwp%2Fv2%2Fmedia&parent=775609"}],"wp:term":[{"taxonomy":"category","embeddable":true,"href":"https:\/\/arantv.az\/index.php?rest_route=%2Fwp%2Fv2%2Fcategories&post=775609"},{"taxonomy":"post_tag","embeddable":true,"href":"https:\/\/arantv.az\/index.php?rest_route=%2Fwp%2Fv2%2Ftags&post=775609"}],"curies":[{"name":"wp","href":"https:\/\/api.w.org\/{rel}","templated":true}]}}