{"id":775613,"date":"2024-12-19T18:11:56","date_gmt":"2024-12-19T14:11:56","guid":{"rendered":"https:\/\/arantv.az\/?p=775613"},"modified":"2024-12-19T18:11:56","modified_gmt":"2024-12-19T14:11:56","slug":"sumqayiti-saray-q%c9%99s%c9%99b%c9%99si-il%c9%99-birl%c9%99sdir%c9%99n-korpu-bel%c9%99-sokulur-goruntul%c9%99r","status":"publish","type":"post","link":"https:\/\/arantv.az\/?p=775613","title":{"rendered":"Sumqay\u0131t\u0131 Saray q\u0259s\u0259b\u0259si il\u0259 birl\u0259\u015fdir\u0259n k\u00f6rp\u00fc bel\u0259 s\u00f6k\u00fcl\u00fcr &#8211; G\u00d6R\u00dcNT\u00dcL\u018fR"},"content":{"rendered":"<div class=\"text-content\" data-id=\"\" data-url=\"\">\n<p>X\u0259b\u0259r verdiyimiz kimi, Sumqay\u0131t \u015f\u0259h\u0259rini Saray q\u0259s\u0259b\u0259si il\u0259 birl\u0259\u015fdir\u0259n k\u00f6rp\u00fc ke\u00e7idi bu g\u00fcnd\u0259n s\u00f6k\u00fcl\u00fcr.<\/p>\n<p><strong>Musavat.com<\/strong>-un m\u0259lumat\u0131na g\u00f6r\u0259, 1970-ci ill\u0259rd\u0259 in\u015fa edilmi\u015f k\u00f6rp\u00fc ke\u00e7idin\u0259 aidiyy\u0259ti qurumlar\u0131n m\u00fct\u0259x\u0259ssisl\u0259ri birlikd\u0259 bax\u0131\u015f ke\u00e7irib, m\u0259s\u0259l\u0259 N\u0259qliyyat\u0131 \u018flaq\u0259l\u0259ndirm\u0259 \u015euras\u0131nda m\u00fczakir\u0259y\u0259 \u00e7\u0131xar\u0131l\u0131b. K\u00f6rp\u00fcd\u0259 apar\u0131lm\u0131\u015f m\u00fcayin\u0259 v\u0259 s\u0131naqlar\u0131n n\u0259tic\u0259sin\u0259 \u0259sas\u0259n, konstruksiyada y\u00fckg\u00f6t\u00fcrm\u0259 qabiliyy\u0259tini a\u015fa\u011f\u0131 salacaq q\u00fcsurlar\u0131n m\u00f6vcud oldu\u011fu v\u0259 k\u00f6rp\u00fcn\u00fcn q\u0259zal\u0131 v\u0259ziyy\u0259td\u0259 oldu\u011fu a\u015fkar edilib. M\u00fct\u0259x\u0259ssis r\u0259yl\u0259ri v\u0259 m\u00fczakir\u0259l\u0259rin n\u0259tic\u0259si n\u0259z\u0259r\u0259 al\u0131naraq, k\u00f6rp\u00fcn\u00fcn s\u00f6k\u00fclm\u0259si v\u0259 yerind\u0259 yeni k\u00f6rp\u00fcn\u00fcn in\u015fa edilm\u0259si bar\u0259d\u0259 q\u0259rar q\u0259bul olunub.<\/p>\n<p>Yeni k\u00f6rp\u00fcn\u00fcn in\u015fas\u0131 zaman\u0131 avtomobil yolunun tamamil\u0259 ba\u011flan\u0131lmas\u0131 v\u0259 h\u0259r\u0259k\u0259tin dayand\u0131r\u0131lmas\u0131 n\u0259z\u0259rd\u0259 tutulur. S\u00f6k\u00fcnt\u00fc v\u0259 t\u0259mir i\u015fl\u0259ri il\u0259 \u0259laq\u0259dar \u0259razid\u0259 m\u00fcnt\u0259z\u0259m s\u0259rni\u015fin da\u015f\u0131malar\u0131n\u0131 yerin\u0259 yetir\u0259n 8 avtobus mar\u015frutunun h\u0259r\u0259k\u0259t sxemi m\u00fcv\u0259qq\u0259ti olaraq d\u0259yi\u015fdirilir.<\/p>\n<p>Musavat.com s\u00f6k\u00fcnt\u00fc yerind\u0259n fotolar\u0131 t\u0259qdim edir:<\/p>\n<div id=\"jwplayer_video_1\" class=\"jwplayer jw-reset jw-state-idle jw-skin-seven jw-stretch-uniform jw-breakpoint-4 jw-flag-user-inactive\" tabindex=\"0\">\n<div class=\"jw-controls jw-reset\">\n<div class=\"jw-nextup-container jw-reset\">\n<div class=\"jw-nextup jw-reset\"><\/div>\n<\/div>\n<\/div>\n<div class=\"afs_ads\"><\/div>\n<\/div>\n<\/div>\n<div>\n<div class=\"form-group\"><img class=\"img-responsive\" src=\"https:\/\/cdn.musavat.com\/polls\/images\/NewFolder\/66e55a82-dbaa-4a21-8f2b-2d95603b479d.jpeg\" \/><\/div>\n<div class=\"form-group\"><img class=\"img-responsive\" src=\"https:\/\/cdn.musavat.com\/polls\/images\/NewFolder\/7505b748-4a03-48b9-a18e-712718e58517.jpeg\" \/><\/div>\n<div class=\"form-group\"><img class=\"img-responsive\" src=\"https:\/\/cdn.musavat.com\/polls\/images\/NewFolder\/b67075e2-dbaa-451c-a470-c86ffc71c257.jpeg\" \/><\/div>\n<div class=\"form-group\"><img class=\"img-responsive\" src=\"https:\/\/cdn.musavat.com\/polls\/images\/NewFolder\/ceafad4d-3366-4ad5-8117-bab6d0d43329.jpeg\" \/><\/div>\n<div class=\"form-group\"><img class=\"img-responsive\" src=\"https:\/\/cdn.musavat.com\/polls\/images\/NewFolder\/ffddb2e5-122d-4a1a-b5f0-c0bb7e9b2b82.jpeg\" \/><\/div>\n<\/div>\n","protected":false},"excerpt":{"rendered":"<p>X\u0259b\u0259r verdiyimiz kimi, Sumqay\u0131t \u015f\u0259h\u0259rini Saray q\u0259s\u0259b\u0259si il\u0259 birl\u0259\u015fdir\u0259n k\u00f6rp\u00fc ke\u00e7idi bu g\u00fcnd\u0259n s\u00f6k\u00fcl\u00fcr. Musavat.com-un m\u0259lumat\u0131na g\u00f6r\u0259, 1970-ci ill\u0259rd\u0259 in\u015fa edilmi\u015f k\u00f6rp\u00fc ke\u00e7idin\u0259 aidiyy\u0259ti qurumlar\u0131n m\u00fct\u0259x\u0259ssisl\u0259ri birlikd\u0259 bax\u0131\u015f ke\u00e7irib, m\u0259s\u0259l\u0259 N\u0259qliyyat\u0131 \u018flaq\u0259l\u0259ndirm\u0259 \u015euras\u0131nda m\u00fczakir\u0259y\u0259 \u00e7\u0131xar\u0131l\u0131b. K\u00f6rp\u00fcd\u0259 apar\u0131lm\u0131\u015f m\u00fcayin\u0259 v\u0259 s\u0131naqlar\u0131n n\u0259tic\u0259sin\u0259 \u0259sas\u0259n, konstruksiyada y\u00fckg\u00f6t\u00fcrm\u0259 qabiliyy\u0259tini a\u015fa\u011f\u0131 salacaq q\u00fcsurlar\u0131n m\u00f6vcud oldu\u011fu v\u0259 k\u00f6rp\u00fcn\u00fcn q\u0259zal\u0131 v\u0259ziyy\u0259td\u0259 oldu\u011fu a\u015fkar edilib. M\u00fct\u0259x\u0259ssis r\u0259yl\u0259ri v\u0259 m\u00fczakir\u0259l\u0259rin n\u0259tic\u0259si n\u0259z\u0259r\u0259 al\u0131naraq, k\u00f6rp\u00fcn\u00fcn s\u00f6k\u00fclm\u0259si v\u0259 yerind\u0259 yeni k\u00f6rp\u00fcn\u00fcn in\u015fa edilm\u0259si bar\u0259d\u0259 q\u0259rar q\u0259bul olunub. Yeni k\u00f6rp\u00fcn\u00fcn in\u015fas\u0131 zaman\u0131 avtomobil yolunun tamamil\u0259 ba\u011flan\u0131lmas\u0131 v\u0259 h\u0259r\u0259k\u0259tin dayand\u0131r\u0131lmas\u0131 n\u0259z\u0259rd\u0259 tutulur. S\u00f6k\u00fcnt\u00fc&hellip;<\/p>\n","protected":false},"author":2,"featured_media":775614,"comment_status":"closed","ping_status":"closed","sticky":false,"template":"","format":"standard","meta":{"om_disable_all_campaigns":false,"_monsterinsights_skip_tracking":false,"_monsterinsights_sitenote_active":false,"_monsterinsights_sitenote_note":"","_monsterinsights_sitenote_category":0},"categories":[1],"tags":[],"aioseo_notices":[],"gutentor_comment":0,"rttpg_featured_image_url":{"full":["https:\/\/arantv.az\/wp-content\/uploads\/2024\/12\/06aa02f0e26ded8fae36953369e6ab9d.jpg",870,500,false],"landscape":["https:\/\/arantv.az\/wp-content\/uploads\/2024\/12\/06aa02f0e26ded8fae36953369e6ab9d.jpg",870,500,false],"portraits":["https:\/\/arantv.az\/wp-content\/uploads\/2024\/12\/06aa02f0e26ded8fae36953369e6ab9d.jpg",870,500,false],"thumbnail":["https:\/\/arantv.az\/wp-content\/uploads\/2024\/12\/06aa02f0e26ded8fae36953369e6ab9d-500x280.jpg",500,280,true],"medium":["https:\/\/arantv.az\/wp-content\/uploads\/2024\/12\/06aa02f0e26ded8fae36953369e6ab9d-635x365.jpg",635,365,true],"large":["https:\/\/arantv.az\/wp-content\/uploads\/2024\/12\/06aa02f0e26ded8fae36953369e6ab9d-840x483.jpg",640,368,true],"1536x1536":["https:\/\/arantv.az\/wp-content\/uploads\/2024\/12\/06aa02f0e26ded8fae36953369e6ab9d.jpg",870,500,false],"2048x2048":["https:\/\/arantv.az\/wp-content\/uploads\/2024\/12\/06aa02f0e26ded8fae36953369e6ab9d.jpg",870,500,false],"post-thumbnail":["https:\/\/arantv.az\/wp-content\/uploads\/2024\/12\/06aa02f0e26ded8fae36953369e6ab9d-240x172.jpg",240,172,true],"advps-thumb-one":["https:\/\/arantv.az\/wp-content\/uploads\/2024\/12\/06aa02f0e26ded8fae36953369e6ab9d.jpg",870,500,false]},"rttpg_author":{"display_name":"V\u00fcsal Rafiqo\u011flu","author_link":"https:\/\/arantv.az\/?author=2"},"rttpg_comment":0,"rttpg_category":"<a href=\"https:\/\/arantv.az\/?cat=1\" rel=\"category\">C\u0259miyy\u0259t<\/a>","rttpg_excerpt":"X\u0259b\u0259r verdiyimiz kimi, Sumqay\u0131t \u015f\u0259h\u0259rini Saray q\u0259s\u0259b\u0259si il\u0259 birl\u0259\u015fdir\u0259n k\u00f6rp\u00fc ke\u00e7idi bu g\u00fcnd\u0259n s\u00f6k\u00fcl\u00fcr. Musavat.com-un m\u0259lumat\u0131na g\u00f6r\u0259, 1970-ci ill\u0259rd\u0259 in\u015fa edilmi\u015f k\u00f6rp\u00fc ke\u00e7idin\u0259 aidiyy\u0259ti qurumlar\u0131n m\u00fct\u0259x\u0259ssisl\u0259ri birlikd\u0259 bax\u0131\u015f ke\u00e7irib, m\u0259s\u0259l\u0259 N\u0259qliyyat\u0131 \u018flaq\u0259l\u0259ndirm\u0259 \u015euras\u0131nda m\u00fczakir\u0259y\u0259 \u00e7\u0131xar\u0131l\u0131b. K\u00f6rp\u00fcd\u0259 apar\u0131lm\u0131\u015f m\u00fcayin\u0259 v\u0259 s\u0131naqlar\u0131n n\u0259tic\u0259sin\u0259 \u0259sas\u0259n, konstruksiyada y\u00fckg\u00f6t\u00fcrm\u0259 qabiliyy\u0259tini a\u015fa\u011f\u0131 salacaq q\u00fcsurlar\u0131n m\u00f6vcud oldu\u011fu v\u0259 k\u00f6rp\u00fcn\u00fcn q\u0259zal\u0131 v\u0259ziyy\u0259td\u0259 oldu\u011fu&hellip;","_links":{"self":[{"href":"https:\/\/arantv.az\/index.php?rest_route=\/wp\/v2\/posts\/775613"}],"collection":[{"href":"https:\/\/arantv.az\/index.php?rest_route=\/wp\/v2\/posts"}],"about":[{"href":"https:\/\/arantv.az\/index.php?rest_route=\/wp\/v2\/types\/post"}],"author":[{"embeddable":true,"href":"https:\/\/arantv.az\/index.php?rest_route=\/wp\/v2\/users\/2"}],"replies":[{"embeddable":true,"href":"https:\/\/arantv.az\/index.php?rest_route=%2Fwp%2Fv2%2Fcomments&post=775613"}],"version-history":[{"count":1,"href":"https:\/\/arantv.az\/index.php?rest_route=\/wp\/v2\/posts\/775613\/revisions"}],"predecessor-version":[{"id":775615,"href":"https:\/\/arantv.az\/index.php?rest_route=\/wp\/v2\/posts\/775613\/revisions\/775615"}],"wp:featuredmedia":[{"embeddable":true,"href":"https:\/\/arantv.az\/index.php?rest_route=\/wp\/v2\/media\/775614"}],"wp:attachment":[{"href":"https:\/\/arantv.az\/index.php?rest_route=%2Fwp%2Fv2%2Fmedia&parent=775613"}],"wp:term":[{"taxonomy":"category","embeddable":true,"href":"https:\/\/arantv.az\/index.php?rest_route=%2Fwp%2Fv2%2Fcategories&post=775613"},{"taxonomy":"post_tag","embeddable":true,"href":"https:\/\/arantv.az\/index.php?rest_route=%2Fwp%2Fv2%2Ftags&post=775613"}],"curies":[{"name":"wp","href":"https:\/\/api.w.org\/{rel}","templated":true}]}}