{"id":77573,"date":"2019-09-07T16:22:17","date_gmt":"2019-09-07T13:22:17","guid":{"rendered":"http:\/\/arantv.az\/?p=77573"},"modified":"2019-09-07T16:22:17","modified_gmt":"2019-09-07T13:22:17","slug":"umumdunya-iqtisadi-forumunun-hesabati-aciqlandi-az%c9%99rbaycan-erm%c9%99nistandan-ir%c9%99lid%c9%99dir","status":"publish","type":"post","link":"https:\/\/arantv.az\/?p=77573","title":{"rendered":"\u00dcmumd\u00fcnya \u0130qtisadi Forumunun hesabat\u0131 a\u00e7\u0131qland\u0131: Az\u0259rbaycan Erm\u0259nistandan ir\u0259lid\u0259dir"},"content":{"rendered":"<p>Az\u0259rbaycan \u00dcmumd\u00fcnya \u0130qtisadi Forumunun &#8220;Turizm v\u0259 s\u0259yah\u0259tin r\u0259qab\u0259t qabiliyy\u0259ti&#8221; adl\u0131 hesabat\u0131nda 140 \u00f6lk\u0259 aras\u0131nda 71-ci yeri tutub.<\/p>\n<p><b>ARANTV.AZ\u00a0<\/b>x\u0259b\u0259r verir ki, hesabat iki ild\u0259 bir d\u0259f\u0259 yay\u0131mlan\u0131r v\u0259 indeks \u00f6z\u00fcnd\u0259 10 komponenti birl\u0259\u015fdirir.<\/p>\n<p>Onlar aras\u0131nda i\u015fg\u00fczar m\u00fchit, t\u0259hl\u00fck\u0259sizlik, insan resursu, qiym\u0259tl\u0259rin r\u0259qab\u0259t qabiliyy\u0259ti, ekoloji davaml\u0131l\u0131q, infrastrukturun inki\u015faf\u0131, t\u0259bi\u0259t v\u0259 m\u0259d\u0259niyy\u0259t resurslar\u0131 var.<\/p>\n<div id=\"AdviadNativeVideo0\" class=\"AdviadNativeVideo\"><\/div>\n<p>\u0130ndeks\u0259 \u0259sas\u0259n, Az\u0259rbaycan 10 komponent \u00fczr\u0259 3,8 bal toplay\u0131b.<\/p>\n<p>Qon\u015fu \u00f6lk\u0259l\u0259rd\u0259n Rusiya\u00a039-cu, T\u00fcrkiy\u0259 43-c\u00fc, G\u00fcrc\u00fcstan, 68-ci yerd\u0259 q\u0259rarla\u015f\u0131b. Erm\u0259nistan siyah\u0131da 78-ci yerd\u0259dir.<\/p>\n<p>Reytinq\u0259 \u0130spaniya, Fransa, Almaniya, Yaponiya v\u0259 AB\u015e ba\u015f\u00e7\u0131l\u0131q edir.<\/p>\n<p>Siyah\u0131da sonuncu yerl\u0259ri Liberiya, \u00c7ad v\u0259 Y\u0259m\u0259n tutub. oxu.az<\/p>\n","protected":false},"excerpt":{"rendered":"<p>Az\u0259rbaycan \u00dcmumd\u00fcnya \u0130qtisadi Forumunun &#8220;Turizm v\u0259 s\u0259yah\u0259tin r\u0259qab\u0259t qabiliyy\u0259ti&#8221; adl\u0131 hesabat\u0131nda 140 \u00f6lk\u0259 aras\u0131nda 71-ci yeri tutub. ARANTV.AZ\u00a0x\u0259b\u0259r verir ki, hesabat iki ild\u0259 bir d\u0259f\u0259 yay\u0131mlan\u0131r v\u0259 indeks \u00f6z\u00fcnd\u0259 10 komponenti birl\u0259\u015fdirir. Onlar aras\u0131nda i\u015fg\u00fczar m\u00fchit, t\u0259hl\u00fck\u0259sizlik, insan resursu, qiym\u0259tl\u0259rin r\u0259qab\u0259t qabiliyy\u0259ti, ekoloji davaml\u0131l\u0131q, infrastrukturun inki\u015faf\u0131, t\u0259bi\u0259t v\u0259 m\u0259d\u0259niyy\u0259t resurslar\u0131 var. \u0130ndeks\u0259 \u0259sas\u0259n, Az\u0259rbaycan 10 komponent \u00fczr\u0259 3,8 bal toplay\u0131b. Qon\u015fu \u00f6lk\u0259l\u0259rd\u0259n Rusiya\u00a039-cu, T\u00fcrkiy\u0259 43-c\u00fc, G\u00fcrc\u00fcstan, 68-ci yerd\u0259 q\u0259rarla\u015f\u0131b. Erm\u0259nistan siyah\u0131da 78-ci yerd\u0259dir. Reytinq\u0259 \u0130spaniya, Fransa, Almaniya, Yaponiya v\u0259 AB\u015e ba\u015f\u00e7\u0131l\u0131q edir. Siyah\u0131da sonuncu yerl\u0259ri Liberiya, \u00c7ad v\u0259 Y\u0259m\u0259n tutub.&hellip;<\/p>\n","protected":false},"author":2,"featured_media":77574,"comment_status":"closed","ping_status":"closed","sticky":false,"template":"","format":"standard","meta":{"om_disable_all_campaigns":false,"_monsterinsights_skip_tracking":false,"_monsterinsights_sitenote_active":false,"_monsterinsights_sitenote_note":"","_monsterinsights_sitenote_category":0},"categories":[1],"tags":[],"aioseo_notices":[],"gutentor_comment":0,"rttpg_featured_image_url":{"full":["https:\/\/arantv.az\/wp-content\/uploads\/2019\/09\/0.jpg",620,414,false],"landscape":["https:\/\/arantv.az\/wp-content\/uploads\/2019\/09\/0.jpg",620,414,false],"portraits":["https:\/\/arantv.az\/wp-content\/uploads\/2019\/09\/0.jpg",620,414,false],"thumbnail":["https:\/\/arantv.az\/wp-content\/uploads\/2019\/09\/0-150x150.jpg",150,150,true],"medium":["https:\/\/arantv.az\/wp-content\/uploads\/2019\/09\/0-300x200.jpg",300,200,true],"large":["https:\/\/arantv.az\/wp-content\/uploads\/2019\/09\/0.jpg",620,414,false],"1536x1536":["https:\/\/arantv.az\/wp-content\/uploads\/2019\/09\/0.jpg",620,414,false],"2048x2048":["https:\/\/arantv.az\/wp-content\/uploads\/2019\/09\/0.jpg",620,414,false],"post-thumbnail":["https:\/\/arantv.az\/wp-content\/uploads\/2019\/09\/0-240x172.jpg",240,172,true],"advps-thumb-one":["https:\/\/arantv.az\/wp-content\/uploads\/2019\/09\/0.jpg",620,414,false]},"rttpg_author":{"display_name":"V\u00fcsal Rafiqo\u011flu","author_link":"https:\/\/arantv.az\/?author=2"},"rttpg_comment":0,"rttpg_category":"<a href=\"https:\/\/arantv.az\/?cat=1\" rel=\"category\">C\u0259miyy\u0259t<\/a>","rttpg_excerpt":"Az\u0259rbaycan \u00dcmumd\u00fcnya \u0130qtisadi Forumunun &#8220;Turizm v\u0259 s\u0259yah\u0259tin r\u0259qab\u0259t qabiliyy\u0259ti&#8221; adl\u0131 hesabat\u0131nda 140 \u00f6lk\u0259 aras\u0131nda 71-ci yeri tutub. ARANTV.AZ\u00a0x\u0259b\u0259r verir ki, hesabat iki ild\u0259 bir d\u0259f\u0259 yay\u0131mlan\u0131r v\u0259 indeks \u00f6z\u00fcnd\u0259 10 komponenti birl\u0259\u015fdirir. Onlar aras\u0131nda i\u015fg\u00fczar m\u00fchit, t\u0259hl\u00fck\u0259sizlik, insan resursu, qiym\u0259tl\u0259rin r\u0259qab\u0259t qabiliyy\u0259ti, ekoloji davaml\u0131l\u0131q, infrastrukturun inki\u015faf\u0131, t\u0259bi\u0259t v\u0259 m\u0259d\u0259niyy\u0259t resurslar\u0131 var. \u0130ndeks\u0259 \u0259sas\u0259n, Az\u0259rbaycan 10&hellip;","_links":{"self":[{"href":"https:\/\/arantv.az\/index.php?rest_route=\/wp\/v2\/posts\/77573"}],"collection":[{"href":"https:\/\/arantv.az\/index.php?rest_route=\/wp\/v2\/posts"}],"about":[{"href":"https:\/\/arantv.az\/index.php?rest_route=\/wp\/v2\/types\/post"}],"author":[{"embeddable":true,"href":"https:\/\/arantv.az\/index.php?rest_route=\/wp\/v2\/users\/2"}],"replies":[{"embeddable":true,"href":"https:\/\/arantv.az\/index.php?rest_route=%2Fwp%2Fv2%2Fcomments&post=77573"}],"version-history":[{"count":0,"href":"https:\/\/arantv.az\/index.php?rest_route=\/wp\/v2\/posts\/77573\/revisions"}],"wp:featuredmedia":[{"embeddable":true,"href":"https:\/\/arantv.az\/index.php?rest_route=\/wp\/v2\/media\/77574"}],"wp:attachment":[{"href":"https:\/\/arantv.az\/index.php?rest_route=%2Fwp%2Fv2%2Fmedia&parent=77573"}],"wp:term":[{"taxonomy":"category","embeddable":true,"href":"https:\/\/arantv.az\/index.php?rest_route=%2Fwp%2Fv2%2Fcategories&post=77573"},{"taxonomy":"post_tag","embeddable":true,"href":"https:\/\/arantv.az\/index.php?rest_route=%2Fwp%2Fv2%2Ftags&post=77573"}],"curies":[{"name":"wp","href":"https:\/\/api.w.org\/{rel}","templated":true}]}}