{"id":77576,"date":"2019-09-07T16:23:27","date_gmt":"2019-09-07T13:23:27","guid":{"rendered":"http:\/\/arantv.az\/?p=77576"},"modified":"2019-09-07T16:23:27","modified_gmt":"2019-09-07T13:23:27","slug":"bu-gun-m%c9%99h%c9%99rr%c9%99min-yeddisidir-k%c9%99rb%c9%99lada-bu-gund%c9%99-bas-ver%c9%99n-hadis%c9%99l%c9%99r","status":"publish","type":"post","link":"https:\/\/arantv.az\/?p=77576","title":{"rendered":"Bu g\u00fcn M\u0259h\u0259rr\u0259min yeddisidir &#8211; K\u0259rb\u0259lada bu g\u00fcnd\u0259 ba\u015f ver\u0259n hadis\u0259l\u0259r"},"content":{"rendered":"<p><strong>Bu g\u00fcn h\u00fcznl\u00fc m\u0259h\u0259rr\u0259m ay\u0131n\u0131n yeddisidir.<\/strong><\/p>\n<p><strong>ARANTV.AZ<\/strong> \u0130nteraz-a istinad\u0259n x\u0259b\u0259r verir ki, tarixi fakslara \u0259sas\u0259n M\u0259h\u0259rr\u0259m ay\u0131n\u0131n yeddisind\u0259n ba\u015flayaraq, K\u0259rb\u0259la s\u0259hras\u0131nda otraq ed\u0259n \u0130mam H\u00fcseynin (\u0259) karvan\u0131na qar\u015f\u0131 fiziki zorak\u0131 add\u0131mlar at\u0131lma\u011fa ba\u015flad\u0131.<\/p>\n<p>\u0130mam H\u00fcseyn(\u0259) art\u0131q m\u0259h\u0259rr\u0259m ay\u0131n\u0131n ikisind\u0259n qar\u015f\u0131da ordunun oldu\u011funu v\u0259 m\u00fchasir\u0259y\u0259 d\u00fc\u015fd\u00fcy\u00fcn\u00fc g\u00f6r\u0259r\u0259k K\u0259rb\u0259la \u00e7\u00f6l\u00fcnd\u0259 otraq etmi\u015fdi. Bu g\u00fcnl\u0259r \u0259rzind\u0259 \u0130mam H\u00fcseyn (\u0259) qar\u015f\u0131 t\u0259r\u0259fi m\u00fchasir\u0259ni qald\u0131rma\u011fa v\u0259 yolu Kuf\u0259y\u0259 sar\u0131 a\u00e7ma\u011fa \u00e7a\u011f\u0131r\u0131rd\u0131. Lakin qar\u015f\u0131 t\u0259r\u0259fin israr\u0131 il\u0259 \u0130mam\u0131n karvan\u0131 m\u00fchasir\u0259d\u0259 qal\u0131rd\u0131. M\u0259h\u0259rr\u0259m ay\u0131n\u0131n yeddisind\u0259n \u0130mam H\u00fcseynin (\u0259) karvan\u0131 sudan da m\u0259hrum edildi.<\/p>\n<p>Yezid ibni M\u00fcaviy\u0259nin \u0130raq \u00fczr\u0259 valisi Ubeydullah ibni Ziyad\u0131n \u0259mri il\u0259 \u00d6m\u0259r bin S\u0259d 500 atl\u0131 g\u00f6nd\u0259r\u0259r\u0259k, onlar\u0131 \u0130mam H\u00fcseynin (\u0259) karvan\u0131 il\u0259 F\u0259rat \u00e7ay\u0131 aras\u0131nda yerl\u0259\u015fdirdi.<\/p>\n<p>K\u0259rb\u0259lan\u0131n yand\u0131ran q\u0131zmar istil\u0259ri v\u0259 karvan\u0131n su ehtiyat\u0131n\u0131n t\u00fck\u0259nm\u0259si onlar\u0131 taq\u0259td\u0259n salm\u0131\u015fd\u0131. M\u0259h\u0259rr\u0259min yeddisind\u0259n A\u015furaya (M\u0259h\u0259rr\u0259min 10-u) q\u0259d\u0259r \u0130mam H\u00fcseyn (\u0259) qar\u015f\u0131 t\u0259r\u0259fd\u0259n bir ne\u00e7\u0259 d\u0259f\u0259 su ist\u0259s\u0259 d\u0259 Yezid ibni M\u00fcaviy\u0259nin ordusu buna imkan verm\u0259dil\u0259r. H\u0259tta F\u0259rat \u00e7ay\u0131ndan v\u0259 onun ki\u00e7ik qolu olan \u018flq\u0259m \u00e7ay\u0131ndan suyun \u0259ld\u0259 edilm\u0259si \u00fc\u00e7\u00fcn \u0130mam H\u00fcseynin (\u0259) qarda\u015f\u0131 h\u0259zr\u0259t \u018fbul-F\u0259zl Abbas\u0131n t\u0259kba\u015f\u0131na h\u00fccumu da s\u0259m\u0259r\u0259siz qalm\u0131\u015fd\u0131. Bu h\u00fccumda h\u0259zr\u0259t \u018fbul-F\u0259zl Abbas v\u0259h\u015fic\u0259sin\u0259 \u015f\u0259hid edilmi\u015fdi.<\/p>\n<div><\/div>\n<p>Dini ayinl\u0259r\u0259 \u0259sas\u0259n M\u0259h\u0259rr\u0259m ay\u0131n\u0131n yeddisind\u0259 \u0259sas\u0259n \u0130mam H\u00fcseynin (\u0259) \u015f\u0259hid edil\u0259n 6 ayl\u0131q s\u00fcd\u0259m\u0259r k\u00f6rp\u0259si an\u0131l\u0131r.<\/p>\n","protected":false},"excerpt":{"rendered":"<p>Bu g\u00fcn h\u00fcznl\u00fc m\u0259h\u0259rr\u0259m ay\u0131n\u0131n yeddisidir. ARANTV.AZ \u0130nteraz-a istinad\u0259n x\u0259b\u0259r verir ki, tarixi fakslara \u0259sas\u0259n M\u0259h\u0259rr\u0259m ay\u0131n\u0131n yeddisind\u0259n ba\u015flayaraq, K\u0259rb\u0259la s\u0259hras\u0131nda otraq ed\u0259n \u0130mam H\u00fcseynin (\u0259) karvan\u0131na qar\u015f\u0131 fiziki zorak\u0131 add\u0131mlar at\u0131lma\u011fa ba\u015flad\u0131. \u0130mam H\u00fcseyn(\u0259) art\u0131q m\u0259h\u0259rr\u0259m ay\u0131n\u0131n ikisind\u0259n qar\u015f\u0131da ordunun oldu\u011funu v\u0259 m\u00fchasir\u0259y\u0259 d\u00fc\u015fd\u00fcy\u00fcn\u00fc g\u00f6r\u0259r\u0259k K\u0259rb\u0259la \u00e7\u00f6l\u00fcnd\u0259 otraq etmi\u015fdi. Bu g\u00fcnl\u0259r \u0259rzind\u0259 \u0130mam H\u00fcseyn (\u0259) qar\u015f\u0131 t\u0259r\u0259fi m\u00fchasir\u0259ni qald\u0131rma\u011fa v\u0259 yolu Kuf\u0259y\u0259 sar\u0131 a\u00e7ma\u011fa \u00e7a\u011f\u0131r\u0131rd\u0131. Lakin qar\u015f\u0131 t\u0259r\u0259fin israr\u0131 il\u0259 \u0130mam\u0131n karvan\u0131 m\u00fchasir\u0259d\u0259 qal\u0131rd\u0131. M\u0259h\u0259rr\u0259m ay\u0131n\u0131n yeddisind\u0259n \u0130mam H\u00fcseynin (\u0259) karvan\u0131 sudan da m\u0259hrum edildi. Yezid ibni M\u00fcaviy\u0259nin \u0130raq&hellip;<\/p>\n","protected":false},"author":2,"featured_media":77577,"comment_status":"closed","ping_status":"closed","sticky":false,"template":"","format":"standard","meta":{"om_disable_all_campaigns":false,"_monsterinsights_skip_tracking":false,"_monsterinsights_sitenote_active":false,"_monsterinsights_sitenote_note":"","_monsterinsights_sitenote_category":0},"categories":[1],"tags":[],"aioseo_notices":[],"gutentor_comment":0,"rttpg_featured_image_url":{"full":["https:\/\/arantv.az\/wp-content\/uploads\/2019\/09\/784084.jpg",800,600,false],"landscape":["https:\/\/arantv.az\/wp-content\/uploads\/2019\/09\/784084.jpg",800,600,false],"portraits":["https:\/\/arantv.az\/wp-content\/uploads\/2019\/09\/784084.jpg",800,600,false],"thumbnail":["https:\/\/arantv.az\/wp-content\/uploads\/2019\/09\/784084-150x150.jpg",150,150,true],"medium":["https:\/\/arantv.az\/wp-content\/uploads\/2019\/09\/784084-300x225.jpg",300,225,true],"large":["https:\/\/arantv.az\/wp-content\/uploads\/2019\/09\/784084.jpg",640,480,false],"1536x1536":["https:\/\/arantv.az\/wp-content\/uploads\/2019\/09\/784084.jpg",800,600,false],"2048x2048":["https:\/\/arantv.az\/wp-content\/uploads\/2019\/09\/784084.jpg",800,600,false],"post-thumbnail":["https:\/\/arantv.az\/wp-content\/uploads\/2019\/09\/784084-240x172.jpg",240,172,true],"advps-thumb-one":["https:\/\/arantv.az\/wp-content\/uploads\/2019\/09\/784084.jpg",800,600,false]},"rttpg_author":{"display_name":"V\u00fcsal Rafiqo\u011flu","author_link":"https:\/\/arantv.az\/?author=2"},"rttpg_comment":0,"rttpg_category":"<a href=\"https:\/\/arantv.az\/?cat=1\" rel=\"category\">C\u0259miyy\u0259t<\/a>","rttpg_excerpt":"Bu g\u00fcn h\u00fcznl\u00fc m\u0259h\u0259rr\u0259m ay\u0131n\u0131n yeddisidir. ARANTV.AZ \u0130nteraz-a istinad\u0259n x\u0259b\u0259r verir ki, tarixi fakslara \u0259sas\u0259n M\u0259h\u0259rr\u0259m ay\u0131n\u0131n yeddisind\u0259n ba\u015flayaraq, K\u0259rb\u0259la s\u0259hras\u0131nda otraq ed\u0259n \u0130mam H\u00fcseynin (\u0259) karvan\u0131na qar\u015f\u0131 fiziki zorak\u0131 add\u0131mlar at\u0131lma\u011fa ba\u015flad\u0131. \u0130mam H\u00fcseyn(\u0259) art\u0131q m\u0259h\u0259rr\u0259m ay\u0131n\u0131n ikisind\u0259n qar\u015f\u0131da ordunun oldu\u011funu v\u0259 m\u00fchasir\u0259y\u0259 d\u00fc\u015fd\u00fcy\u00fcn\u00fc g\u00f6r\u0259r\u0259k K\u0259rb\u0259la \u00e7\u00f6l\u00fcnd\u0259 otraq etmi\u015fdi. Bu g\u00fcnl\u0259r \u0259rzind\u0259 \u0130mam H\u00fcseyn&hellip;","_links":{"self":[{"href":"https:\/\/arantv.az\/index.php?rest_route=\/wp\/v2\/posts\/77576"}],"collection":[{"href":"https:\/\/arantv.az\/index.php?rest_route=\/wp\/v2\/posts"}],"about":[{"href":"https:\/\/arantv.az\/index.php?rest_route=\/wp\/v2\/types\/post"}],"author":[{"embeddable":true,"href":"https:\/\/arantv.az\/index.php?rest_route=\/wp\/v2\/users\/2"}],"replies":[{"embeddable":true,"href":"https:\/\/arantv.az\/index.php?rest_route=%2Fwp%2Fv2%2Fcomments&post=77576"}],"version-history":[{"count":0,"href":"https:\/\/arantv.az\/index.php?rest_route=\/wp\/v2\/posts\/77576\/revisions"}],"wp:featuredmedia":[{"embeddable":true,"href":"https:\/\/arantv.az\/index.php?rest_route=\/wp\/v2\/media\/77577"}],"wp:attachment":[{"href":"https:\/\/arantv.az\/index.php?rest_route=%2Fwp%2Fv2%2Fmedia&parent=77576"}],"wp:term":[{"taxonomy":"category","embeddable":true,"href":"https:\/\/arantv.az\/index.php?rest_route=%2Fwp%2Fv2%2Fcategories&post=77576"},{"taxonomy":"post_tag","embeddable":true,"href":"https:\/\/arantv.az\/index.php?rest_route=%2Fwp%2Fv2%2Ftags&post=77576"}],"curies":[{"name":"wp","href":"https:\/\/api.w.org\/{rel}","templated":true}]}}