{"id":775855,"date":"2024-12-20T18:38:55","date_gmt":"2024-12-20T14:38:55","guid":{"rendered":"https:\/\/arantv.az\/?p=775855"},"modified":"2024-12-20T18:38:55","modified_gmt":"2024-12-20T14:38:55","slug":"sosial-medianin-b%c9%99z%c9%99yi-az%c9%99rbaycanin-da-uzl%c9%99sdiyi-qlobal-problem-musahib%c9%99-foto","status":"publish","type":"post","link":"https:\/\/arantv.az\/?p=775855","title":{"rendered":"Sosial median\u0131n \u201cB\u018fZ\u018fY\u0130\u201d: Az\u0259rbaycan\u0131n da \u00fczl\u0259\u015fdiyi QLOBAL PROBLEM \u2013 M\u00dcSAH\u0130B\u018f + FOTO"},"content":{"rendered":"<p>Dekabr\u0131n 16-dan etibar\u0259n Az\u0259rbaycanda \u201cMedia Savadl\u0131l\u0131\u011f\u0131\u201d H\u0259ft\u0259sin\u0259 start verilib. Median\u0131n \u0130nki\u015faf\u0131 Agentliyinin t\u0259\u015fkilat\u00e7\u0131l\u0131\u011f\u0131, aidiyy\u0259ti d\u00f6vl\u0259t v\u0259 \u00f6z\u0259l qurumlar\u0131n, akademik m\u00fc\u0259ssis\u0259l\u0259rin, media v\u0259 v\u0259t\u0259nda\u015f c\u0259miyy\u0259ti institutlar\u0131n\u0131n t\u0259r\u0259fda\u015fl\u0131\u011f\u0131 il\u0259 bu h\u0259ft\u0259 \u0259rzind\u0259 \u00e7oxsayl\u0131 maarifl\u0259ndirm\u0259 t\u0259dbirl\u0259ri h\u0259yata ke\u00e7irilib.<\/p>\n<p>Buna misal olaraq, \u0259n\u0259n\u0259vi \u201cMedia Savadl\u0131l\u0131\u011f\u0131\u201d Konfrans\u0131n\u0131n t\u0259\u015fkil olunmas\u0131n\u0131, h\u0259m\u00e7inin mediada v\u0259 sosial \u015f\u0259b\u0259k\u0259l\u0259rd\u0259 media kampaniyalar\u0131n\u0131n icras\u0131n\u0131, podkastlar\u0131n yay\u0131m\u0131n\u0131, Bak\u0131 v\u0259 regionlarda f\u0259rqli h\u0259d\u0259f qruplar\u0131na y\u00f6n\u0259l\u0259n t\u0259liml\u0259rin, vebinar v\u0259 mediaturlar\u0131n t\u0259\u015fkilini g\u00f6st\u0259rm\u0259k olar.<\/p>\n<p><img loading=\"lazy\" class=\"alignnone wp-image-758940\" style=\"box-sizing: inherit; border: 0px none; vertical-align: middle; max-width: 100%; height: auto; padding: 0px; font: inherit; margin: 5px 0px 1.25em;\" title=\"Sosial median\u0131n \u201cB\u018fZ\u018fY\u0130\u201d: Az\u0259rbaycan\u0131n da \u00fczl\u0259\u015fdiyi QLOBAL PROBLEM - &lt;span style=color:red&gt;M\u00dcSAH\u0130B\u018f + FOTO 2\" src=\"https:\/\/cdn.medianews.az\/2024\/12\/fotoram.io-53-372x255.jpg\" sizes=\"(max-width: 1608px) 100vw, 1608px\" srcset=\"\/\/cdn.medianews.az\/2024\/12\/fotoram.io-53-372x255.jpg 372w, \/\/cdn.medianews.az\/2024\/12\/fotoram.io-53-1024x702.jpg 1024w, \/\/cdn.medianews.az\/2024\/12\/fotoram.io-53-125x86.jpg 125w, \/\/cdn.medianews.az\/2024\/12\/fotoram.io-53-768x527.jpg 768w, \/\/cdn.medianews.az\/2024\/12\/fotoram.io-53-1536x1053.jpg 1536w, \/\/cdn.medianews.az\/2024\/12\/fotoram.io-53-2048x1404.jpg 2048w\" alt=\"Sosial median\u0131n \u201cB\u018fZ\u018fY\u0130\u201d: Az\u0259rbaycan\u0131n da \u00fczl\u0259\u015fdiyi QLOBAL PROBLEM - &lt;span style=color:red&gt;M\u00dcSAH\u0130B\u018f + FOTO\" width=\"770\" height=\"528\" data-pin-no-hover=\"true\" \/><\/p>\n<p>\u00dcmumi i\u015f\u0259 t\u00f6hf\u0259 verm\u0259k \u00fc\u00e7\u00fcn\u00a0Medianews.az\u00a0sayt\u0131 da\u00a0Media savadl\u0131l\u0131\u011f\u0131\u00a0m\u00f6vzusunda\u00a0m\u00fcxt\u0259lif\u00a0yaz\u0131lar\u00a0haz\u0131rlay\u0131b. \u0130ndi is\u0259\u00a0<strong>telejurnalist, \u201cVisiontv.az\u201d sayt\u0131n\u0131n ba\u015f redaktoru \u015e\u00f6hr\u0259t Eld\u0259nizl\u0259 m\u00fcsahib\u0259ni<\/strong>\u00a0t\u0259qdim edirik.<\/p>\n<p><img loading=\"lazy\" class=\"alignnone wp-image-758941\" style=\"box-sizing: inherit; border: 0px none; vertical-align: middle; max-width: 100%; height: auto; padding: 0px; font: inherit; margin: 5px 0px 1.25em;\" title=\"Sosial median\u0131n \u201cB\u018fZ\u018fY\u0130\u201d: Az\u0259rbaycan\u0131n da \u00fczl\u0259\u015fdiyi QLOBAL PROBLEM - &lt;span style=color:red&gt;M\u00dcSAH\u0130B\u018f + FOTO 3\" src=\"https:\/\/cdn.medianews.az\/2024\/12\/317762725_3257763191143897_4104141287619402659_n-1536x1024-1-375x250.jpg\" sizes=\"(max-width: 1724px) 100vw, 1724px\" srcset=\"\/\/cdn.medianews.az\/2024\/12\/317762725_3257763191143897_4104141287619402659_n-1536x1024-1-375x250.jpg 375w, \/\/cdn.medianews.az\/2024\/12\/317762725_3257763191143897_4104141287619402659_n-1536x1024-1-1024x683.jpg 1024w, \/\/cdn.medianews.az\/2024\/12\/317762725_3257763191143897_4104141287619402659_n-1536x1024-1-125x83.jpg 125w, \/\/cdn.medianews.az\/2024\/12\/317762725_3257763191143897_4104141287619402659_n-1536x1024-1-768x512.jpg 768w, \/\/cdn.medianews.az\/2024\/12\/317762725_3257763191143897_4104141287619402659_n-1536x1024-1.jpg 1536w\" alt=\"Sosial median\u0131n \u201cB\u018fZ\u018fY\u0130\u201d: Az\u0259rbaycan\u0131n da \u00fczl\u0259\u015fdiyi QLOBAL PROBLEM - &lt;span style=color:red&gt;M\u00dcSAH\u0130B\u018f + FOTO\" width=\"700\" height=\"467\" data-pin-no-hover=\"true\" \/><\/p>\n<p><strong>\u2013 Media savadl\u0131l\u0131\u011f\u0131 dey\u0259nd\u0259 n\u0259 ba\u015fa d\u00fc\u015f\u00fclm\u0259lidir?<\/strong><\/p>\n<p>\u2013 Qlobal informasiya d\u00f6vriyy\u0259sind\u0259 feyk x\u0259b\u0259rl\u0259r (saxta m\u0259lumat), dezinformasiyalar t\u0259\u0259ss\u00fcf ki, legitim xarakter alma\u011fa ba\u015flay\u0131b. Y\u0259ni, konkret m\u0259rk\u0259zl\u0259r, x\u00fcsusi xidm\u0259t orqanlar\u0131 t\u0259r\u0259find\u0259n haz\u0131rlanan informasiyalar ciddi transmilli media qurumlar\u0131 t\u0259r\u0259find\u0259n tirajlan\u0131r. Bu m\u0259lumatlar is\u0259 \u00f6lk\u0259mizd\u0259 \u00e7ox vaxt t\u0259k sosial median\u0131n yox, pe\u015f\u0259kar median\u0131n da diqq\u0259tini \u00e7\u0259kir v\u0259 tirajlan\u0131r. O c\u00fcml\u0259d\u0259n sosial media vasit\u0259sil\u0259 g\u00fcn \u0259rzind\u0259 b\u0259lk\u0259 d\u0259 milyonlarla feyk m\u0259lumatlar yay\u0131l\u0131r ki, bu da t\u0259bii olaraq t\u0259sirsiz \u00f6t\u00fc\u015fm\u00fcr. Y\u0259ni, bu problem qlobal xarakter al\u0131b. T\u0259bii ki, Az\u0259rbaycan da bu problemd\u0259n \u0259ziyy\u0259t \u00e7\u0259k\u0259n \u00f6lk\u0259l\u0259rd\u0259n biridir. Bu bax\u0131mdan Median\u0131n \u0130nki\u015faf\u0131 Agentliyi, o c\u00fcml\u0259d\u0259n M\u0259tbuat \u015euras\u0131 Media savadl\u0131l\u0131\u011f\u0131 deyil\u0259n bir trend\u0259 start verib.<\/p>\n<p><img loading=\"lazy\" class=\"alignnone wp-image-758943\" style=\"box-sizing: inherit; border: 0px none; vertical-align: middle; max-width: 100%; height: auto; padding: 0px; font: inherit; margin: 5px 0px 1.25em;\" title=\"Sosial median\u0131n \u201cB\u018fZ\u018fY\u0130\u201d: Az\u0259rbaycan\u0131n da \u00fczl\u0259\u015fdiyi QLOBAL PROBLEM - &lt;span style=color:red&gt;M\u00dcSAH\u0130B\u018f + FOTO 4\" src=\"https:\/\/cdn.medianews.az\/2024\/12\/1718789964683-375x211.jpg\" sizes=\"(max-width: 1685px) 100vw, 1685px\" srcset=\"\/\/cdn.medianews.az\/2024\/12\/1718789964683-375x211.jpg 375w, \/\/cdn.medianews.az\/2024\/12\/1718789964683-1024x576.jpg 1024w, \/\/cdn.medianews.az\/2024\/12\/1718789964683-125x70.jpg 125w, \/\/cdn.medianews.az\/2024\/12\/1718789964683-768x432.jpg 768w, \/\/cdn.medianews.az\/2024\/12\/1718789964683.jpg 1280w\" alt=\"Sosial median\u0131n \u201cB\u018fZ\u018fY\u0130\u201d: Az\u0259rbaycan\u0131n da \u00fczl\u0259\u015fdiyi QLOBAL PROBLEM - &lt;span style=color:red&gt;M\u00dcSAH\u0130B\u018f + FOTO\" width=\"700\" height=\"394\" data-pin-no-hover=\"true\" \/><\/p>\n<p><strong>\u2013 Media savadl\u0131l\u0131\u011f\u0131n\u0131n \u0259sas m\u0259qs\u0259di v\u0259 h\u0259d\u0259fi n\u0259dir?<\/strong><\/p>\n<p>\u2013 M\u0259qs\u0259d v\u0259t\u0259nda\u015flar\u0131 saxta x\u0259b\u0259ri, do\u011fru x\u0259b\u0259rd\u0259n ay\u0131rmaq \u00fc\u00e7\u00fcn t\u0259klif etdikl\u0259ri mexanizml\u0259rl\u0259 tan\u0131\u015f etm\u0259k, maarifl\u0259ndirm\u0259 i\u015fini aparmaqd\u0131r. Bunun \u00fc\u00e7\u00fcn \u00e7oxsayl\u0131 konfranslar, treninql\u0259r t\u0259\u015fkil edilir, Media savadl\u0131l\u0131\u011f\u0131 h\u0259ft\u0259l\u0259ri ke\u00e7irilir, pe\u015f\u0259kar v\u0259 sosial mediada t\u0259bli\u011fatlar apar\u0131l\u0131r. Konkret des\u0259m, Media savadl\u0131l\u0131\u011f\u0131 format\u0131nda v\u0259t\u0259nda\u015fa izah edirl\u0259r ki, saxta x\u0259b\u0259ri do\u011fru x\u0259b\u0259rd\u0259n ay\u0131rmaq \u00fc\u00e7\u00fcn oxudu\u011funuz informasiyan\u0131 f\u0259rqli m\u0259nb\u0259l\u0259rd\u0259n ara\u015fd\u0131r\u0131n, d\u0259qiqliyin\u0259 \u0259min olun v\u0259 sair. Y\u0259ni, h\u0259d\u0259f v\u0259t\u0259nda\u015f, m\u0259qs\u0259d saxta x\u0259b\u0259rl\u0259r\u0259 inam\u0131n azald\u0131lmas\u0131d\u0131r. V\u0259t\u0259nda\u015fda feyk informasiyaya qar\u015f\u0131 immunitet yaratmaq, m\u0259suliyy\u0259t hissini art\u0131rmaqd\u0131r. Bu qlobal m\u00fcst\u0259vid\u0259 \u00e7ox \u00e7\u0259tin bir i\u015fdir. Amma c\u0259hd g\u00f6st\u0259rirl\u0259r ki, bu problemi qism\u0259n d\u0259 olsa h\u0259ll etsinl\u0259r. O c\u00fcml\u0259d\u0259n Az\u0259rbaycanda da bu y\u00f6nd\u0259 aktiv add\u0131mlar at\u0131l\u0131r.<\/p>\n<p><img loading=\"lazy\" class=\"alignnone wp-image-758942\" style=\"box-sizing: inherit; border: 0px none; vertical-align: middle; max-width: 100%; height: auto; padding: 0px; font: inherit; margin: 5px 0px 1.25em;\" title=\"Sosial median\u0131n \u201cB\u018fZ\u018fY\u0130\u201d: Az\u0259rbaycan\u0131n da \u00fczl\u0259\u015fdiyi QLOBAL PROBLEM - &lt;span style=color:red&gt;M\u00dcSAH\u0130B\u018f + FOTO 5\" src=\"https:\/\/cdn.medianews.az\/2024\/12\/fotoram.io-52-372x255.jpg\" sizes=\"(max-width: 1717px) 100vw, 1717px\" srcset=\"\/\/cdn.medianews.az\/2024\/12\/fotoram.io-52-372x255.jpg 372w, \/\/cdn.medianews.az\/2024\/12\/fotoram.io-52-1024x702.jpg 1024w, \/\/cdn.medianews.az\/2024\/12\/fotoram.io-52-125x86.jpg 125w, \/\/cdn.medianews.az\/2024\/12\/fotoram.io-52-768x527.jpg 768w, \/\/cdn.medianews.az\/2024\/12\/fotoram.io-52-1536x1053.jpg 1536w, \/\/cdn.medianews.az\/2024\/12\/fotoram.io-52-2048x1404.jpg 2048w\" alt=\"Sosial median\u0131n \u201cB\u018fZ\u018fY\u0130\u201d: Az\u0259rbaycan\u0131n da \u00fczl\u0259\u015fdiyi QLOBAL PROBLEM - &lt;span style=color:red&gt;M\u00dcSAH\u0130B\u018f + FOTO\" width=\"700\" height=\"480\" data-pin-no-hover=\"true\" \/><\/p>\n<p><strong>\u2013 G\u00f6r\u00fcl\u0259n i\u015fin effektivliyini nec\u0259 d\u0259y\u0259rl\u0259ndirirsiniz?<\/strong><\/p>\n<p>\u2013 M\u0259nim fikrimc\u0259, bu \u00fcsul tam effekt verm\u0259y\u0259c\u0259k. \u00c7\u00fcnki s\u0131ravi v\u0259t\u0259nda\u015fda ara\u015fdr\u0131maq, d\u0259qiql\u0259\u015fdirm\u0259k kimi bir v\u0259rdi\u015f yoxdur. V\u0259t\u0259nda\u015f ona \u00e7atan ilk informasiyan\u0131 oxuyur, ya inan\u0131r, ya da iqnor edir. Bu q\u0259d\u0259r sad\u0259dir m\u0259s\u0259l\u0259.<\/p>\n<p><img loading=\"lazy\" class=\"alignnone wp-image-758948\" style=\"box-sizing: inherit; border: 0px none; vertical-align: middle; max-width: 100%; height: auto; padding: 0px; font: inherit; margin: 5px 0px 1.25em;\" title=\"Sosial median\u0131n \u201cB\u018fZ\u018fY\u0130\u201d: Az\u0259rbaycan\u0131n da \u00fczl\u0259\u015fdiyi QLOBAL PROBLEM - &lt;span style=color:red&gt;M\u00dcSAH\u0130B\u018f + FOTO 6\" src=\"https:\/\/cdn.medianews.az\/2024\/12\/the-effect-of-ai-paraphrasers-on-the-development-of-critical-thinking-375x214.webp\" sizes=\"(max-width: 1728px) 100vw, 1728px\" srcset=\"\/\/cdn.medianews.az\/2024\/12\/the-effect-of-ai-paraphrasers-on-the-development-of-critical-thinking-375x214.webp 375w, \/\/cdn.medianews.az\/2024\/12\/the-effect-of-ai-paraphrasers-on-the-development-of-critical-thinking-1024x585.webp 1024w, \/\/cdn.medianews.az\/2024\/12\/the-effect-of-ai-paraphrasers-on-the-development-of-critical-thinking-125x71.webp 125w, \/\/cdn.medianews.az\/2024\/12\/the-effect-of-ai-paraphrasers-on-the-development-of-critical-thinking-768x439.webp 768w, \/\/cdn.medianews.az\/2024\/12\/the-effect-of-ai-paraphrasers-on-the-development-of-critical-thinking.webp 1200w\" alt=\"Sosial median\u0131n \u201cB\u018fZ\u018fY\u0130\u201d: Az\u0259rbaycan\u0131n da \u00fczl\u0259\u015fdiyi QLOBAL PROBLEM - &lt;span style=color:red&gt;M\u00dcSAH\u0130B\u018f + FOTO\" width=\"700\" height=\"399\" data-pin-no-hover=\"true\" \/><\/p>\n<p><strong>\u2013 Haz\u0131rda c\u0259miyy\u0259timizd\u0259 Media savadl\u0131l\u0131\u011f\u0131 sah\u0259sind\u0259 \u0259sas probleml\u0259ri sadalaya bil\u0259rsinizmi?<\/strong><\/p>\n<p>\u2013 T\u0259bii ki, probleml\u0259r var v\u0259 b\u0259z\u0259n bu ciddi xarakter al\u0131r. Yalan, b\u00f6htan, \u015fantaj, t\u0259hqir xarakterli informasiyalar sosial median\u0131n \u201cb\u0259z\u0259yin\u0259\u201d \u00e7evrilib. B\u0259z\u0259n bu c\u00fcr informasiyalar d\u00f6vl\u0259tin t\u0259hl\u00fck\u0259sizliyin\u0259 bel\u0259 t\u0259hdid yarad\u0131r. Ona g\u00f6r\u0259 d\u0259 bu istiqam\u0259td\u0259 daha effektiv add\u0131mlar atmaq laz\u0131md\u0131r. M\u0259s\u0259l\u0259n, m\u0259n fikirl\u0259\u015fir\u0259m ki, bu c\u00fcr dezinformasiya il\u0259 m\u00fcbariz\u0259 aparmaq \u00fc\u00e7\u00fcn d\u00f6vl\u0259t qurumlar\u0131n\u0131n media m\u0259rk\u0259zl\u0259ri il\u0259 pe\u015f\u0259kar media aras\u0131nda operativ f\u0259aliyy\u0259t mexanizmi olmal\u0131d\u0131r. T\u0259\u0259ss\u00fcf ki, bu operativlik yoxdur. H\u0259r hans\u0131 bir nazirliy\u0259 aid ba\u015f ver\u0259n hadis\u0259 sosial mediada \u00e7irkli v\u0259 yalan formatda yay\u0131l\u0131b al\u0259m\u0259 s\u0259s salandan, hadis\u0259 maraql\u0131 q\u00fcvv\u0259l\u0259r t\u0259r\u0259find\u0259n \u00f6z ist\u0259dikl\u0259ri formada t\u0259qdim olunandan sonra h\u0259min qurum t\u0259r\u0259find\u0259n gecikmi\u015f q\u0131sa c\u00fcml\u0259l\u0259rl\u0259 fikir bildirilir. V\u0259 bu m\u0259lumat art\u0131q s\u0131ravi v\u0259t\u0259nda\u015f\u0131n diqq\u0259tini c\u0259lb etmir. Amma hadis\u0259 ba\u015f ver\u0259nd\u0259n d\u0259rhal sonra dol\u011fun m\u0259lumat pe\u015f\u0259kar v\u0259 sosial mediada yay\u0131larsa, feyk x\u0259b\u0259rin t\u0259siri minimuma en\u0259r. T\u0259\u0259ss\u00fcf ki, bu m\u0259s\u0259l\u0259d\u0259 d\u00f6vl\u0259t qurumlar\u0131 v\u0259 pe\u015f\u0259kar media h\u0259mi\u015f\u0259 uduzur.<\/p>\n<p><img loading=\"lazy\" class=\"alignnone wp-image-758946\" style=\"box-sizing: inherit; border: 0px none; vertical-align: middle; max-width: 100%; height: auto; padding: 0px; font: inherit; margin: 5px 0px 1.25em;\" title=\"Sosial median\u0131n \u201cB\u018fZ\u018fY\u0130\u201d: Az\u0259rbaycan\u0131n da \u00fczl\u0259\u015fdiyi QLOBAL PROBLEM - &lt;span style=color:red&gt;M\u00dcSAH\u0130B\u018f + FOTO 7\" src=\"https:\/\/cdn.medianews.az\/2024\/12\/1_srmlbtz77o0g2jca0tub2q-375x214.jpg\" sizes=\"(max-width: 1691px) 100vw, 1691px\" srcset=\"\/\/cdn.medianews.az\/2024\/12\/1_srmlbtz77o0g2jca0tub2q-375x214.jpg 375w, \/\/cdn.medianews.az\/2024\/12\/1_srmlbtz77o0g2jca0tub2q-1024x585.jpg 1024w, \/\/cdn.medianews.az\/2024\/12\/1_srmlbtz77o0g2jca0tub2q-125x71.jpg 125w, \/\/cdn.medianews.az\/2024\/12\/1_srmlbtz77o0g2jca0tub2q-768x439.jpg 768w, \/\/cdn.medianews.az\/2024\/12\/1_srmlbtz77o0g2jca0tub2q.jpg 1400w\" alt=\"Sosial median\u0131n \u201cB\u018fZ\u018fY\u0130\u201d: Az\u0259rbaycan\u0131n da \u00fczl\u0259\u015fdiyi QLOBAL PROBLEM - &lt;span style=color:red&gt;M\u00dcSAH\u0130B\u018f + FOTO\" width=\"700\" height=\"399\" data-pin-no-hover=\"true\" \/><\/p>\n<p><strong>\u2013 Media savadl\u0131l\u0131\u011f\u0131n\u0131n d\u0259rinl\u0259\u015fm\u0259si, m\u0259suliyy\u0259t hissinin art\u0131r\u0131lmas\u0131 \u00fc\u00e7\u00fcn daha hans\u0131 add\u0131mlar at\u0131lmal\u0131d\u0131r?<\/strong><\/p>\n<p>\u2013 Media savadl\u0131l\u0131\u011f\u0131n\u0131n art\u0131r\u0131lmas\u0131 istiqam\u0259tind\u0259 konkret, tutal\u0131m t\u0259k MED\u0130A Agentliyi, M\u0259tbuat \u015euras\u0131 yox, bayaq dediyim kimi, d\u00f6vl\u0259t qurumlar\u0131n\u0131n m\u0259tbuat xidm\u0259tl\u0259ri, pe\u015f\u0259kar media ciddi i\u015f aparmal\u0131d\u0131r. Pe\u015f\u0259kar media sosial media \u00fcz\u0259rind\u0259 \u00f6z hegemonlu\u011funu b\u0259rpa etm\u0259lidir. V\u0259t\u0259nda\u015flar \u00fc\u00e7\u00fcn n\u0259z\u0259rd\u0259 tutulan media savadl\u0131l\u0131\u011f\u0131 il\u0259 paralel, d\u00f6vl\u0259t qurumlar\u0131n\u0131n m\u0259tbuat xidm\u0259tl\u0259ri, pe\u015f\u0259kar jurnalistika il\u0259 m\u0259\u015f\u011ful olanlar \u00fc\u00e7\u00fcn informasiya savadl\u0131l\u0131\u011f\u0131 proqramlar\u0131n\u0131 da art\u0131rmaq, geni\u015fl\u0259ndirm\u0259k laz\u0131md\u0131r. Problemin k\u00f6k\u00fcnd\u0259 t\u0259k v\u0259t\u0259nda\u015f dayanm\u0131r, bayaq dediyim kimi, d\u00f6vl\u0259t qurumlar\u0131n\u0131n m\u0259tbuat xidm\u0259tl\u0259ri v\u0259 pe\u015f\u0259kar media da bu m\u0259s\u0259l\u0259d\u0259 m\u0259suliyy\u0259t da\u015f\u0131y\u0131r. M\u0259n dey\u0259rdim daha \u00e7ox m\u0259suliyy\u0259t da\u015f\u0131yan da m\u0259hz ikincil\u0259rdir.<\/p>\n","protected":false},"excerpt":{"rendered":"<p>Dekabr\u0131n 16-dan etibar\u0259n Az\u0259rbaycanda \u201cMedia Savadl\u0131l\u0131\u011f\u0131\u201d H\u0259ft\u0259sin\u0259 start verilib. Median\u0131n \u0130nki\u015faf\u0131 Agentliyinin t\u0259\u015fkilat\u00e7\u0131l\u0131\u011f\u0131, aidiyy\u0259ti d\u00f6vl\u0259t v\u0259 \u00f6z\u0259l qurumlar\u0131n, akademik m\u00fc\u0259ssis\u0259l\u0259rin, media v\u0259 v\u0259t\u0259nda\u015f c\u0259miyy\u0259ti institutlar\u0131n\u0131n t\u0259r\u0259fda\u015fl\u0131\u011f\u0131 il\u0259 bu h\u0259ft\u0259 \u0259rzind\u0259 \u00e7oxsayl\u0131 maarifl\u0259ndirm\u0259 t\u0259dbirl\u0259ri h\u0259yata ke\u00e7irilib. Buna misal olaraq, \u0259n\u0259n\u0259vi \u201cMedia Savadl\u0131l\u0131\u011f\u0131\u201d Konfrans\u0131n\u0131n t\u0259\u015fkil olunmas\u0131n\u0131, h\u0259m\u00e7inin mediada v\u0259 sosial \u015f\u0259b\u0259k\u0259l\u0259rd\u0259 media kampaniyalar\u0131n\u0131n icras\u0131n\u0131, podkastlar\u0131n yay\u0131m\u0131n\u0131, Bak\u0131 v\u0259 regionlarda f\u0259rqli h\u0259d\u0259f qruplar\u0131na y\u00f6n\u0259l\u0259n t\u0259liml\u0259rin, vebinar v\u0259 mediaturlar\u0131n t\u0259\u015fkilini g\u00f6st\u0259rm\u0259k olar. \u00dcmumi i\u015f\u0259 t\u00f6hf\u0259 verm\u0259k \u00fc\u00e7\u00fcn\u00a0Medianews.az\u00a0sayt\u0131 da\u00a0Media savadl\u0131l\u0131\u011f\u0131\u00a0m\u00f6vzusunda\u00a0m\u00fcxt\u0259lif\u00a0yaz\u0131lar\u00a0haz\u0131rlay\u0131b. \u0130ndi is\u0259\u00a0telejurnalist, \u201cVisiontv.az\u201d sayt\u0131n\u0131n ba\u015f redaktoru \u015e\u00f6hr\u0259t Eld\u0259nizl\u0259 m\u00fcsahib\u0259ni\u00a0t\u0259qdim edirik. \u2013 Media savadl\u0131l\u0131\u011f\u0131 dey\u0259nd\u0259 n\u0259&hellip;<\/p>\n","protected":false},"author":2,"featured_media":775856,"comment_status":"closed","ping_status":"closed","sticky":false,"template":"","format":"standard","meta":{"om_disable_all_campaigns":false,"_monsterinsights_skip_tracking":false,"_monsterinsights_sitenote_active":false,"_monsterinsights_sitenote_note":"","_monsterinsights_sitenote_category":0},"categories":[1],"tags":[],"aioseo_notices":[],"gutentor_comment":0,"rttpg_featured_image_url":{"full":["https:\/\/arantv.az\/wp-content\/uploads\/2024\/12\/7a4042ba683ff9db53bffc942dff3383.jpg",870,500,false],"landscape":["https:\/\/arantv.az\/wp-content\/uploads\/2024\/12\/7a4042ba683ff9db53bffc942dff3383.jpg",870,500,false],"portraits":["https:\/\/arantv.az\/wp-content\/uploads\/2024\/12\/7a4042ba683ff9db53bffc942dff3383.jpg",870,500,false],"thumbnail":["https:\/\/arantv.az\/wp-content\/uploads\/2024\/12\/7a4042ba683ff9db53bffc942dff3383-500x280.jpg",500,280,true],"medium":["https:\/\/arantv.az\/wp-content\/uploads\/2024\/12\/7a4042ba683ff9db53bffc942dff3383-635x365.jpg",635,365,true],"large":["https:\/\/arantv.az\/wp-content\/uploads\/2024\/12\/7a4042ba683ff9db53bffc942dff3383-840x483.jpg",640,368,true],"1536x1536":["https:\/\/arantv.az\/wp-content\/uploads\/2024\/12\/7a4042ba683ff9db53bffc942dff3383.jpg",870,500,false],"2048x2048":["https:\/\/arantv.az\/wp-content\/uploads\/2024\/12\/7a4042ba683ff9db53bffc942dff3383.jpg",870,500,false],"post-thumbnail":["https:\/\/arantv.az\/wp-content\/uploads\/2024\/12\/7a4042ba683ff9db53bffc942dff3383-240x172.jpg",240,172,true],"advps-thumb-one":["https:\/\/arantv.az\/wp-content\/uploads\/2024\/12\/7a4042ba683ff9db53bffc942dff3383.jpg",870,500,false]},"rttpg_author":{"display_name":"V\u00fcsal Rafiqo\u011flu","author_link":"https:\/\/arantv.az\/?author=2"},"rttpg_comment":0,"rttpg_category":"<a href=\"https:\/\/arantv.az\/?cat=1\" rel=\"category\">C\u0259miyy\u0259t<\/a>","rttpg_excerpt":"Dekabr\u0131n 16-dan etibar\u0259n Az\u0259rbaycanda \u201cMedia Savadl\u0131l\u0131\u011f\u0131\u201d H\u0259ft\u0259sin\u0259 start verilib. Median\u0131n \u0130nki\u015faf\u0131 Agentliyinin t\u0259\u015fkilat\u00e7\u0131l\u0131\u011f\u0131, aidiyy\u0259ti d\u00f6vl\u0259t v\u0259 \u00f6z\u0259l qurumlar\u0131n, akademik m\u00fc\u0259ssis\u0259l\u0259rin, media v\u0259 v\u0259t\u0259nda\u015f c\u0259miyy\u0259ti institutlar\u0131n\u0131n t\u0259r\u0259fda\u015fl\u0131\u011f\u0131 il\u0259 bu h\u0259ft\u0259 \u0259rzind\u0259 \u00e7oxsayl\u0131 maarifl\u0259ndirm\u0259 t\u0259dbirl\u0259ri h\u0259yata ke\u00e7irilib. Buna misal olaraq, \u0259n\u0259n\u0259vi \u201cMedia Savadl\u0131l\u0131\u011f\u0131\u201d Konfrans\u0131n\u0131n t\u0259\u015fkil olunmas\u0131n\u0131, h\u0259m\u00e7inin mediada v\u0259 sosial \u015f\u0259b\u0259k\u0259l\u0259rd\u0259 media kampaniyalar\u0131n\u0131n icras\u0131n\u0131, podkastlar\u0131n yay\u0131m\u0131n\u0131, Bak\u0131&hellip;","_links":{"self":[{"href":"https:\/\/arantv.az\/index.php?rest_route=\/wp\/v2\/posts\/775855"}],"collection":[{"href":"https:\/\/arantv.az\/index.php?rest_route=\/wp\/v2\/posts"}],"about":[{"href":"https:\/\/arantv.az\/index.php?rest_route=\/wp\/v2\/types\/post"}],"author":[{"embeddable":true,"href":"https:\/\/arantv.az\/index.php?rest_route=\/wp\/v2\/users\/2"}],"replies":[{"embeddable":true,"href":"https:\/\/arantv.az\/index.php?rest_route=%2Fwp%2Fv2%2Fcomments&post=775855"}],"version-history":[{"count":1,"href":"https:\/\/arantv.az\/index.php?rest_route=\/wp\/v2\/posts\/775855\/revisions"}],"predecessor-version":[{"id":775857,"href":"https:\/\/arantv.az\/index.php?rest_route=\/wp\/v2\/posts\/775855\/revisions\/775857"}],"wp:featuredmedia":[{"embeddable":true,"href":"https:\/\/arantv.az\/index.php?rest_route=\/wp\/v2\/media\/775856"}],"wp:attachment":[{"href":"https:\/\/arantv.az\/index.php?rest_route=%2Fwp%2Fv2%2Fmedia&parent=775855"}],"wp:term":[{"taxonomy":"category","embeddable":true,"href":"https:\/\/arantv.az\/index.php?rest_route=%2Fwp%2Fv2%2Fcategories&post=775855"},{"taxonomy":"post_tag","embeddable":true,"href":"https:\/\/arantv.az\/index.php?rest_route=%2Fwp%2Fv2%2Ftags&post=775855"}],"curies":[{"name":"wp","href":"https:\/\/api.w.org\/{rel}","templated":true}]}}