{"id":775919,"date":"2024-12-20T20:39:35","date_gmt":"2024-12-20T16:39:35","guid":{"rendered":"https:\/\/arantv.az\/?p=775919"},"modified":"2024-12-20T20:39:35","modified_gmt":"2024-12-20T16:39:35","slug":"az%c9%99rbaycan-qdi%c9%99t-%c9%99-s%c9%99drlik-ed%c9%99c%c9%99k","status":"publish","type":"post","link":"https:\/\/arantv.az\/?p=775919","title":{"rendered":"Az\u0259rbaycan QD\u0130\u018fT-\u0259 s\u0259drlik ed\u0259c\u0259k"},"content":{"rendered":"<p><strong>Bu g\u00fcn Qara D\u0259niz \u0130qtisadi \u018fm\u0259kda\u015fl\u0131q T\u0259\u015fkilat\u0131n\u0131n (QD\u0130\u018fT) Xarici \u0130\u015fl\u0259r Nazirl\u0259ri \u015euras\u0131n\u0131n 49-cu iclas\u0131 ke\u00e7irilib.<\/strong><\/p>\n<p>Az\u0259rbaycan Xarici \u0130\u015fl\u0259r Nazirliyin m\u0259lumat\u0131na g\u00f6r\u0259, iclasda Az\u0259rbaycan t\u0259r\u0259find\u0259n xarici i\u015fl\u0259r nazirinin m\u00fcavini Yal\u00e7\u0131n R\u0259fiyev i\u015ftirak v\u0259 \u00e7\u0131x\u0131\u015f edib.<\/p>\n<p>Yal\u00e7\u0131n R\u0259fiyev \u00e7\u0131x\u0131\u015f\u0131nda Az\u0259rbaycan\u0131n QD\u0130\u018fT-in t\u0259sis\u00e7i \u00fczv\u00fc kimi T\u0259\u015fkilat \u00e7\u0259r\u00e7iv\u0259sind\u0259 qar\u015f\u0131l\u0131ql\u0131 maraqlara \u0259saslanan \u0259m\u0259kda\u015fl\u0131\u011f\u0131n g\u00fccl\u0259ndirilm\u0259sin\u0259 daim t\u00f6hf\u0259 verdiyini v\u0259 \u00f6lk\u0259mizin T\u0259\u015fkilat\u0131n daha n\u0259tic\u0259y\u00f6n\u00fcml\u00fc v\u0259 praktik \u0259m\u0259kda\u015fl\u0131q platformas\u0131na \u00e7evrilm\u0259si z\u0259rur\u0259tini d\u0259st\u0259kl\u0259diyini vur\u011fulay\u0131b.<\/p>\n<p>Az\u0259rbaycan\u0131n Orta D\u0259hliz vasit\u0259sil\u0259 regionun tranzit potensial\u0131n\u0131 art\u0131rmaq v\u0259 t\u0259hl\u00fck\u0259siz n\u0259qliyyat mar\u015frutlar\u0131 yaratmaq istiqam\u0259tind\u0259 f\u0259aliyy\u0259ti, ya\u015f\u0131l enerji sah\u0259sind\u0259 Avropaya ixrac\u0131n art\u0131r\u0131lmas\u0131 v\u0259 Qara D\u0259niz Sualt\u0131 Kabel layih\u0259si vasit\u0259sil\u0259 enerji \u00f6t\u00fcr\u00fclm\u0259si il\u0259 ba\u011fl\u0131 \u0259ld\u0259 olunan nailiyy\u0259tl\u0259rd\u0259n b\u0259hs olunub.<\/p>\n<p>Cari ilin 11-23 noyabr tarixl\u0259rind\u0259 Bak\u0131da ke\u00e7irilmi\u015f Birl\u0259\u015fmi\u015f Mill\u0259tl\u0259r T\u0259\u015fkilat\u0131n\u0131n \u0130qlim D\u0259yi\u015fm\u0259l\u0259ri \u00fczr\u0259 \u00c7\u0259r\u00e7iv\u0259 Konvensiyas\u0131n\u0131n 29-cu T\u0259r\u0259fl\u0259r Konfrans\u0131 (COP29) \u00e7\u0259r\u00e7iv\u0259sind\u0259 Az\u0259rbaycan\u0131n beyn\u0259lxalq iqlim g\u00fcnd\u0259liyinin ir\u0259lil\u0259dilm\u0259sind\u0259 \u0259ld\u0259 etdiyi m\u00fch\u00fcm u\u011furlar, x\u00fcsus\u0259n d\u0259 iqlim maliyy\u0259sinin art\u0131r\u0131lmas\u0131 v\u0259 karbon bazarlar\u0131na dair raz\u0131la\u015fmalarla ba\u011fl\u0131 ir\u0259lil\u0259yi\u015fl\u0259r diqq\u0259t\u0259 \u00e7atd\u0131r\u0131l\u0131b.<\/p>\n<p>2025-ci ild\u0259 QD\u0130\u018fT \u00e7\u0259r\u00e7iv\u0259sind\u0259 i\u015f\u00e7i qruplar\u0131n\u0131n f\u0259aliyy\u0259tinin g\u00fccl\u0259ndirilm\u0259si v\u0259 \u00fczv d\u00f6vl\u0259tl\u0259r aras\u0131nda sah\u0259vi \u0259m\u0259kda\u015fl\u0131\u011f\u0131n geni\u015fl\u0259ndirilm\u0259sinin Az\u0259rbaycan\u0131n \u0259sas prioritetl\u0259rd\u0259n biri olaca\u011f\u0131 qeyd olunub, bu istiqam\u0259td\u0259 \u00fczv d\u00f6vl\u0259tl\u0259r birg\u0259 qar\u015f\u0131l\u0131ql\u0131 f\u0259aliyy\u0259t\u0259 d\u0259v\u0259t edilib.<\/p>\n<p>T\u0259dbirin yekununda iclas\u0131n protokolu, bir s\u0131ra vacib q\u0259rarlar\u0131n q\u0259bulu il\u0259 yana\u015f\u0131, 2025-ci ilin birinci yar\u0131s\u0131 \u00fc\u00e7\u00fcn s\u0259drlik Az\u0259rbaycan Respublikas\u0131na t\u0259hvil verilib.<\/p>\n","protected":false},"excerpt":{"rendered":"<p>Bu g\u00fcn Qara D\u0259niz \u0130qtisadi \u018fm\u0259kda\u015fl\u0131q T\u0259\u015fkilat\u0131n\u0131n (QD\u0130\u018fT) Xarici \u0130\u015fl\u0259r Nazirl\u0259ri \u015euras\u0131n\u0131n 49-cu iclas\u0131 ke\u00e7irilib. Az\u0259rbaycan Xarici \u0130\u015fl\u0259r Nazirliyin m\u0259lumat\u0131na g\u00f6r\u0259, iclasda Az\u0259rbaycan t\u0259r\u0259find\u0259n xarici i\u015fl\u0259r nazirinin m\u00fcavini Yal\u00e7\u0131n R\u0259fiyev i\u015ftirak v\u0259 \u00e7\u0131x\u0131\u015f edib. Yal\u00e7\u0131n R\u0259fiyev \u00e7\u0131x\u0131\u015f\u0131nda Az\u0259rbaycan\u0131n QD\u0130\u018fT-in t\u0259sis\u00e7i \u00fczv\u00fc kimi T\u0259\u015fkilat \u00e7\u0259r\u00e7iv\u0259sind\u0259 qar\u015f\u0131l\u0131ql\u0131 maraqlara \u0259saslanan \u0259m\u0259kda\u015fl\u0131\u011f\u0131n g\u00fccl\u0259ndirilm\u0259sin\u0259 daim t\u00f6hf\u0259 verdiyini v\u0259 \u00f6lk\u0259mizin T\u0259\u015fkilat\u0131n daha n\u0259tic\u0259y\u00f6n\u00fcml\u00fc v\u0259 praktik \u0259m\u0259kda\u015fl\u0131q platformas\u0131na \u00e7evrilm\u0259si z\u0259rur\u0259tini d\u0259st\u0259kl\u0259diyini vur\u011fulay\u0131b. Az\u0259rbaycan\u0131n Orta D\u0259hliz vasit\u0259sil\u0259 regionun tranzit potensial\u0131n\u0131 art\u0131rmaq v\u0259 t\u0259hl\u00fck\u0259siz n\u0259qliyyat mar\u015frutlar\u0131 yaratmaq istiqam\u0259tind\u0259 f\u0259aliyy\u0259ti, ya\u015f\u0131l enerji sah\u0259sind\u0259 Avropaya ixrac\u0131n art\u0131r\u0131lmas\u0131 v\u0259 Qara D\u0259niz Sualt\u0131&hellip;<\/p>\n","protected":false},"author":2,"featured_media":775920,"comment_status":"closed","ping_status":"closed","sticky":false,"template":"","format":"standard","meta":{"om_disable_all_campaigns":false,"_monsterinsights_skip_tracking":false,"_monsterinsights_sitenote_active":false,"_monsterinsights_sitenote_note":"","_monsterinsights_sitenote_category":0},"categories":[1],"tags":[],"aioseo_notices":[],"gutentor_comment":0,"rttpg_featured_image_url":{"full":["https:\/\/arantv.az\/wp-content\/uploads\/2024\/12\/7fb86a2e12e4b0824b1872ff1cae93fe.jpg",870,500,false],"landscape":["https:\/\/arantv.az\/wp-content\/uploads\/2024\/12\/7fb86a2e12e4b0824b1872ff1cae93fe.jpg",870,500,false],"portraits":["https:\/\/arantv.az\/wp-content\/uploads\/2024\/12\/7fb86a2e12e4b0824b1872ff1cae93fe.jpg",870,500,false],"thumbnail":["https:\/\/arantv.az\/wp-content\/uploads\/2024\/12\/7fb86a2e12e4b0824b1872ff1cae93fe-500x280.jpg",500,280,true],"medium":["https:\/\/arantv.az\/wp-content\/uploads\/2024\/12\/7fb86a2e12e4b0824b1872ff1cae93fe-635x365.jpg",635,365,true],"large":["https:\/\/arantv.az\/wp-content\/uploads\/2024\/12\/7fb86a2e12e4b0824b1872ff1cae93fe-840x483.jpg",640,368,true],"1536x1536":["https:\/\/arantv.az\/wp-content\/uploads\/2024\/12\/7fb86a2e12e4b0824b1872ff1cae93fe.jpg",870,500,false],"2048x2048":["https:\/\/arantv.az\/wp-content\/uploads\/2024\/12\/7fb86a2e12e4b0824b1872ff1cae93fe.jpg",870,500,false],"post-thumbnail":["https:\/\/arantv.az\/wp-content\/uploads\/2024\/12\/7fb86a2e12e4b0824b1872ff1cae93fe-240x172.jpg",240,172,true],"advps-thumb-one":["https:\/\/arantv.az\/wp-content\/uploads\/2024\/12\/7fb86a2e12e4b0824b1872ff1cae93fe.jpg",870,500,false]},"rttpg_author":{"display_name":"V\u00fcsal Rafiqo\u011flu","author_link":"https:\/\/arantv.az\/?author=2"},"rttpg_comment":0,"rttpg_category":"<a href=\"https:\/\/arantv.az\/?cat=1\" rel=\"category\">C\u0259miyy\u0259t<\/a>","rttpg_excerpt":"Bu g\u00fcn Qara D\u0259niz \u0130qtisadi \u018fm\u0259kda\u015fl\u0131q T\u0259\u015fkilat\u0131n\u0131n (QD\u0130\u018fT) Xarici \u0130\u015fl\u0259r Nazirl\u0259ri \u015euras\u0131n\u0131n 49-cu iclas\u0131 ke\u00e7irilib. Az\u0259rbaycan Xarici \u0130\u015fl\u0259r Nazirliyin m\u0259lumat\u0131na g\u00f6r\u0259, iclasda Az\u0259rbaycan t\u0259r\u0259find\u0259n xarici i\u015fl\u0259r nazirinin m\u00fcavini Yal\u00e7\u0131n R\u0259fiyev i\u015ftirak v\u0259 \u00e7\u0131x\u0131\u015f edib. Yal\u00e7\u0131n R\u0259fiyev \u00e7\u0131x\u0131\u015f\u0131nda Az\u0259rbaycan\u0131n QD\u0130\u018fT-in t\u0259sis\u00e7i \u00fczv\u00fc kimi T\u0259\u015fkilat \u00e7\u0259r\u00e7iv\u0259sind\u0259 qar\u015f\u0131l\u0131ql\u0131 maraqlara \u0259saslanan \u0259m\u0259kda\u015fl\u0131\u011f\u0131n g\u00fccl\u0259ndirilm\u0259sin\u0259 daim t\u00f6hf\u0259 verdiyini v\u0259 \u00f6lk\u0259mizin T\u0259\u015fkilat\u0131n&hellip;","_links":{"self":[{"href":"https:\/\/arantv.az\/index.php?rest_route=\/wp\/v2\/posts\/775919"}],"collection":[{"href":"https:\/\/arantv.az\/index.php?rest_route=\/wp\/v2\/posts"}],"about":[{"href":"https:\/\/arantv.az\/index.php?rest_route=\/wp\/v2\/types\/post"}],"author":[{"embeddable":true,"href":"https:\/\/arantv.az\/index.php?rest_route=\/wp\/v2\/users\/2"}],"replies":[{"embeddable":true,"href":"https:\/\/arantv.az\/index.php?rest_route=%2Fwp%2Fv2%2Fcomments&post=775919"}],"version-history":[{"count":1,"href":"https:\/\/arantv.az\/index.php?rest_route=\/wp\/v2\/posts\/775919\/revisions"}],"predecessor-version":[{"id":775921,"href":"https:\/\/arantv.az\/index.php?rest_route=\/wp\/v2\/posts\/775919\/revisions\/775921"}],"wp:featuredmedia":[{"embeddable":true,"href":"https:\/\/arantv.az\/index.php?rest_route=\/wp\/v2\/media\/775920"}],"wp:attachment":[{"href":"https:\/\/arantv.az\/index.php?rest_route=%2Fwp%2Fv2%2Fmedia&parent=775919"}],"wp:term":[{"taxonomy":"category","embeddable":true,"href":"https:\/\/arantv.az\/index.php?rest_route=%2Fwp%2Fv2%2Fcategories&post=775919"},{"taxonomy":"post_tag","embeddable":true,"href":"https:\/\/arantv.az\/index.php?rest_route=%2Fwp%2Fv2%2Ftags&post=775919"}],"curies":[{"name":"wp","href":"https:\/\/api.w.org\/{rel}","templated":true}]}}