{"id":775922,"date":"2024-12-20T20:40:15","date_gmt":"2024-12-20T16:40:15","guid":{"rendered":"https:\/\/arantv.az\/?p=775922"},"modified":"2024-12-20T20:40:15","modified_gmt":"2024-12-20T16:40:15","slug":"erm%c9%99nistanin-plani-ifsa-oldu-deputatdan-sok-aciqlama","status":"publish","type":"post","link":"https:\/\/arantv.az\/?p=775922","title":{"rendered":"Erm\u0259nistan\u0131n plan\u0131 if\u015fa oldu \u2013Deputatdan \u015eOK A\u00c7IQLAMA"},"content":{"rendered":"<p>\u201c\u018fslind\u0259 g\u00f6r\u00fcn\u0259n odur ki, Erm\u0259nistan bu g\u00fcn s\u00fclh m\u00fcqavil\u0259sinin imzalanmas\u0131n\u0131 ist\u0259mir\u201d.<\/p>\n<p>Yenisabah.az x\u0259b\u0259r verir ki, bu s\u00f6zl\u0259ri deputat Ceyhun M\u0259mm\u0259dov bildirib. O, fikirl\u0259rin\u0259 bel\u0259 davam edib:<\/p>\n<p>\u201cPrezident \u0130lham \u018fliyevin h\u0259min m\u00fcsahib\u0259sind\u0259 ba\u015fqa iki m\u0259qam da var idi: Erm\u0259nistan konstitusiyas\u0131na edil\u0259n d\u0259yi\u015fiklik v\u0259 AT\u018fT il\u0259 ba\u011fl\u0131 m\u0259s\u0259l\u0259. Orada \u00e7ox haql\u0131 bir sual ortaya \u00e7\u0131xd\u0131. \u018fg\u0259r Erm\u0259nistan s\u00fclh m\u00fcqavil\u0259si imzalamaq ist\u0259yirs\u0259, bu m\u0259s\u0259l\u0259 h\u0259ll olunubsa, Erm\u0259nistan Az\u0259rbaycan\u0131n \u0259razi b\u00fct\u00f6vl\u00fcy\u00fcn\u00fc tan\u0131y\u0131rsa, n\u0259 \u00fc\u00e7\u00fcn AT\u018fT-in Minsk Qrupunun f\u0259aliyy\u0259tinin davam etm\u0259sind\u0259 h\u0259l\u0259 d\u0259 israrl\u0131d\u0131r? Erm\u0259nistan\u0131n hans\u0131 m\u0259qs\u0259di var? \u0130kinci bir sual, Erm\u0259nistan\u0131n konstitusiyas\u0131nda bu m\u0259s\u0259l\u0259 oldu\u011fu halda hans\u0131 s\u00fclh m\u00fcqavil\u0259sind\u0259n s\u00f6hb\u0259t ged\u0259 bil\u0259r? Az\u0259rbaycan\u0131n bununla ba\u011fl\u0131 m\u00f6vqeyi beyn\u0259lxalq h\u00fcquqa \u0259saslan\u0131r, bizim \u015f\u0259rtl\u0259rimiz \u00e7ox d\u0259qiqdir. Erm\u0259nistan bunlar\u0131 yerin\u0259 yetirm\u0259lidir.<\/p>\n<p>Pa\u015finyan bir m\u00fcdd\u0259t bundan \u0259vv\u0259l qeyd etdi ki, bizim konstitusiyam\u0131zda Az\u0259rbaycana qar\u015f\u0131 \u0259razi iddias\u0131 yoxdur. Ard\u0131nca art\u0131q bu b\u0259yanatlar verildi\u201d.<\/p>\n<p>Mill\u0259t v\u0259kili onu da vur\u011fulay\u0131b ki, Erm\u0259nistan\u0131n h\u0259r hans\u0131 g\u0259rginlik yaratma c\u0259hdi \u00f6z\u00fcn\u0259 problem yaradacaq:<\/p>\n<p>\u201cBiz Qazax istiqam\u0259tind\u0259 Az\u0259rbaycan v\u0259 Erm\u0259nistan t\u0259r\u0259find\u0259n intensiv bir ne\u00e7\u0259 g\u00f6r\u00fc\u015f ke\u00e7irdik. S\u00fcr\u0259tli bir proses gedirdi. Niy\u0259 yenid\u0259n dayand\u0131? Bunun arxas\u0131nda n\u0259 durur? Bu prosesd\u0259 biz yen\u0259 bu fikr\u0259 g\u0259lirik ki, Erm\u0259nistan daha \u00e7ox imkanlar \u0259ld\u0259 etm\u0259y\u0259, Az\u0259rbaycana qar\u015f\u0131 t\u0259zyiql\u0259rin h\u0259yata ke\u00e7irilm\u0259sin\u0259 \u00e7al\u0131\u015f\u0131r. C\u0259nab prezidentin d\u0259 qeyd etdiyi kimi, Erm\u0259nistan bilm\u0259lidir ki, ist\u0259r silah als\u0131n, ist\u0259rs\u0259 d\u0259 Az\u0259rbaycana qar\u015f\u0131 hans\u0131sa add\u0131mlar ats\u0131n, bu he\u00e7 bir n\u0259tic\u0259 verm\u0259y\u0259c\u0259k. Erm\u0259nistan\u0131n silahlanmas\u0131 il\u0259 Az\u0259rbaycanla r\u0259qab\u0259t aparmas\u0131 qeyri-m\u00fcmk\u00fcnd\u00fcr. Ehtimallar ondan ibar\u0259tdir ki, Erm\u0259nistan hans\u0131sa d\u00f6vl\u0259tl\u0259rin t\u0259hriki il\u0259 m\u00fc\u0259yy\u0259n bir b\u00f6lg\u0259d\u0259 g\u0259rginlik yaratma\u011fa \u00e7al\u0131\u015fs\u0131n. Bu daha \u00e7ox Erm\u0259nistan\u0131n \u00f6z\u00fcn\u0259 problem yaradacaq\u201d.<\/p>\n","protected":false},"excerpt":{"rendered":"<p>\u201c\u018fslind\u0259 g\u00f6r\u00fcn\u0259n odur ki, Erm\u0259nistan bu g\u00fcn s\u00fclh m\u00fcqavil\u0259sinin imzalanmas\u0131n\u0131 ist\u0259mir\u201d. Yenisabah.az x\u0259b\u0259r verir ki, bu s\u00f6zl\u0259ri deputat Ceyhun M\u0259mm\u0259dov bildirib. O, fikirl\u0259rin\u0259 bel\u0259 davam edib: \u201cPrezident \u0130lham \u018fliyevin h\u0259min m\u00fcsahib\u0259sind\u0259 ba\u015fqa iki m\u0259qam da var idi: Erm\u0259nistan konstitusiyas\u0131na edil\u0259n d\u0259yi\u015fiklik v\u0259 AT\u018fT il\u0259 ba\u011fl\u0131 m\u0259s\u0259l\u0259. Orada \u00e7ox haql\u0131 bir sual ortaya \u00e7\u0131xd\u0131. \u018fg\u0259r Erm\u0259nistan s\u00fclh m\u00fcqavil\u0259si imzalamaq ist\u0259yirs\u0259, bu m\u0259s\u0259l\u0259 h\u0259ll olunubsa, Erm\u0259nistan Az\u0259rbaycan\u0131n \u0259razi b\u00fct\u00f6vl\u00fcy\u00fcn\u00fc tan\u0131y\u0131rsa, n\u0259 \u00fc\u00e7\u00fcn AT\u018fT-in Minsk Qrupunun f\u0259aliyy\u0259tinin davam etm\u0259sind\u0259 h\u0259l\u0259 d\u0259 israrl\u0131d\u0131r? Erm\u0259nistan\u0131n hans\u0131 m\u0259qs\u0259di var? \u0130kinci bir sual, Erm\u0259nistan\u0131n konstitusiyas\u0131nda bu m\u0259s\u0259l\u0259&hellip;<\/p>\n","protected":false},"author":2,"featured_media":775923,"comment_status":"closed","ping_status":"closed","sticky":false,"template":"","format":"standard","meta":{"om_disable_all_campaigns":false,"_monsterinsights_skip_tracking":false,"_monsterinsights_sitenote_active":false,"_monsterinsights_sitenote_note":"","_monsterinsights_sitenote_category":0},"categories":[19],"tags":[],"aioseo_notices":[],"gutentor_comment":0,"rttpg_featured_image_url":{"full":["https:\/\/arantv.az\/wp-content\/uploads\/2024\/12\/df835a876c63253fbb4d75b0aa5b923b.jpg",750,422,false],"landscape":["https:\/\/arantv.az\/wp-content\/uploads\/2024\/12\/df835a876c63253fbb4d75b0aa5b923b.jpg",750,422,false],"portraits":["https:\/\/arantv.az\/wp-content\/uploads\/2024\/12\/df835a876c63253fbb4d75b0aa5b923b.jpg",750,422,false],"thumbnail":["https:\/\/arantv.az\/wp-content\/uploads\/2024\/12\/df835a876c63253fbb4d75b0aa5b923b-500x280.jpg",500,280,true],"medium":["https:\/\/arantv.az\/wp-content\/uploads\/2024\/12\/df835a876c63253fbb4d75b0aa5b923b-649x365.jpg",649,365,true],"large":["https:\/\/arantv.az\/wp-content\/uploads\/2024\/12\/df835a876c63253fbb4d75b0aa5b923b.jpg",640,360,false],"1536x1536":["https:\/\/arantv.az\/wp-content\/uploads\/2024\/12\/df835a876c63253fbb4d75b0aa5b923b.jpg",750,422,false],"2048x2048":["https:\/\/arantv.az\/wp-content\/uploads\/2024\/12\/df835a876c63253fbb4d75b0aa5b923b.jpg",750,422,false],"post-thumbnail":["https:\/\/arantv.az\/wp-content\/uploads\/2024\/12\/df835a876c63253fbb4d75b0aa5b923b-240x172.jpg",240,172,true],"advps-thumb-one":["https:\/\/arantv.az\/wp-content\/uploads\/2024\/12\/df835a876c63253fbb4d75b0aa5b923b.jpg",750,422,false]},"rttpg_author":{"display_name":"V\u00fcsal Rafiqo\u011flu","author_link":"https:\/\/arantv.az\/?author=2"},"rttpg_comment":0,"rttpg_category":"<a href=\"https:\/\/arantv.az\/?cat=19\" rel=\"category\">G\u00fcnd\u0259m<\/a>","rttpg_excerpt":"\u201c\u018fslind\u0259 g\u00f6r\u00fcn\u0259n odur ki, Erm\u0259nistan bu g\u00fcn s\u00fclh m\u00fcqavil\u0259sinin imzalanmas\u0131n\u0131 ist\u0259mir\u201d. Yenisabah.az x\u0259b\u0259r verir ki, bu s\u00f6zl\u0259ri deputat Ceyhun M\u0259mm\u0259dov bildirib. O, fikirl\u0259rin\u0259 bel\u0259 davam edib: \u201cPrezident \u0130lham \u018fliyevin h\u0259min m\u00fcsahib\u0259sind\u0259 ba\u015fqa iki m\u0259qam da var idi: Erm\u0259nistan konstitusiyas\u0131na edil\u0259n d\u0259yi\u015fiklik v\u0259 AT\u018fT il\u0259 ba\u011fl\u0131 m\u0259s\u0259l\u0259. Orada \u00e7ox haql\u0131 bir sual ortaya \u00e7\u0131xd\u0131. \u018fg\u0259r Erm\u0259nistan&hellip;","_links":{"self":[{"href":"https:\/\/arantv.az\/index.php?rest_route=\/wp\/v2\/posts\/775922"}],"collection":[{"href":"https:\/\/arantv.az\/index.php?rest_route=\/wp\/v2\/posts"}],"about":[{"href":"https:\/\/arantv.az\/index.php?rest_route=\/wp\/v2\/types\/post"}],"author":[{"embeddable":true,"href":"https:\/\/arantv.az\/index.php?rest_route=\/wp\/v2\/users\/2"}],"replies":[{"embeddable":true,"href":"https:\/\/arantv.az\/index.php?rest_route=%2Fwp%2Fv2%2Fcomments&post=775922"}],"version-history":[{"count":1,"href":"https:\/\/arantv.az\/index.php?rest_route=\/wp\/v2\/posts\/775922\/revisions"}],"predecessor-version":[{"id":775924,"href":"https:\/\/arantv.az\/index.php?rest_route=\/wp\/v2\/posts\/775922\/revisions\/775924"}],"wp:featuredmedia":[{"embeddable":true,"href":"https:\/\/arantv.az\/index.php?rest_route=\/wp\/v2\/media\/775923"}],"wp:attachment":[{"href":"https:\/\/arantv.az\/index.php?rest_route=%2Fwp%2Fv2%2Fmedia&parent=775922"}],"wp:term":[{"taxonomy":"category","embeddable":true,"href":"https:\/\/arantv.az\/index.php?rest_route=%2Fwp%2Fv2%2Fcategories&post=775922"},{"taxonomy":"post_tag","embeddable":true,"href":"https:\/\/arantv.az\/index.php?rest_route=%2Fwp%2Fv2%2Ftags&post=775922"}],"curies":[{"name":"wp","href":"https:\/\/api.w.org\/{rel}","templated":true}]}}