{"id":775925,"date":"2024-12-20T20:42:37","date_gmt":"2024-12-20T16:42:37","guid":{"rendered":"https:\/\/arantv.az\/?p=775925"},"modified":"2024-12-20T20:42:37","modified_gmt":"2024-12-20T16:42:37","slug":"iki-ovladi-olan-s%c9%99xsl%c9%99r-h%c9%99rbi-xidm%c9%99t%c9%99-cagirilmasin-t%c9%99klif","status":"publish","type":"post","link":"https:\/\/arantv.az\/?p=775925","title":{"rendered":"\u0130ki \u00f6vlad\u0131 olan \u015f\u0259xsl\u0259r h\u0259rbi xidm\u0259t\u0259 \u00e7a\u011f\u0131r\u0131lmas\u0131n &#8211; T\u018fKL\u0130F"},"content":{"rendered":"<p>\u0130ki \u00f6vlad\u0131 olan \u015f\u0259xsl\u0259rin h\u0259rbi xidm\u0259t\u0259 apar\u0131lmamas\u0131 t\u0259klif olunub.<\/p>\n<p><strong>ARANTV.AZ x\u0259b\u0259r verir ki, <\/strong>bunu Milli M\u0259clisin Regional m\u0259s\u0259l\u0259l\u0259r komit\u0259sinin s\u0259dri Siyavu\u015f Novruzov parlamentin dekabr\u0131n 20-d\u0259 ke\u00e7iril\u0259n plenar iclas\u0131nda \u201cH\u0259rbi v\u0259zif\u0259 v\u0259 h\u0259rbi xidm\u0259t haqq\u0131nda\u201d qanuna t\u0259klif edil\u0259n d\u0259yi\u015fiklikl\u0259rin ikinci oxunu\u015fda m\u00fczakir\u0259si zaman\u0131 deyib.<\/p>\n<p>O qeyd edib ki, haz\u0131rda \u00fc\u00e7 u\u015fa\u011f\u0131 olan \u015f\u0259xsl\u0259r h\u0259rbi xidm\u0259t\u0259 \u00e7a\u011f\u0131r\u0131lm\u0131r:<\/p>\n<p>\u201cBu m\u0259s\u0259l\u0259 iki u\u015fa\u011f\u0131 olan \u015f\u0259xsl\u0259r \u00fc\u00e7\u00fcn d\u0259 ke\u00e7\u0259rli olmal\u0131d\u0131r. D\u00fc\u015f\u00fcn\u00fcn ki, iki u\u015faq bir il alt\u0131 ay \u00f6z atas\u0131n\u0131 g\u00f6rm\u00fcr. Onsuz da h\u0259min \u015f\u0259xsl\u0259rin say\u0131 el\u0259 d\u0259 \u00e7ox deyil. G\u0259l\u0259c\u0259kd\u0259 bu m\u0259s\u0259l\u0259y\u0259 bax\u0131lmal\u0131 oldu\u011funu d\u00fc\u015f\u00fcn\u00fcr\u0259m\u201d.<\/p>\n","protected":false},"excerpt":{"rendered":"<p>\u0130ki \u00f6vlad\u0131 olan \u015f\u0259xsl\u0259rin h\u0259rbi xidm\u0259t\u0259 apar\u0131lmamas\u0131 t\u0259klif olunub. ARANTV.AZ x\u0259b\u0259r verir ki, bunu Milli M\u0259clisin Regional m\u0259s\u0259l\u0259l\u0259r komit\u0259sinin s\u0259dri Siyavu\u015f Novruzov parlamentin dekabr\u0131n 20-d\u0259 ke\u00e7iril\u0259n plenar iclas\u0131nda \u201cH\u0259rbi v\u0259zif\u0259 v\u0259 h\u0259rbi xidm\u0259t haqq\u0131nda\u201d qanuna t\u0259klif edil\u0259n d\u0259yi\u015fiklikl\u0259rin ikinci oxunu\u015fda m\u00fczakir\u0259si zaman\u0131 deyib. O qeyd edib ki, haz\u0131rda \u00fc\u00e7 u\u015fa\u011f\u0131 olan \u015f\u0259xsl\u0259r h\u0259rbi xidm\u0259t\u0259 \u00e7a\u011f\u0131r\u0131lm\u0131r: \u201cBu m\u0259s\u0259l\u0259 iki u\u015fa\u011f\u0131 olan \u015f\u0259xsl\u0259r \u00fc\u00e7\u00fcn d\u0259 ke\u00e7\u0259rli olmal\u0131d\u0131r. D\u00fc\u015f\u00fcn\u00fcn ki, iki u\u015faq bir il alt\u0131 ay \u00f6z atas\u0131n\u0131 g\u00f6rm\u00fcr. Onsuz da h\u0259min \u015f\u0259xsl\u0259rin say\u0131 el\u0259 d\u0259 \u00e7ox deyil. G\u0259l\u0259c\u0259kd\u0259 bu m\u0259s\u0259l\u0259y\u0259 bax\u0131lmal\u0131 oldu\u011funu&hellip;<\/p>\n","protected":false},"author":2,"featured_media":775926,"comment_status":"closed","ping_status":"closed","sticky":false,"template":"","format":"standard","meta":{"om_disable_all_campaigns":false,"_monsterinsights_skip_tracking":false,"_monsterinsights_sitenote_active":false,"_monsterinsights_sitenote_note":"","_monsterinsights_sitenote_category":0},"categories":[10],"tags":[],"aioseo_notices":[],"gutentor_comment":0,"rttpg_featured_image_url":{"full":["https:\/\/arantv.az\/wp-content\/uploads\/2024\/12\/2067e265173253049176332782611078995.jpg",975,540,false],"landscape":["https:\/\/arantv.az\/wp-content\/uploads\/2024\/12\/2067e265173253049176332782611078995.jpg",975,540,false],"portraits":["https:\/\/arantv.az\/wp-content\/uploads\/2024\/12\/2067e265173253049176332782611078995.jpg",975,540,false],"thumbnail":["https:\/\/arantv.az\/wp-content\/uploads\/2024\/12\/2067e265173253049176332782611078995-500x280.jpg",500,280,true],"medium":["https:\/\/arantv.az\/wp-content\/uploads\/2024\/12\/2067e265173253049176332782611078995-660x365.jpg",660,365,true],"large":["https:\/\/arantv.az\/wp-content\/uploads\/2024\/12\/2067e265173253049176332782611078995-840x465.jpg",640,354,true],"1536x1536":["https:\/\/arantv.az\/wp-content\/uploads\/2024\/12\/2067e265173253049176332782611078995.jpg",975,540,false],"2048x2048":["https:\/\/arantv.az\/wp-content\/uploads\/2024\/12\/2067e265173253049176332782611078995.jpg",975,540,false],"post-thumbnail":["https:\/\/arantv.az\/wp-content\/uploads\/2024\/12\/2067e265173253049176332782611078995-240x172.jpg",240,172,true],"advps-thumb-one":["https:\/\/arantv.az\/wp-content\/uploads\/2024\/12\/2067e265173253049176332782611078995.jpg",975,540,false]},"rttpg_author":{"display_name":"V\u00fcsal Rafiqo\u011flu","author_link":"https:\/\/arantv.az\/?author=2"},"rttpg_comment":0,"rttpg_category":"<a href=\"https:\/\/arantv.az\/?cat=10\" rel=\"category\">C\u0259bh\u0259d\u0259n X\u0259b\u0259r<\/a>","rttpg_excerpt":"\u0130ki \u00f6vlad\u0131 olan \u015f\u0259xsl\u0259rin h\u0259rbi xidm\u0259t\u0259 apar\u0131lmamas\u0131 t\u0259klif olunub. ARANTV.AZ x\u0259b\u0259r verir ki, bunu Milli M\u0259clisin Regional m\u0259s\u0259l\u0259l\u0259r komit\u0259sinin s\u0259dri Siyavu\u015f Novruzov parlamentin dekabr\u0131n 20-d\u0259 ke\u00e7iril\u0259n plenar iclas\u0131nda \u201cH\u0259rbi v\u0259zif\u0259 v\u0259 h\u0259rbi xidm\u0259t haqq\u0131nda\u201d qanuna t\u0259klif edil\u0259n d\u0259yi\u015fiklikl\u0259rin ikinci oxunu\u015fda m\u00fczakir\u0259si zaman\u0131 deyib. O qeyd edib ki, haz\u0131rda \u00fc\u00e7 u\u015fa\u011f\u0131 olan \u015f\u0259xsl\u0259r h\u0259rbi xidm\u0259t\u0259 \u00e7a\u011f\u0131r\u0131lm\u0131r:&hellip;","_links":{"self":[{"href":"https:\/\/arantv.az\/index.php?rest_route=\/wp\/v2\/posts\/775925"}],"collection":[{"href":"https:\/\/arantv.az\/index.php?rest_route=\/wp\/v2\/posts"}],"about":[{"href":"https:\/\/arantv.az\/index.php?rest_route=\/wp\/v2\/types\/post"}],"author":[{"embeddable":true,"href":"https:\/\/arantv.az\/index.php?rest_route=\/wp\/v2\/users\/2"}],"replies":[{"embeddable":true,"href":"https:\/\/arantv.az\/index.php?rest_route=%2Fwp%2Fv2%2Fcomments&post=775925"}],"version-history":[{"count":2,"href":"https:\/\/arantv.az\/index.php?rest_route=\/wp\/v2\/posts\/775925\/revisions"}],"predecessor-version":[{"id":775928,"href":"https:\/\/arantv.az\/index.php?rest_route=\/wp\/v2\/posts\/775925\/revisions\/775928"}],"wp:featuredmedia":[{"embeddable":true,"href":"https:\/\/arantv.az\/index.php?rest_route=\/wp\/v2\/media\/775926"}],"wp:attachment":[{"href":"https:\/\/arantv.az\/index.php?rest_route=%2Fwp%2Fv2%2Fmedia&parent=775925"}],"wp:term":[{"taxonomy":"category","embeddable":true,"href":"https:\/\/arantv.az\/index.php?rest_route=%2Fwp%2Fv2%2Fcategories&post=775925"},{"taxonomy":"post_tag","embeddable":true,"href":"https:\/\/arantv.az\/index.php?rest_route=%2Fwp%2Fv2%2Ftags&post=775925"}],"curies":[{"name":"wp","href":"https:\/\/api.w.org\/{rel}","templated":true}]}}