{"id":775933,"date":"2024-12-20T22:49:09","date_gmt":"2024-12-20T18:49:09","guid":{"rendered":"https:\/\/arantv.az\/?p=775933"},"modified":"2024-12-20T22:49:09","modified_gmt":"2024-12-20T18:49:09","slug":"t%c9%99cili-rusiya-atisk%c9%99s%c9%99-razilasdi-muharib%c9%99-bitir","status":"publish","type":"post","link":"https:\/\/arantv.az\/?p=775933","title":{"rendered":"T\u018fC\u0130L\u0130! Rusiya at\u0131\u015fk\u0259s\u0259 RAZILA\u015eDI &#8211; M\u00fcharib\u0259 bitir?"},"content":{"rendered":"<p><em><strong>\u201cAt\u0259\u015fk\u0259s dan\u0131\u015f\u0131qlar\u0131 il\u0259 ba\u011fl\u0131 Rusiyan\u0131 raz\u0131 salmaq m\u00fcmk\u00fcn olub\u201d.<\/strong><\/em><\/p>\n<p>\u201cReport\u201d x\u0259b\u0259r verir ki, bunu Macar\u0131stan\u0131n Ba\u015f naziri Viktor Orban deyib.<\/p>\n<p>O, s\u00f6yl\u0259yib ki, yeni il \u0259r\u0259f\u0259sind\u0259 \u0259ld\u0259 oluna bil\u0259c\u0259k at\u0259\u015fk\u0259s q\u0131sam\u00fcdd\u0259tli s\u00fclh \u00fc\u00e7\u00fcn \u00fcmidin oldu\u011funu g\u00f6st\u0259r\u0259c\u0259k: \u201cAt\u0259\u015fk\u0259s 2-3 g\u00fcn davam ed\u0259 bil\u0259r. Bununla ba\u011fl\u0131 Ukraynan\u0131n da m\u00f6vqeyini asanl\u0131qla d\u0259yi\u015fm\u0259si m\u00fcmk\u00fcnd\u00fcr\u201d.<\/p>\n<p>Orban, h\u0259m\u00e7inin qeyd edib ki, r\u0259smi Kiyev t\u0259xribatlara getm\u0259m\u0259lidir: \u201cM\u00fcharib\u0259 d\u00f6vr\u00fcnd\u0259 \u0259n vacib m\u0259s\u0259l\u0259 strateji soyuqqanl\u0131l\u0131qd\u0131r. Yeni il \u0259r\u0259f\u0259sind\u0259 at\u0259\u015fk\u0259s t\u0259klifi h\u0259l\u0259 d\u0259 g\u00fcnd\u0259md\u0259dir. Ukrayna Prezidenti Volodimir Zelenski bu t\u0259klifi q\u0259bul edib- etm\u0259m\u0259k bar\u0259d\u0259 m\u0259suliyy\u0259t da\u015f\u0131y\u0131r\u201d.<\/p>\n<p>Ba\u015f nazirin fikrinc\u0259, AB\u015e-da Donald Tramp\u0131n hakimiyy\u0259t d\u00f6vr\u00fcn\u00fcn ba\u015flanmas\u0131 Ukraynadak\u0131 m\u00fcharib\u0259y\u0259 d\u0259 t\u0259sir ed\u0259c\u0259k: \u201cOnun and i\u00e7m\u0259sin\u0259 t\u0259xmin\u0259n bir ay qal\u0131b. \u0130ndi \u0259h\u0259miyy\u0259tli m\u0259s\u0259l\u0259 and i\u00e7m\u0259y\u0259 q\u0259d\u0259r Tramp\u0131n ba\u015f\u0131na bir i\u015f g\u0259lm\u0259m\u0259sidir\u201d. Siyas\u0259t\u00e7inin s\u00f6zl\u0259rin\u0259 g\u00f6r\u0259, art\u0131q insanlar m\u00fcharib\u0259d\u0259n, sanksiyalardan bezibl\u0259r.<\/p>\n<p>Qeyd ed\u0259k ki, Zelenski daha \u0259vv\u0259l Macar\u0131stan\u0131n vasit\u0259\u00e7iliyind\u0259n imtina etdiyini bildirib. Xat\u0131rladaq ki, Rusiya il\u0259 Ukrayna aras\u0131nda geni\u015fmiqyasl\u0131 m\u00fcharib\u0259 2022-ci il fevral\u0131n 24-d\u0259 ba\u015flay\u0131b.<\/p>\n","protected":false},"excerpt":{"rendered":"<p>\u201cAt\u0259\u015fk\u0259s dan\u0131\u015f\u0131qlar\u0131 il\u0259 ba\u011fl\u0131 Rusiyan\u0131 raz\u0131 salmaq m\u00fcmk\u00fcn olub\u201d. \u201cReport\u201d x\u0259b\u0259r verir ki, bunu Macar\u0131stan\u0131n Ba\u015f naziri Viktor Orban deyib. O, s\u00f6yl\u0259yib ki, yeni il \u0259r\u0259f\u0259sind\u0259 \u0259ld\u0259 oluna bil\u0259c\u0259k at\u0259\u015fk\u0259s q\u0131sam\u00fcdd\u0259tli s\u00fclh \u00fc\u00e7\u00fcn \u00fcmidin oldu\u011funu g\u00f6st\u0259r\u0259c\u0259k: \u201cAt\u0259\u015fk\u0259s 2-3 g\u00fcn davam ed\u0259 bil\u0259r. Bununla ba\u011fl\u0131 Ukraynan\u0131n da m\u00f6vqeyini asanl\u0131qla d\u0259yi\u015fm\u0259si m\u00fcmk\u00fcnd\u00fcr\u201d. Orban, h\u0259m\u00e7inin qeyd edib ki, r\u0259smi Kiyev t\u0259xribatlara getm\u0259m\u0259lidir: \u201cM\u00fcharib\u0259 d\u00f6vr\u00fcnd\u0259 \u0259n vacib m\u0259s\u0259l\u0259 strateji soyuqqanl\u0131l\u0131qd\u0131r. Yeni il \u0259r\u0259f\u0259sind\u0259 at\u0259\u015fk\u0259s t\u0259klifi h\u0259l\u0259 d\u0259 g\u00fcnd\u0259md\u0259dir. Ukrayna Prezidenti Volodimir Zelenski bu t\u0259klifi q\u0259bul edib- etm\u0259m\u0259k bar\u0259d\u0259 m\u0259suliyy\u0259t da\u015f\u0131y\u0131r\u201d. Ba\u015f nazirin fikrinc\u0259, AB\u015e-da&hellip;<\/p>\n","protected":false},"author":2,"featured_media":775934,"comment_status":"closed","ping_status":"closed","sticky":false,"template":"","format":"standard","meta":{"om_disable_all_campaigns":false,"_monsterinsights_skip_tracking":false,"_monsterinsights_sitenote_active":false,"_monsterinsights_sitenote_note":"","_monsterinsights_sitenote_category":0},"categories":[7],"tags":[],"aioseo_notices":[],"gutentor_comment":0,"rttpg_featured_image_url":{"full":["https:\/\/arantv.az\/wp-content\/uploads\/2024\/12\/a0336c333fa9bf599f457f2fae921872.jpg",637,400,false],"landscape":["https:\/\/arantv.az\/wp-content\/uploads\/2024\/12\/a0336c333fa9bf599f457f2fae921872.jpg",637,400,false],"portraits":["https:\/\/arantv.az\/wp-content\/uploads\/2024\/12\/a0336c333fa9bf599f457f2fae921872.jpg",637,400,false],"thumbnail":["https:\/\/arantv.az\/wp-content\/uploads\/2024\/12\/a0336c333fa9bf599f457f2fae921872-500x280.jpg",500,280,true],"medium":["https:\/\/arantv.az\/wp-content\/uploads\/2024\/12\/a0336c333fa9bf599f457f2fae921872-581x365.jpg",581,365,true],"large":["https:\/\/arantv.az\/wp-content\/uploads\/2024\/12\/a0336c333fa9bf599f457f2fae921872.jpg",637,400,false],"1536x1536":["https:\/\/arantv.az\/wp-content\/uploads\/2024\/12\/a0336c333fa9bf599f457f2fae921872.jpg",637,400,false],"2048x2048":["https:\/\/arantv.az\/wp-content\/uploads\/2024\/12\/a0336c333fa9bf599f457f2fae921872.jpg",637,400,false],"post-thumbnail":["https:\/\/arantv.az\/wp-content\/uploads\/2024\/12\/a0336c333fa9bf599f457f2fae921872-240x172.jpg",240,172,true],"advps-thumb-one":["https:\/\/arantv.az\/wp-content\/uploads\/2024\/12\/a0336c333fa9bf599f457f2fae921872.jpg",637,400,false]},"rttpg_author":{"display_name":"V\u00fcsal Rafiqo\u011flu","author_link":"https:\/\/arantv.az\/?author=2"},"rttpg_comment":0,"rttpg_category":"<a href=\"https:\/\/arantv.az\/?cat=7\" rel=\"category\">D\u00fcnya<\/a>","rttpg_excerpt":"\u201cAt\u0259\u015fk\u0259s dan\u0131\u015f\u0131qlar\u0131 il\u0259 ba\u011fl\u0131 Rusiyan\u0131 raz\u0131 salmaq m\u00fcmk\u00fcn olub\u201d. \u201cReport\u201d x\u0259b\u0259r verir ki, bunu Macar\u0131stan\u0131n Ba\u015f naziri Viktor Orban deyib. O, s\u00f6yl\u0259yib ki, yeni il \u0259r\u0259f\u0259sind\u0259 \u0259ld\u0259 oluna bil\u0259c\u0259k at\u0259\u015fk\u0259s q\u0131sam\u00fcdd\u0259tli s\u00fclh \u00fc\u00e7\u00fcn \u00fcmidin oldu\u011funu g\u00f6st\u0259r\u0259c\u0259k: \u201cAt\u0259\u015fk\u0259s 2-3 g\u00fcn davam ed\u0259 bil\u0259r. Bununla ba\u011fl\u0131 Ukraynan\u0131n da m\u00f6vqeyini asanl\u0131qla d\u0259yi\u015fm\u0259si m\u00fcmk\u00fcnd\u00fcr\u201d. Orban, h\u0259m\u00e7inin qeyd edib ki,&hellip;","_links":{"self":[{"href":"https:\/\/arantv.az\/index.php?rest_route=\/wp\/v2\/posts\/775933"}],"collection":[{"href":"https:\/\/arantv.az\/index.php?rest_route=\/wp\/v2\/posts"}],"about":[{"href":"https:\/\/arantv.az\/index.php?rest_route=\/wp\/v2\/types\/post"}],"author":[{"embeddable":true,"href":"https:\/\/arantv.az\/index.php?rest_route=\/wp\/v2\/users\/2"}],"replies":[{"embeddable":true,"href":"https:\/\/arantv.az\/index.php?rest_route=%2Fwp%2Fv2%2Fcomments&post=775933"}],"version-history":[{"count":1,"href":"https:\/\/arantv.az\/index.php?rest_route=\/wp\/v2\/posts\/775933\/revisions"}],"predecessor-version":[{"id":775935,"href":"https:\/\/arantv.az\/index.php?rest_route=\/wp\/v2\/posts\/775933\/revisions\/775935"}],"wp:featuredmedia":[{"embeddable":true,"href":"https:\/\/arantv.az\/index.php?rest_route=\/wp\/v2\/media\/775934"}],"wp:attachment":[{"href":"https:\/\/arantv.az\/index.php?rest_route=%2Fwp%2Fv2%2Fmedia&parent=775933"}],"wp:term":[{"taxonomy":"category","embeddable":true,"href":"https:\/\/arantv.az\/index.php?rest_route=%2Fwp%2Fv2%2Fcategories&post=775933"},{"taxonomy":"post_tag","embeddable":true,"href":"https:\/\/arantv.az\/index.php?rest_route=%2Fwp%2Fv2%2Ftags&post=775933"}],"curies":[{"name":"wp","href":"https:\/\/api.w.org\/{rel}","templated":true}]}}