{"id":775936,"date":"2024-12-20T22:50:10","date_gmt":"2024-12-20T18:50:10","guid":{"rendered":"https:\/\/arantv.az\/?p=775936"},"modified":"2024-12-20T22:50:10","modified_gmt":"2024-12-20T18:50:10","slug":"gurcustan-parlamentaril%c9%99ri-az%c9%99rbaycana-g%c9%99l%c9%99c%c9%99k","status":"publish","type":"post","link":"https:\/\/arantv.az\/?p=775936","title":{"rendered":"G\u00fcrc\u00fcstan parlamentaril\u0259ri Az\u0259rbaycana g\u0259l\u0259c\u0259k"},"content":{"rendered":"<p><strong>G\u0259l\u0259n h\u0259ft\u0259 G\u00fcrc\u00fcstan parlamentinin \u00fczvl\u0259ri Az\u0259rbaycana s\u0259f\u0259r ed\u0259c\u0259k.<\/strong><\/p>\n<p>Bu bar\u0259d\u0259 parlamentin \u00d6z\u00fcn\u00fcidar\u0259etm\u0259 Komit\u0259sinin s\u0259dri \u0130rakli Kadagishvili m\u0259lumat verib.<\/p>\n<p>O qeyd edib ki, iki \u00f6lk\u0259 aras\u0131ndak\u0131 m\u00fcnasib\u0259tl\u0259r son ill\u0259rd\u0259 strateji \u0259m\u0259kda\u015fl\u0131q s\u0259viyy\u0259sin\u0259 \u00e7at\u0131b v\u0259 davaml\u0131 olaraq m\u00f6hk\u0259ml\u0259nir:<\/p>\n<p>&#8220;H\u0259r iki \u00f6lk\u0259 beyn\u0259lxalq s\u0259viyy\u0259d\u0259 qar\u015f\u0131l\u0131ql\u0131 olaraq bir-birini m\u00fcdafi\u0259 edir. \u00d6lk\u0259l\u0259r aras\u0131ndak\u0131 dostluq v\u0259 \u0259m\u0259kda\u015fl\u0131q m\u00fcnasib\u0259tl\u0259ri h\u0259m regional, h\u0259m d\u0259 beyn\u0259lxalq s\u0259viyy\u0259d\u0259 g\u00fccl\u0259nir&#8221;.<\/p>\n<p>Komit\u0259 s\u0259dri bildirib ki, G\u00fcrc\u00fcstan v\u0259 Az\u0259rbaycan aras\u0131nda m\u00fcnasib\u0259tl\u0259r y\u00fcks\u0259k s\u0259viyy\u0259d\u0259 oldu\u011fundan m\u00fcxt\u0259lif istiqam\u0259tl\u0259rd\u0259 \u0259m\u0259kda\u015fl\u0131qlar h\u0259ssasl\u0131qla qorunur.<\/p>\n<p>&#8220;M\u0259n v\u0259 h\u0259mkarlar\u0131m Az\u0259rbaycana s\u0259f\u0259r\u0259 haz\u0131rla\u015f\u0131r\u0131q. S\u0259f\u0259r \u00e7\u0259r\u00e7iv\u0259sind\u0259 Az\u0259rbaycan Milli M\u0259clisinin spikeri Sahib\u0259 Qafarova v\u0259 dig\u0259r r\u0259smi \u015f\u0259xsl\u0259rl\u0259 g\u00f6r\u00fc\u015fl\u0259r ke\u00e7ir\u0259c\u0259yik. M\u0259qs\u0259d iki \u00f6lk\u0259 aras\u0131ndak\u0131 m\u00fcnasib\u0259tl\u0259ri dostluq, qon\u015fuluq v\u0259 strateji t\u0259r\u0259fda\u015fl\u0131q prinsipl\u0259ri \u0259sas\u0131nda h\u0259rt\u0259r\u0259fli \u015f\u0259kild\u0259 daha da inki\u015faf etdirm\u0259kdir\u201d, &#8211; \u0130.Kadagishvili \u0259lav\u0259 edib.\/\/Report<\/p>\n","protected":false},"excerpt":{"rendered":"<p>G\u0259l\u0259n h\u0259ft\u0259 G\u00fcrc\u00fcstan parlamentinin \u00fczvl\u0259ri Az\u0259rbaycana s\u0259f\u0259r ed\u0259c\u0259k. Bu bar\u0259d\u0259 parlamentin \u00d6z\u00fcn\u00fcidar\u0259etm\u0259 Komit\u0259sinin s\u0259dri \u0130rakli Kadagishvili m\u0259lumat verib. O qeyd edib ki, iki \u00f6lk\u0259 aras\u0131ndak\u0131 m\u00fcnasib\u0259tl\u0259r son ill\u0259rd\u0259 strateji \u0259m\u0259kda\u015fl\u0131q s\u0259viyy\u0259sin\u0259 \u00e7at\u0131b v\u0259 davaml\u0131 olaraq m\u00f6hk\u0259ml\u0259nir: &#8220;H\u0259r iki \u00f6lk\u0259 beyn\u0259lxalq s\u0259viyy\u0259d\u0259 qar\u015f\u0131l\u0131ql\u0131 olaraq bir-birini m\u00fcdafi\u0259 edir. \u00d6lk\u0259l\u0259r aras\u0131ndak\u0131 dostluq v\u0259 \u0259m\u0259kda\u015fl\u0131q m\u00fcnasib\u0259tl\u0259ri h\u0259m regional, h\u0259m d\u0259 beyn\u0259lxalq s\u0259viyy\u0259d\u0259 g\u00fccl\u0259nir&#8221;. Komit\u0259 s\u0259dri bildirib ki, G\u00fcrc\u00fcstan v\u0259 Az\u0259rbaycan aras\u0131nda m\u00fcnasib\u0259tl\u0259r y\u00fcks\u0259k s\u0259viyy\u0259d\u0259 oldu\u011fundan m\u00fcxt\u0259lif istiqam\u0259tl\u0259rd\u0259 \u0259m\u0259kda\u015fl\u0131qlar h\u0259ssasl\u0131qla qorunur. &#8220;M\u0259n v\u0259 h\u0259mkarlar\u0131m Az\u0259rbaycana s\u0259f\u0259r\u0259 haz\u0131rla\u015f\u0131r\u0131q. S\u0259f\u0259r \u00e7\u0259r\u00e7iv\u0259sind\u0259 Az\u0259rbaycan Milli M\u0259clisinin spikeri Sahib\u0259 Qafarova&hellip;<\/p>\n","protected":false},"author":2,"featured_media":775937,"comment_status":"closed","ping_status":"closed","sticky":false,"template":"","format":"standard","meta":{"om_disable_all_campaigns":false,"_monsterinsights_skip_tracking":false,"_monsterinsights_sitenote_active":false,"_monsterinsights_sitenote_note":"","_monsterinsights_sitenote_category":0},"categories":[4],"tags":[],"aioseo_notices":[],"gutentor_comment":0,"rttpg_featured_image_url":{"full":["https:\/\/arantv.az\/wp-content\/uploads\/2024\/12\/63f6f012c73d3e90c624fd1931546a4e.jpg",870,500,false],"landscape":["https:\/\/arantv.az\/wp-content\/uploads\/2024\/12\/63f6f012c73d3e90c624fd1931546a4e.jpg",870,500,false],"portraits":["https:\/\/arantv.az\/wp-content\/uploads\/2024\/12\/63f6f012c73d3e90c624fd1931546a4e.jpg",870,500,false],"thumbnail":["https:\/\/arantv.az\/wp-content\/uploads\/2024\/12\/63f6f012c73d3e90c624fd1931546a4e-500x280.jpg",500,280,true],"medium":["https:\/\/arantv.az\/wp-content\/uploads\/2024\/12\/63f6f012c73d3e90c624fd1931546a4e-635x365.jpg",635,365,true],"large":["https:\/\/arantv.az\/wp-content\/uploads\/2024\/12\/63f6f012c73d3e90c624fd1931546a4e-840x483.jpg",640,368,true],"1536x1536":["https:\/\/arantv.az\/wp-content\/uploads\/2024\/12\/63f6f012c73d3e90c624fd1931546a4e.jpg",870,500,false],"2048x2048":["https:\/\/arantv.az\/wp-content\/uploads\/2024\/12\/63f6f012c73d3e90c624fd1931546a4e.jpg",870,500,false],"post-thumbnail":["https:\/\/arantv.az\/wp-content\/uploads\/2024\/12\/63f6f012c73d3e90c624fd1931546a4e-240x172.jpg",240,172,true],"advps-thumb-one":["https:\/\/arantv.az\/wp-content\/uploads\/2024\/12\/63f6f012c73d3e90c624fd1931546a4e.jpg",870,500,false]},"rttpg_author":{"display_name":"V\u00fcsal Rafiqo\u011flu","author_link":"https:\/\/arantv.az\/?author=2"},"rttpg_comment":0,"rttpg_category":"<a href=\"https:\/\/arantv.az\/?cat=4\" rel=\"category\">Siyas\u0259t<\/a>","rttpg_excerpt":"G\u0259l\u0259n h\u0259ft\u0259 G\u00fcrc\u00fcstan parlamentinin \u00fczvl\u0259ri Az\u0259rbaycana s\u0259f\u0259r ed\u0259c\u0259k. Bu bar\u0259d\u0259 parlamentin \u00d6z\u00fcn\u00fcidar\u0259etm\u0259 Komit\u0259sinin s\u0259dri \u0130rakli Kadagishvili m\u0259lumat verib. O qeyd edib ki, iki \u00f6lk\u0259 aras\u0131ndak\u0131 m\u00fcnasib\u0259tl\u0259r son ill\u0259rd\u0259 strateji \u0259m\u0259kda\u015fl\u0131q s\u0259viyy\u0259sin\u0259 \u00e7at\u0131b v\u0259 davaml\u0131 olaraq m\u00f6hk\u0259ml\u0259nir: &#8220;H\u0259r iki \u00f6lk\u0259 beyn\u0259lxalq s\u0259viyy\u0259d\u0259 qar\u015f\u0131l\u0131ql\u0131 olaraq bir-birini m\u00fcdafi\u0259 edir. \u00d6lk\u0259l\u0259r aras\u0131ndak\u0131 dostluq v\u0259 \u0259m\u0259kda\u015fl\u0131q m\u00fcnasib\u0259tl\u0259ri h\u0259m regional, h\u0259m&hellip;","_links":{"self":[{"href":"https:\/\/arantv.az\/index.php?rest_route=\/wp\/v2\/posts\/775936"}],"collection":[{"href":"https:\/\/arantv.az\/index.php?rest_route=\/wp\/v2\/posts"}],"about":[{"href":"https:\/\/arantv.az\/index.php?rest_route=\/wp\/v2\/types\/post"}],"author":[{"embeddable":true,"href":"https:\/\/arantv.az\/index.php?rest_route=\/wp\/v2\/users\/2"}],"replies":[{"embeddable":true,"href":"https:\/\/arantv.az\/index.php?rest_route=%2Fwp%2Fv2%2Fcomments&post=775936"}],"version-history":[{"count":1,"href":"https:\/\/arantv.az\/index.php?rest_route=\/wp\/v2\/posts\/775936\/revisions"}],"predecessor-version":[{"id":775938,"href":"https:\/\/arantv.az\/index.php?rest_route=\/wp\/v2\/posts\/775936\/revisions\/775938"}],"wp:featuredmedia":[{"embeddable":true,"href":"https:\/\/arantv.az\/index.php?rest_route=\/wp\/v2\/media\/775937"}],"wp:attachment":[{"href":"https:\/\/arantv.az\/index.php?rest_route=%2Fwp%2Fv2%2Fmedia&parent=775936"}],"wp:term":[{"taxonomy":"category","embeddable":true,"href":"https:\/\/arantv.az\/index.php?rest_route=%2Fwp%2Fv2%2Fcategories&post=775936"},{"taxonomy":"post_tag","embeddable":true,"href":"https:\/\/arantv.az\/index.php?rest_route=%2Fwp%2Fv2%2Ftags&post=775936"}],"curies":[{"name":"wp","href":"https:\/\/api.w.org\/{rel}","templated":true}]}}