{"id":775939,"date":"2024-12-20T22:51:12","date_gmt":"2024-12-20T18:51:12","guid":{"rendered":"https:\/\/arantv.az\/?p=775939"},"modified":"2024-12-20T22:51:12","modified_gmt":"2024-12-20T18:51:12","slug":"%c9%99hm%c9%99d-cavadin-n%c9%99tic%c9%99sin%c9%99-yuks%c9%99k-v%c9%99zif%c9%99-verildi","status":"publish","type":"post","link":"https:\/\/arantv.az\/?p=775939","title":{"rendered":"\u018fhm\u0259d Cavad\u0131n n\u0259tic\u0259sin\u0259 y\u00fcks\u0259k v\u0259zif\u0259 VER\u0130LD\u0130"},"content":{"rendered":"<p><strong>Az\u0259rbaycan Milli Paralimpiya Komit\u0259sinin \u0130dman \u015f\u00f6b\u0259sin\u0259 yeni m\u00fcdir t\u0259yin edilib.<\/strong><\/p>\n<p>Bu v\u0259zif\u0259y\u0259 Cavad Axundzad\u0259 g\u0259tirilib.<\/p>\n<p>Qeyd ed\u0259k ki, Cavad Axundzad\u0259 Bak\u0131 D\u00f6vl\u0259t Universitetind\u0259 bakalavr v\u0259 magistr t\u0259hsili al\u0131b. 2007-ci ild\u0259n \u0259m\u0259k f\u0259aliyy\u0259tin\u0259 ba\u015flay\u0131b.<\/p>\n<p>Az\u0259rbaycan Respublikas\u0131 Prezidentinin s\u0259r\u0259ncam\u0131 il\u0259 Az\u0259rbaycan idman\u0131n\u0131n inki\u015faf\u0131ndak\u0131 xidm\u0259tl\u0259rin\u0259 g\u00f6r\u0259 \u201cAz\u0259rbaycan Respublikas\u0131 Prezidentinin f\u0259xri diplomu\u201d il\u0259 t\u0259ltif edilib.<\/p>\n<p>O, repressiya qurban\u0131 olan Az\u0259rbaycan \u015fairi \u018fhm\u0259d Cavad\u0131n n\u0259tic\u0259sidir.\/\/Modern.az<\/p>\n","protected":false},"excerpt":{"rendered":"<p>Az\u0259rbaycan Milli Paralimpiya Komit\u0259sinin \u0130dman \u015f\u00f6b\u0259sin\u0259 yeni m\u00fcdir t\u0259yin edilib. Bu v\u0259zif\u0259y\u0259 Cavad Axundzad\u0259 g\u0259tirilib. Qeyd ed\u0259k ki, Cavad Axundzad\u0259 Bak\u0131 D\u00f6vl\u0259t Universitetind\u0259 bakalavr v\u0259 magistr t\u0259hsili al\u0131b. 2007-ci ild\u0259n \u0259m\u0259k f\u0259aliyy\u0259tin\u0259 ba\u015flay\u0131b. Az\u0259rbaycan Respublikas\u0131 Prezidentinin s\u0259r\u0259ncam\u0131 il\u0259 Az\u0259rbaycan idman\u0131n\u0131n inki\u015faf\u0131ndak\u0131 xidm\u0259tl\u0259rin\u0259 g\u00f6r\u0259 \u201cAz\u0259rbaycan Respublikas\u0131 Prezidentinin f\u0259xri diplomu\u201d il\u0259 t\u0259ltif edilib. O, repressiya qurban\u0131 olan Az\u0259rbaycan \u015fairi \u018fhm\u0259d Cavad\u0131n n\u0259tic\u0259sidir.\/\/Modern.az<\/p>\n","protected":false},"author":2,"featured_media":775940,"comment_status":"closed","ping_status":"closed","sticky":false,"template":"","format":"standard","meta":{"om_disable_all_campaigns":false,"_monsterinsights_skip_tracking":false,"_monsterinsights_sitenote_active":false,"_monsterinsights_sitenote_note":"","_monsterinsights_sitenote_category":0},"categories":[1],"tags":[],"aioseo_notices":[],"gutentor_comment":0,"rttpg_featured_image_url":{"full":["https:\/\/arantv.az\/wp-content\/uploads\/2024\/12\/8824623fe1296df3f0db30684fc351be.jpg",870,500,false],"landscape":["https:\/\/arantv.az\/wp-content\/uploads\/2024\/12\/8824623fe1296df3f0db30684fc351be.jpg",870,500,false],"portraits":["https:\/\/arantv.az\/wp-content\/uploads\/2024\/12\/8824623fe1296df3f0db30684fc351be.jpg",870,500,false],"thumbnail":["https:\/\/arantv.az\/wp-content\/uploads\/2024\/12\/8824623fe1296df3f0db30684fc351be-500x280.jpg",500,280,true],"medium":["https:\/\/arantv.az\/wp-content\/uploads\/2024\/12\/8824623fe1296df3f0db30684fc351be-635x365.jpg",635,365,true],"large":["https:\/\/arantv.az\/wp-content\/uploads\/2024\/12\/8824623fe1296df3f0db30684fc351be-840x483.jpg",640,368,true],"1536x1536":["https:\/\/arantv.az\/wp-content\/uploads\/2024\/12\/8824623fe1296df3f0db30684fc351be.jpg",870,500,false],"2048x2048":["https:\/\/arantv.az\/wp-content\/uploads\/2024\/12\/8824623fe1296df3f0db30684fc351be.jpg",870,500,false],"post-thumbnail":["https:\/\/arantv.az\/wp-content\/uploads\/2024\/12\/8824623fe1296df3f0db30684fc351be-240x172.jpg",240,172,true],"advps-thumb-one":["https:\/\/arantv.az\/wp-content\/uploads\/2024\/12\/8824623fe1296df3f0db30684fc351be.jpg",870,500,false]},"rttpg_author":{"display_name":"V\u00fcsal Rafiqo\u011flu","author_link":"https:\/\/arantv.az\/?author=2"},"rttpg_comment":0,"rttpg_category":"<a href=\"https:\/\/arantv.az\/?cat=1\" rel=\"category\">C\u0259miyy\u0259t<\/a>","rttpg_excerpt":"Az\u0259rbaycan Milli Paralimpiya Komit\u0259sinin \u0130dman \u015f\u00f6b\u0259sin\u0259 yeni m\u00fcdir t\u0259yin edilib. Bu v\u0259zif\u0259y\u0259 Cavad Axundzad\u0259 g\u0259tirilib. Qeyd ed\u0259k ki, Cavad Axundzad\u0259 Bak\u0131 D\u00f6vl\u0259t Universitetind\u0259 bakalavr v\u0259 magistr t\u0259hsili al\u0131b. 2007-ci ild\u0259n \u0259m\u0259k f\u0259aliyy\u0259tin\u0259 ba\u015flay\u0131b. Az\u0259rbaycan Respublikas\u0131 Prezidentinin s\u0259r\u0259ncam\u0131 il\u0259 Az\u0259rbaycan idman\u0131n\u0131n inki\u015faf\u0131ndak\u0131 xidm\u0259tl\u0259rin\u0259 g\u00f6r\u0259 \u201cAz\u0259rbaycan Respublikas\u0131 Prezidentinin f\u0259xri diplomu\u201d il\u0259 t\u0259ltif edilib. O, repressiya qurban\u0131 olan&hellip;","_links":{"self":[{"href":"https:\/\/arantv.az\/index.php?rest_route=\/wp\/v2\/posts\/775939"}],"collection":[{"href":"https:\/\/arantv.az\/index.php?rest_route=\/wp\/v2\/posts"}],"about":[{"href":"https:\/\/arantv.az\/index.php?rest_route=\/wp\/v2\/types\/post"}],"author":[{"embeddable":true,"href":"https:\/\/arantv.az\/index.php?rest_route=\/wp\/v2\/users\/2"}],"replies":[{"embeddable":true,"href":"https:\/\/arantv.az\/index.php?rest_route=%2Fwp%2Fv2%2Fcomments&post=775939"}],"version-history":[{"count":2,"href":"https:\/\/arantv.az\/index.php?rest_route=\/wp\/v2\/posts\/775939\/revisions"}],"predecessor-version":[{"id":775942,"href":"https:\/\/arantv.az\/index.php?rest_route=\/wp\/v2\/posts\/775939\/revisions\/775942"}],"wp:featuredmedia":[{"embeddable":true,"href":"https:\/\/arantv.az\/index.php?rest_route=\/wp\/v2\/media\/775940"}],"wp:attachment":[{"href":"https:\/\/arantv.az\/index.php?rest_route=%2Fwp%2Fv2%2Fmedia&parent=775939"}],"wp:term":[{"taxonomy":"category","embeddable":true,"href":"https:\/\/arantv.az\/index.php?rest_route=%2Fwp%2Fv2%2Fcategories&post=775939"},{"taxonomy":"post_tag","embeddable":true,"href":"https:\/\/arantv.az\/index.php?rest_route=%2Fwp%2Fv2%2Ftags&post=775939"}],"curies":[{"name":"wp","href":"https:\/\/api.w.org\/{rel}","templated":true}]}}