{"id":775943,"date":"2024-12-20T22:52:23","date_gmt":"2024-12-20T18:52:23","guid":{"rendered":"https:\/\/arantv.az\/?p=775943"},"modified":"2024-12-20T22:52:23","modified_gmt":"2024-12-20T18:52:23","slug":"prezident-pakistanin-bas-nazirin%c9%99-t%c9%99s%c9%99kkur-m%c9%99ktubu-gond%c9%99rdi","status":"publish","type":"post","link":"https:\/\/arantv.az\/?p=775943","title":{"rendered":"Prezident Pakistan\u0131n ba\u015f nazirin\u0259 t\u0259\u015f\u0259kk\u00fcr m\u0259ktubu g\u00f6nd\u0259rdi"},"content":{"rendered":"<p><strong>Az\u0259rbaycan Prezidenti \u0130lham \u018fliyev Pakistan\u0131n Ba\u015f naziri M\u0259h\u0259mm\u0259d \u015eahbaz \u015e\u0259rif\u0259 t\u0259\u015f\u0259kk\u00fcr m\u0259ktubu g\u00f6nd\u0259rib.<\/strong><\/p>\n<p><strong>Musavat.com<\/strong>-un m\u0259lumat\u0131na g\u00f6r\u0259, m\u0259tnd\u0259 deyilir:<\/p>\n<p>&#8220;H\u00f6rm\u0259tli c\u0259nab Ba\u015f nazir,<\/p>\n<p>\u018fziz Qarda\u015f\u0131m,<\/p>\n<p>19 dekabr 2024-c\u00fc il tarixind\u0259 Misirin paytaxt\u0131 Qahir\u0259 \u015f\u0259h\u0259rind\u0259 \u0130nki\u015faf etm\u0259kd\u0259 olan s\u0259kkiz \u00f6lk\u0259nin \u0130qtisadi \u018fm\u0259kda\u015fl\u0131q T\u0259\u015fkilat\u0131n\u0131n (D-8) 11-ci Zirv\u0259 G\u00f6r\u00fc\u015f\u00fc zaman\u0131 Az\u0259rbaycan Respublikas\u0131n\u0131n yekdillikl\u0259 D-8 t\u0259\u015fkilat\u0131n\u0131n \u00fczv\u00fc se\u00e7ilm\u0259sin\u0259 g\u00f6r\u0259 qarda\u015f Pakistan \u0130slam Respublikas\u0131na v\u0259 \u015f\u0259xs\u0259n Siz\u0259 d\u0259rin t\u0259\u015f\u0259kk\u00fcr\u00fcm\u00fc bildirir\u0259m.<\/p>\n<p>\u018flam\u0259tdar hald\u0131r ki, otuz il\u0259 yax\u0131n m\u00fcdd\u0259t \u0259rzind\u0259 f\u0259aliyy\u0259t g\u00f6st\u0259r\u0259n D-8 t\u0259\u015fkilat\u0131 ilk d\u0259f\u0259 olaraq geni\u015fl\u0259nm\u0259 il\u0259 \u0259laq\u0259dar q\u0259rar q\u0259bul etmi\u015fdir. Az\u0259rbaycana beyn\u0259lxalq etimad\u0131n g\u00f6st\u0259ricisi olan bu tarixi q\u0259rar bizim \u00fc\u00e7\u00fcn x\u00fcsusi q\u00fcrur m\u0259nb\u0259yidir.<\/p>\n<p>Az\u0259rbaycan\u0131n namiz\u0259dliyin\u0259 ifad\u0259 edil\u0259n birm\u0259nal\u0131 d\u0259st\u0259k t\u0259\u015fkilata \u00fczv olan h\u0259r bir \u00f6lk\u0259 il\u0259 m\u00f6hk\u0259m dostluq v\u0259 \u0259m\u0259kda\u015fl\u0131q m\u00fcnasib\u0259tl\u0259rimizin, birliyimizin v\u0259 h\u0259mr\u0259yliyimizin t\u0259zah\u00fcr\u00fcd\u00fcr.<\/p>\n<p>\u018fmin\u0259m ki, Az\u0259rbaycan b\u00fct\u00fcn \u00fczv \u00f6lk\u0259l\u0259rl\u0259 birlikd\u0259 D-8-in t\u0259m\u0259l prinsipl\u0259rinin qorunmas\u0131, t\u0259\u015fkilat \u00e7\u0259r\u00e7iv\u0259sind\u0259 \u0259m\u0259kda\u015fl\u0131\u011f\u0131n d\u0259rinl\u0259\u015fm\u0259si v\u0259 \u00fcmumi maraqlar\u0131m\u0131z\u0131n t\u0259\u015fviqi, \u0130slam h\u0259mr\u0259yliyinin m\u00f6hk\u0259ml\u0259nm\u0259si v\u0259 b\u00f6y\u00fck g\u00fcc\u0259 \u00e7evrilm\u0259si m\u0259qs\u0259dil\u0259 birg\u0259 s\u0259yl\u0259rin s\u0259f\u0259rb\u0259r olunmas\u0131na \u00f6z t\u00f6hf\u0259sini ver\u0259c\u0259kdir.<\/p>\n<p>Qar\u015f\u0131l\u0131ql\u0131 inam, h\u00f6rm\u0259t v\u0259 d\u0259st\u0259y\u0259 \u0259saslanan, g\u00fcnd\u0259n-g\u00fcn\u0259 yeni m\u0259zmunla z\u0259nginl\u0259\u015f\u0259n Az\u0259rbaycan-Pakistan m\u00fcnasib\u0259tl\u0259rinin haz\u0131rk\u0131 s\u0259viyy\u0259si m\u0259mnunluq do\u011furur. Biz qarda\u015f Pakistanla siyasi, iqtisadi, ticari, n\u0259qliyyat, h\u0259rbi-texniki, humanitar v\u0259 dig\u0259r sah\u0259l\u0259rd\u0259 \u00e7ox\u015fax\u0259li \u0259m\u0259kda\u015fl\u0131\u011f\u0131m\u0131z\u0131 v\u0259 strateji t\u0259r\u0259fda\u015fl\u0131\u011f\u0131m\u0131z\u0131 daim geni\u015fl\u0259ndirm\u0259y\u0259 x\u00fcsusi \u0259h\u0259miyy\u0259t veririk. \u0130yul ay\u0131nda \u00f6lk\u0259niz\u0259 h\u0259yata ke\u00e7irdiyim d\u00f6vl\u0259t s\u0259f\u0259ri \u0259laq\u0259l\u0259rimizin tarixind\u0259 yeni s\u0259hif\u0259 a\u00e7m\u0131\u015fd\u0131r, bu s\u0259f\u0259ri \u0259n xo\u015f t\u0259\u0259ss\u00fcratlarla xat\u0131rlay\u0131ram.<\/p>\n<p>COP29-da i\u015ftirak etm\u0259k \u00fc\u00e7\u00fcn Az\u0259rbaycana s\u0259f\u0259rinizi, Sizinl\u0259 mehribanl\u0131q, s\u0259mimiyy\u0259t v\u0259 qar\u015f\u0131l\u0131ql\u0131 etimad \u015f\u0259raitind\u0259 ke\u00e7\u0259n g\u00f6r\u00fc\u015f\u00fcm\u00fcz\u00fc, apard\u0131\u011f\u0131m\u0131z fikir m\u00fcbadil\u0259l\u0259rini y\u00fcks\u0259k qiym\u0259tl\u0259ndirir\u0259m. 2025-ci ild\u0259 Sizin Az\u0259rbaycana d\u00f6vl\u0259t s\u0259f\u0259rinizi s\u0259birsizlikl\u0259 g\u00f6zl\u0259yir, bunun qarda\u015fl\u0131q m\u00fcnasib\u0259tl\u0259rimizin m\u00f6hk\u0259ml\u0259nm\u0259sin\u0259, s\u0259m\u0259r\u0259li birg\u0259 f\u0259aliyy\u0259timizin daha da d\u0259rinl\u0259\u015fm\u0259sin\u0259 t\u0259kan ver\u0259c\u0259yin\u0259 \u0259minliyimi ifad\u0259 edir\u0259m.<\/p>\n<p>Bir daha Siz\u0259 minn\u0259tdarl\u0131\u011f\u0131m\u0131 bildirir, m\u00f6hk\u0259m cansa\u011fl\u0131\u011f\u0131, xo\u015fb\u0259xtlik, i\u015fl\u0259rinizd\u0259 m\u00fcv\u0259ff\u0259qiyy\u0259tl\u0259r, qarda\u015f Pakistan xalq\u0131na daim \u0259min-amanl\u0131q v\u0259 firavanl\u0131q dil\u0259yir\u0259m&#8221;.<\/p>\n","protected":false},"excerpt":{"rendered":"<p>Az\u0259rbaycan Prezidenti \u0130lham \u018fliyev Pakistan\u0131n Ba\u015f naziri M\u0259h\u0259mm\u0259d \u015eahbaz \u015e\u0259rif\u0259 t\u0259\u015f\u0259kk\u00fcr m\u0259ktubu g\u00f6nd\u0259rib. Musavat.com-un m\u0259lumat\u0131na g\u00f6r\u0259, m\u0259tnd\u0259 deyilir: &#8220;H\u00f6rm\u0259tli c\u0259nab Ba\u015f nazir, \u018fziz Qarda\u015f\u0131m, 19 dekabr 2024-c\u00fc il tarixind\u0259 Misirin paytaxt\u0131 Qahir\u0259 \u015f\u0259h\u0259rind\u0259 \u0130nki\u015faf etm\u0259kd\u0259 olan s\u0259kkiz \u00f6lk\u0259nin \u0130qtisadi \u018fm\u0259kda\u015fl\u0131q T\u0259\u015fkilat\u0131n\u0131n (D-8) 11-ci Zirv\u0259 G\u00f6r\u00fc\u015f\u00fc zaman\u0131 Az\u0259rbaycan Respublikas\u0131n\u0131n yekdillikl\u0259 D-8 t\u0259\u015fkilat\u0131n\u0131n \u00fczv\u00fc se\u00e7ilm\u0259sin\u0259 g\u00f6r\u0259 qarda\u015f Pakistan \u0130slam Respublikas\u0131na v\u0259 \u015f\u0259xs\u0259n Siz\u0259 d\u0259rin t\u0259\u015f\u0259kk\u00fcr\u00fcm\u00fc bildirir\u0259m. \u018flam\u0259tdar hald\u0131r ki, otuz il\u0259 yax\u0131n m\u00fcdd\u0259t \u0259rzind\u0259 f\u0259aliyy\u0259t g\u00f6st\u0259r\u0259n D-8 t\u0259\u015fkilat\u0131 ilk d\u0259f\u0259 olaraq geni\u015fl\u0259nm\u0259 il\u0259 \u0259laq\u0259dar q\u0259rar q\u0259bul etmi\u015fdir. Az\u0259rbaycana beyn\u0259lxalq etimad\u0131n g\u00f6st\u0259ricisi olan&hellip;<\/p>\n","protected":false},"author":2,"featured_media":775944,"comment_status":"closed","ping_status":"closed","sticky":false,"template":"","format":"standard","meta":{"om_disable_all_campaigns":false,"_monsterinsights_skip_tracking":false,"_monsterinsights_sitenote_active":false,"_monsterinsights_sitenote_note":"","_monsterinsights_sitenote_category":0},"categories":[4],"tags":[],"aioseo_notices":[],"gutentor_comment":0,"rttpg_featured_image_url":{"full":["https:\/\/arantv.az\/wp-content\/uploads\/2024\/12\/9047604de9bcdae4d217e6b2d19d39e1.jpg",850,500,false],"landscape":["https:\/\/arantv.az\/wp-content\/uploads\/2024\/12\/9047604de9bcdae4d217e6b2d19d39e1.jpg",850,500,false],"portraits":["https:\/\/arantv.az\/wp-content\/uploads\/2024\/12\/9047604de9bcdae4d217e6b2d19d39e1.jpg",850,500,false],"thumbnail":["https:\/\/arantv.az\/wp-content\/uploads\/2024\/12\/9047604de9bcdae4d217e6b2d19d39e1-500x280.jpg",500,280,true],"medium":["https:\/\/arantv.az\/wp-content\/uploads\/2024\/12\/9047604de9bcdae4d217e6b2d19d39e1-621x365.jpg",621,365,true],"large":["https:\/\/arantv.az\/wp-content\/uploads\/2024\/12\/9047604de9bcdae4d217e6b2d19d39e1-840x494.jpg",640,376,true],"1536x1536":["https:\/\/arantv.az\/wp-content\/uploads\/2024\/12\/9047604de9bcdae4d217e6b2d19d39e1.jpg",850,500,false],"2048x2048":["https:\/\/arantv.az\/wp-content\/uploads\/2024\/12\/9047604de9bcdae4d217e6b2d19d39e1.jpg",850,500,false],"post-thumbnail":["https:\/\/arantv.az\/wp-content\/uploads\/2024\/12\/9047604de9bcdae4d217e6b2d19d39e1-240x172.jpg",240,172,true],"advps-thumb-one":["https:\/\/arantv.az\/wp-content\/uploads\/2024\/12\/9047604de9bcdae4d217e6b2d19d39e1.jpg",850,500,false]},"rttpg_author":{"display_name":"V\u00fcsal Rafiqo\u011flu","author_link":"https:\/\/arantv.az\/?author=2"},"rttpg_comment":0,"rttpg_category":"<a href=\"https:\/\/arantv.az\/?cat=4\" rel=\"category\">Siyas\u0259t<\/a>","rttpg_excerpt":"Az\u0259rbaycan Prezidenti \u0130lham \u018fliyev Pakistan\u0131n Ba\u015f naziri M\u0259h\u0259mm\u0259d \u015eahbaz \u015e\u0259rif\u0259 t\u0259\u015f\u0259kk\u00fcr m\u0259ktubu g\u00f6nd\u0259rib. Musavat.com-un m\u0259lumat\u0131na g\u00f6r\u0259, m\u0259tnd\u0259 deyilir: &#8220;H\u00f6rm\u0259tli c\u0259nab Ba\u015f nazir, \u018fziz Qarda\u015f\u0131m, 19 dekabr 2024-c\u00fc il tarixind\u0259 Misirin paytaxt\u0131 Qahir\u0259 \u015f\u0259h\u0259rind\u0259 \u0130nki\u015faf etm\u0259kd\u0259 olan s\u0259kkiz \u00f6lk\u0259nin \u0130qtisadi \u018fm\u0259kda\u015fl\u0131q T\u0259\u015fkilat\u0131n\u0131n (D-8) 11-ci Zirv\u0259 G\u00f6r\u00fc\u015f\u00fc zaman\u0131 Az\u0259rbaycan Respublikas\u0131n\u0131n yekdillikl\u0259 D-8 t\u0259\u015fkilat\u0131n\u0131n \u00fczv\u00fc se\u00e7ilm\u0259sin\u0259 g\u00f6r\u0259 qarda\u015f&hellip;","_links":{"self":[{"href":"https:\/\/arantv.az\/index.php?rest_route=\/wp\/v2\/posts\/775943"}],"collection":[{"href":"https:\/\/arantv.az\/index.php?rest_route=\/wp\/v2\/posts"}],"about":[{"href":"https:\/\/arantv.az\/index.php?rest_route=\/wp\/v2\/types\/post"}],"author":[{"embeddable":true,"href":"https:\/\/arantv.az\/index.php?rest_route=\/wp\/v2\/users\/2"}],"replies":[{"embeddable":true,"href":"https:\/\/arantv.az\/index.php?rest_route=%2Fwp%2Fv2%2Fcomments&post=775943"}],"version-history":[{"count":1,"href":"https:\/\/arantv.az\/index.php?rest_route=\/wp\/v2\/posts\/775943\/revisions"}],"predecessor-version":[{"id":775945,"href":"https:\/\/arantv.az\/index.php?rest_route=\/wp\/v2\/posts\/775943\/revisions\/775945"}],"wp:featuredmedia":[{"embeddable":true,"href":"https:\/\/arantv.az\/index.php?rest_route=\/wp\/v2\/media\/775944"}],"wp:attachment":[{"href":"https:\/\/arantv.az\/index.php?rest_route=%2Fwp%2Fv2%2Fmedia&parent=775943"}],"wp:term":[{"taxonomy":"category","embeddable":true,"href":"https:\/\/arantv.az\/index.php?rest_route=%2Fwp%2Fv2%2Fcategories&post=775943"},{"taxonomy":"post_tag","embeddable":true,"href":"https:\/\/arantv.az\/index.php?rest_route=%2Fwp%2Fv2%2Ftags&post=775943"}],"curies":[{"name":"wp","href":"https:\/\/api.w.org\/{rel}","templated":true}]}}