{"id":77658,"date":"2019-09-09T08:59:23","date_gmt":"2019-09-09T05:59:23","guid":{"rendered":"http:\/\/arantv.az\/?p=77658"},"modified":"2019-09-09T08:59:23","modified_gmt":"2019-09-09T05:59:23","slug":"millimiz-dunya-ikincisi-il%c9%99-c%c9%99tin-sinaq-qarsisinda","status":"publish","type":"post","link":"https:\/\/arantv.az\/?p=77658","title":{"rendered":"Millimiz d\u00fcnya ikincisi il\u0259 \u00e7\u0259tin s\u0131naq qar\u015f\u0131s\u0131nda"},"content":{"rendered":"<p>Az\u0259rbaycan millisi bu g\u00fcn Avro-2020-nin se\u00e7m\u0259 m\u0259rh\u0259l\u0259si \u00e7\u0259r\u00e7iv\u0259sind\u0259 n\u00f6vb\u0259ti oyununa \u00e7\u0131xacaq.<\/p>\n<p><b>ARANTV.AZ\u00a0<\/b> x\u0259b\u0259r verir ki, y\u0131\u011fma komandam\u0131z 6-c\u0131 turda Xorvatiya millisini q\u0259bul ed\u0259c\u0259k.<\/p>\n<p>D\u00fcnya \u00e7empionat\u0131n\u0131n final\u00e7\u0131s\u0131 olan Xorvatiyada \u0130van Rakiti\u00e7, Andrey Kramari\u00e7 v\u0259 Mateo Kova\u00e7i\u00e7 kimi futbol\u00e7ular oynamayacaq. T\u0259r\u0259fl\u0259rin ilk oyununda Zaqrebd\u0259 Xorvatiya millimiz\u0259 2:1 qalib g\u0259lib.<\/p>\n<div id=\"AdviadNativeVideo0\" class=\"AdviadNativeVideo\"><\/div>\n<p>Qar\u015f\u0131la\u015fma Bak\u0131 vaxt\u0131 il\u0259 20:00-da &#8220;Bakcell Arena&#8221;da ba\u015f tutacaq.<\/p>\n<p>Qrupun dig\u0259r oyununda qrup lideri Macar\u0131stan do\u011fma meydanda Slovakiyan\u0131 s\u0131na\u011fa \u00e7\u0259k\u0259c\u0259k. Bu g\u00f6r\u00fc\u015f Bak\u0131 vaxt\u0131 il\u0259 saat 22:45-d\u0259 ba\u015flayacaq.<\/p>\n<p>Qeyd ed\u0259k ki, millimiz se\u00e7m\u0259 m\u0259rh\u0259l\u0259d\u0259 ke\u00e7irdiyi d\u00f6rd oyunun ham\u0131s\u0131nda uduzub v\u0259 sonuncu pill\u0259d\u0259dir. Xorvatiya is\u0259 doqquz xalla qrup ikincisidir.oxu.az<\/p>\n","protected":false},"excerpt":{"rendered":"<p>Az\u0259rbaycan millisi bu g\u00fcn Avro-2020-nin se\u00e7m\u0259 m\u0259rh\u0259l\u0259si \u00e7\u0259r\u00e7iv\u0259sind\u0259 n\u00f6vb\u0259ti oyununa \u00e7\u0131xacaq. ARANTV.AZ\u00a0 x\u0259b\u0259r verir ki, y\u0131\u011fma komandam\u0131z 6-c\u0131 turda Xorvatiya millisini q\u0259bul ed\u0259c\u0259k. D\u00fcnya \u00e7empionat\u0131n\u0131n final\u00e7\u0131s\u0131 olan Xorvatiyada \u0130van Rakiti\u00e7, Andrey Kramari\u00e7 v\u0259 Mateo Kova\u00e7i\u00e7 kimi futbol\u00e7ular oynamayacaq. T\u0259r\u0259fl\u0259rin ilk oyununda Zaqrebd\u0259 Xorvatiya millimiz\u0259 2:1 qalib g\u0259lib. Qar\u015f\u0131la\u015fma Bak\u0131 vaxt\u0131 il\u0259 20:00-da &#8220;Bakcell Arena&#8221;da ba\u015f tutacaq. Qrupun dig\u0259r oyununda qrup lideri Macar\u0131stan do\u011fma meydanda Slovakiyan\u0131 s\u0131na\u011fa \u00e7\u0259k\u0259c\u0259k. Bu g\u00f6r\u00fc\u015f Bak\u0131 vaxt\u0131 il\u0259 saat 22:45-d\u0259 ba\u015flayacaq. Qeyd ed\u0259k ki, millimiz se\u00e7m\u0259 m\u0259rh\u0259l\u0259d\u0259 ke\u00e7irdiyi d\u00f6rd oyunun ham\u0131s\u0131nda uduzub v\u0259 sonuncu pill\u0259d\u0259dir. Xorvatiya&hellip;<\/p>\n","protected":false},"author":2,"featured_media":77659,"comment_status":"closed","ping_status":"closed","sticky":false,"template":"","format":"standard","meta":{"om_disable_all_campaigns":false,"_monsterinsights_skip_tracking":false,"_monsterinsights_sitenote_active":false,"_monsterinsights_sitenote_note":"","_monsterinsights_sitenote_category":0},"categories":[6],"tags":[],"aioseo_notices":[],"gutentor_comment":0,"rttpg_featured_image_url":{"full":["https:\/\/arantv.az\/wp-content\/uploads\/2019\/09\/milli.jpg",620,389,false],"landscape":["https:\/\/arantv.az\/wp-content\/uploads\/2019\/09\/milli.jpg",620,389,false],"portraits":["https:\/\/arantv.az\/wp-content\/uploads\/2019\/09\/milli.jpg",620,389,false],"thumbnail":["https:\/\/arantv.az\/wp-content\/uploads\/2019\/09\/milli-150x150.jpg",150,150,true],"medium":["https:\/\/arantv.az\/wp-content\/uploads\/2019\/09\/milli-300x188.jpg",300,188,true],"large":["https:\/\/arantv.az\/wp-content\/uploads\/2019\/09\/milli.jpg",620,389,false],"1536x1536":["https:\/\/arantv.az\/wp-content\/uploads\/2019\/09\/milli.jpg",620,389,false],"2048x2048":["https:\/\/arantv.az\/wp-content\/uploads\/2019\/09\/milli.jpg",620,389,false],"post-thumbnail":["https:\/\/arantv.az\/wp-content\/uploads\/2019\/09\/milli-240x172.jpg",240,172,true],"advps-thumb-one":["https:\/\/arantv.az\/wp-content\/uploads\/2019\/09\/milli.jpg",620,389,false]},"rttpg_author":{"display_name":"V\u00fcsal Rafiqo\u011flu","author_link":"https:\/\/arantv.az\/?author=2"},"rttpg_comment":0,"rttpg_category":"<a href=\"https:\/\/arantv.az\/?cat=6\" rel=\"category\">\u0130dman<\/a>","rttpg_excerpt":"Az\u0259rbaycan millisi bu g\u00fcn Avro-2020-nin se\u00e7m\u0259 m\u0259rh\u0259l\u0259si \u00e7\u0259r\u00e7iv\u0259sind\u0259 n\u00f6vb\u0259ti oyununa \u00e7\u0131xacaq. ARANTV.AZ\u00a0 x\u0259b\u0259r verir ki, y\u0131\u011fma komandam\u0131z 6-c\u0131 turda Xorvatiya millisini q\u0259bul ed\u0259c\u0259k. D\u00fcnya \u00e7empionat\u0131n\u0131n final\u00e7\u0131s\u0131 olan Xorvatiyada \u0130van Rakiti\u00e7, Andrey Kramari\u00e7 v\u0259 Mateo Kova\u00e7i\u00e7 kimi futbol\u00e7ular oynamayacaq. T\u0259r\u0259fl\u0259rin ilk oyununda Zaqrebd\u0259 Xorvatiya millimiz\u0259 2:1 qalib g\u0259lib. Qar\u015f\u0131la\u015fma Bak\u0131 vaxt\u0131 il\u0259 20:00-da &#8220;Bakcell Arena&#8221;da ba\u015f&hellip;","_links":{"self":[{"href":"https:\/\/arantv.az\/index.php?rest_route=\/wp\/v2\/posts\/77658"}],"collection":[{"href":"https:\/\/arantv.az\/index.php?rest_route=\/wp\/v2\/posts"}],"about":[{"href":"https:\/\/arantv.az\/index.php?rest_route=\/wp\/v2\/types\/post"}],"author":[{"embeddable":true,"href":"https:\/\/arantv.az\/index.php?rest_route=\/wp\/v2\/users\/2"}],"replies":[{"embeddable":true,"href":"https:\/\/arantv.az\/index.php?rest_route=%2Fwp%2Fv2%2Fcomments&post=77658"}],"version-history":[{"count":0,"href":"https:\/\/arantv.az\/index.php?rest_route=\/wp\/v2\/posts\/77658\/revisions"}],"wp:featuredmedia":[{"embeddable":true,"href":"https:\/\/arantv.az\/index.php?rest_route=\/wp\/v2\/media\/77659"}],"wp:attachment":[{"href":"https:\/\/arantv.az\/index.php?rest_route=%2Fwp%2Fv2%2Fmedia&parent=77658"}],"wp:term":[{"taxonomy":"category","embeddable":true,"href":"https:\/\/arantv.az\/index.php?rest_route=%2Fwp%2Fv2%2Fcategories&post=77658"},{"taxonomy":"post_tag","embeddable":true,"href":"https:\/\/arantv.az\/index.php?rest_route=%2Fwp%2Fv2%2Ftags&post=77658"}],"curies":[{"name":"wp","href":"https:\/\/api.w.org\/{rel}","templated":true}]}}