{"id":77661,"date":"2019-09-09T09:00:50","date_gmt":"2019-09-09T06:00:50","guid":{"rendered":"http:\/\/arantv.az\/?p=77661"},"modified":"2019-09-09T09:00:50","modified_gmt":"2019-09-09T06:00:50","slug":"gurcustandan-qanunsuz-yolla-mobil-telefon-g%c9%99tirm%c9%99k-ist%c9%99di","status":"publish","type":"post","link":"https:\/\/arantv.az\/?p=77661","title":{"rendered":"G\u00fcrc\u00fcstandan qanunsuz yolla mobil telefon g\u0259tirm\u0259k ist\u0259di"},"content":{"rendered":"<p>&#8220;Q\u0131rm\u0131z\u0131 K\u00f6rp\u00fc&#8221; g\u00f6mr\u00fck postunda\u00a0idar\u0259 etdiyi &#8220;Opel Vectra&#8221; markal\u0131 avtomobill\u0259 G\u00fcrc\u00fcstandan\u00a0g\u0259l\u0259n Az\u0259rbaycan\u00a0v\u0259t\u0259nda\u015f\u0131 saxlan\u0131l\u0131b.<\/p>\n<div id=\"AdviadNativeVideo0\" class=\"AdviadNativeVideo\"><\/div>\n<p>D\u00f6vl\u0259t G\u00f6mr\u00fck Komit\u0259sind\u0259n\u00a0veril\u0259n\u00a0<a href=\"https:\/\/customs.gov.az\/az\/faydali\/xeberler\/3724_\/\" target=\"_blank\" rel=\"noopener\">m\u0259lumat<\/a>a g\u00f6r\u0259, v\u0259t\u0259nda\u015f idar\u0259 etdiyi n\u0259qliyyat vasit\u0259sind\u0259 g\u00f6mr\u00fck n\u0259zar\u0259tind\u0259n gizl\u0259dil\u0259n v\u0259 b\u0259yan edilm\u0259y\u0259n h\u0259r hans\u0131 predmetin olmad\u0131\u011f\u0131n\u0131 bildirs\u0259 d\u0259, n\u0259qliyyat vasit\u0259sinin gizli saxlanc yerind\u0259n be\u015f \u0259d\u0259d &#8220;M\u0130 A3&#8221; markal\u0131 mobil telefon a\u015fkarlan\u0131b.<\/p>\n<p>Faktla ba\u011fl\u0131 ara\u015fd\u0131rma apar\u0131l\u0131r.<\/p>\n","protected":false},"excerpt":{"rendered":"<p>&#8220;Q\u0131rm\u0131z\u0131 K\u00f6rp\u00fc&#8221; g\u00f6mr\u00fck postunda\u00a0idar\u0259 etdiyi &#8220;Opel Vectra&#8221; markal\u0131 avtomobill\u0259 G\u00fcrc\u00fcstandan\u00a0g\u0259l\u0259n Az\u0259rbaycan\u00a0v\u0259t\u0259nda\u015f\u0131 saxlan\u0131l\u0131b. D\u00f6vl\u0259t G\u00f6mr\u00fck Komit\u0259sind\u0259n\u00a0veril\u0259n\u00a0m\u0259lumata g\u00f6r\u0259, v\u0259t\u0259nda\u015f idar\u0259 etdiyi n\u0259qliyyat vasit\u0259sind\u0259 g\u00f6mr\u00fck n\u0259zar\u0259tind\u0259n gizl\u0259dil\u0259n v\u0259 b\u0259yan edilm\u0259y\u0259n h\u0259r hans\u0131 predmetin olmad\u0131\u011f\u0131n\u0131 bildirs\u0259 d\u0259, n\u0259qliyyat vasit\u0259sinin gizli saxlanc yerind\u0259n be\u015f \u0259d\u0259d &#8220;M\u0130 A3&#8221; markal\u0131 mobil telefon a\u015fkarlan\u0131b. Faktla ba\u011fl\u0131 ara\u015fd\u0131rma apar\u0131l\u0131r.<\/p>\n","protected":false},"author":2,"featured_media":77662,"comment_status":"closed","ping_status":"closed","sticky":false,"template":"","format":"standard","meta":{"om_disable_all_campaigns":false,"_monsterinsights_skip_tracking":false,"_monsterinsights_sitenote_active":false,"_monsterinsights_sitenote_note":"","_monsterinsights_sitenote_category":0},"categories":[5],"tags":[],"aioseo_notices":[],"gutentor_comment":0,"rttpg_featured_image_url":{"full":["https:\/\/arantv.az\/wp-content\/uploads\/2019\/09\/FotoJet-1-2.jpg",620,435,false],"landscape":["https:\/\/arantv.az\/wp-content\/uploads\/2019\/09\/FotoJet-1-2.jpg",620,435,false],"portraits":["https:\/\/arantv.az\/wp-content\/uploads\/2019\/09\/FotoJet-1-2.jpg",620,435,false],"thumbnail":["https:\/\/arantv.az\/wp-content\/uploads\/2019\/09\/FotoJet-1-2-150x150.jpg",150,150,true],"medium":["https:\/\/arantv.az\/wp-content\/uploads\/2019\/09\/FotoJet-1-2-300x210.jpg",300,210,true],"large":["https:\/\/arantv.az\/wp-content\/uploads\/2019\/09\/FotoJet-1-2.jpg",620,435,false],"1536x1536":["https:\/\/arantv.az\/wp-content\/uploads\/2019\/09\/FotoJet-1-2.jpg",620,435,false],"2048x2048":["https:\/\/arantv.az\/wp-content\/uploads\/2019\/09\/FotoJet-1-2.jpg",620,435,false],"post-thumbnail":["https:\/\/arantv.az\/wp-content\/uploads\/2019\/09\/FotoJet-1-2-240x172.jpg",240,172,true],"advps-thumb-one":["https:\/\/arantv.az\/wp-content\/uploads\/2019\/09\/FotoJet-1-2.jpg",620,435,false]},"rttpg_author":{"display_name":"V\u00fcsal Rafiqo\u011flu","author_link":"https:\/\/arantv.az\/?author=2"},"rttpg_comment":0,"rttpg_category":"<a href=\"https:\/\/arantv.az\/?cat=5\" rel=\"category\">Hadis\u0259<\/a>","rttpg_excerpt":"&#8220;Q\u0131rm\u0131z\u0131 K\u00f6rp\u00fc&#8221; g\u00f6mr\u00fck postunda\u00a0idar\u0259 etdiyi &#8220;Opel Vectra&#8221; markal\u0131 avtomobill\u0259 G\u00fcrc\u00fcstandan\u00a0g\u0259l\u0259n Az\u0259rbaycan\u00a0v\u0259t\u0259nda\u015f\u0131 saxlan\u0131l\u0131b. D\u00f6vl\u0259t G\u00f6mr\u00fck Komit\u0259sind\u0259n\u00a0veril\u0259n\u00a0m\u0259lumata g\u00f6r\u0259, v\u0259t\u0259nda\u015f idar\u0259 etdiyi n\u0259qliyyat vasit\u0259sind\u0259 g\u00f6mr\u00fck n\u0259zar\u0259tind\u0259n gizl\u0259dil\u0259n v\u0259 b\u0259yan edilm\u0259y\u0259n h\u0259r hans\u0131 predmetin olmad\u0131\u011f\u0131n\u0131 bildirs\u0259 d\u0259, n\u0259qliyyat vasit\u0259sinin gizli saxlanc yerind\u0259n be\u015f \u0259d\u0259d &#8220;M\u0130 A3&#8221; markal\u0131 mobil telefon a\u015fkarlan\u0131b. Faktla ba\u011fl\u0131 ara\u015fd\u0131rma apar\u0131l\u0131r.","_links":{"self":[{"href":"https:\/\/arantv.az\/index.php?rest_route=\/wp\/v2\/posts\/77661"}],"collection":[{"href":"https:\/\/arantv.az\/index.php?rest_route=\/wp\/v2\/posts"}],"about":[{"href":"https:\/\/arantv.az\/index.php?rest_route=\/wp\/v2\/types\/post"}],"author":[{"embeddable":true,"href":"https:\/\/arantv.az\/index.php?rest_route=\/wp\/v2\/users\/2"}],"replies":[{"embeddable":true,"href":"https:\/\/arantv.az\/index.php?rest_route=%2Fwp%2Fv2%2Fcomments&post=77661"}],"version-history":[{"count":0,"href":"https:\/\/arantv.az\/index.php?rest_route=\/wp\/v2\/posts\/77661\/revisions"}],"wp:featuredmedia":[{"embeddable":true,"href":"https:\/\/arantv.az\/index.php?rest_route=\/wp\/v2\/media\/77662"}],"wp:attachment":[{"href":"https:\/\/arantv.az\/index.php?rest_route=%2Fwp%2Fv2%2Fmedia&parent=77661"}],"wp:term":[{"taxonomy":"category","embeddable":true,"href":"https:\/\/arantv.az\/index.php?rest_route=%2Fwp%2Fv2%2Fcategories&post=77661"},{"taxonomy":"post_tag","embeddable":true,"href":"https:\/\/arantv.az\/index.php?rest_route=%2Fwp%2Fv2%2Ftags&post=77661"}],"curies":[{"name":"wp","href":"https:\/\/api.w.org\/{rel}","templated":true}]}}