{"id":77664,"date":"2019-09-09T09:55:45","date_gmt":"2019-09-09T06:55:45","guid":{"rendered":"http:\/\/arantv.az\/?p=77664"},"modified":"2019-09-09T09:55:45","modified_gmt":"2019-09-09T06:55:45","slug":"bu-%c9%99razil%c9%99rd%c9%99-qaz-t%c9%99chizatinda-fasil%c9%99l%c9%99r-olacaq","status":"publish","type":"post","link":"https:\/\/arantv.az\/?p=77664","title":{"rendered":"Bu \u0259razil\u0259rd\u0259 qaz t\u0259chizat\u0131nda fasil\u0259l\u0259r olacaq"},"content":{"rendered":"<p>Bu g\u00fcn s\u0259h\u0259r saat 09:00-dan Bak\u0131n\u0131n Qarada\u011f rayonu, Qobustan q\u0259s\u0259b\u0259sind\u0259 bir qrup istehlak\u00e7\u0131n\u0131n qaz t\u0259chizat\u0131 dayand\u0131r\u0131l\u0131b.<\/p>\n<p>Bu bar\u0259d\u0259 &#8220;Az\u0259riqaz&#8221; \u0130stehsalat Birliyi m\u0259lumat yay\u0131b.<\/p>\n<div id=\"AdviadNativeVideo0\" class=\"AdviadNativeVideo\"><\/div>\n<p>Bildirilib ki, bu m\u00fcdd\u0259t \u0259rzind\u0259 qaz x\u0259ttinin m\u0259nb\u0259y\u0259 birl\u0259\u015fdirilm\u0259si i\u015fl\u0259ri icra olunacaq.<\/p>\n<p>Saat 10:00-dan Bak\u0131n\u0131n Sabun\u00e7u rayonunun Zabrat q\u0259s\u0259b\u0259sind\u0259, t\u0259mir b\u0259rpa i\u015fl\u0259rinin yerin\u0259 yetirilm\u0259si il\u0259 \u0259laq\u0259dar is\u0259 saat 10:00-dan 16:00-d\u0259k Qazax rayonunun bir ne\u00e7\u0259 ya\u015fay\u0131\u015f sah\u0259sind\u0259 qaz t\u0259chizat\u0131 dayand\u0131r\u0131lacaq.<\/p>\n<p>Saat 10:00-dan etibar\u0259n i\u015fl\u0259r ba\u015fa \u00e7atanad\u0259k Qaz \u0130xrac \u0130dar\u0259si d\u0259 t\u0259mir i\u015fl\u0259ri h\u0259yata ke\u00e7irdiyind\u0259n X\u0259tai rayonunun bir ne\u00e7\u0259 prospekt v\u0259 k\u00fc\u00e7\u0259l\u0259rind\u0259 qaz fasil\u0259l\u0259rl\u0259 veril\u0259c\u0259k.<\/p>\n","protected":false},"excerpt":{"rendered":"<p>Bu g\u00fcn s\u0259h\u0259r saat 09:00-dan Bak\u0131n\u0131n Qarada\u011f rayonu, Qobustan q\u0259s\u0259b\u0259sind\u0259 bir qrup istehlak\u00e7\u0131n\u0131n qaz t\u0259chizat\u0131 dayand\u0131r\u0131l\u0131b. Bu bar\u0259d\u0259 &#8220;Az\u0259riqaz&#8221; \u0130stehsalat Birliyi m\u0259lumat yay\u0131b. Bildirilib ki, bu m\u00fcdd\u0259t \u0259rzind\u0259 qaz x\u0259ttinin m\u0259nb\u0259y\u0259 birl\u0259\u015fdirilm\u0259si i\u015fl\u0259ri icra olunacaq. Saat 10:00-dan Bak\u0131n\u0131n Sabun\u00e7u rayonunun Zabrat q\u0259s\u0259b\u0259sind\u0259, t\u0259mir b\u0259rpa i\u015fl\u0259rinin yerin\u0259 yetirilm\u0259si il\u0259 \u0259laq\u0259dar is\u0259 saat 10:00-dan 16:00-d\u0259k Qazax rayonunun bir ne\u00e7\u0259 ya\u015fay\u0131\u015f sah\u0259sind\u0259 qaz t\u0259chizat\u0131 dayand\u0131r\u0131lacaq. Saat 10:00-dan etibar\u0259n i\u015fl\u0259r ba\u015fa \u00e7atanad\u0259k Qaz \u0130xrac \u0130dar\u0259si d\u0259 t\u0259mir i\u015fl\u0259ri h\u0259yata ke\u00e7irdiyind\u0259n X\u0259tai rayonunun bir ne\u00e7\u0259 prospekt v\u0259 k\u00fc\u00e7\u0259l\u0259rind\u0259 qaz fasil\u0259l\u0259rl\u0259 veril\u0259c\u0259k.<\/p>\n","protected":false},"author":2,"featured_media":77665,"comment_status":"closed","ping_status":"closed","sticky":false,"template":"","format":"standard","meta":{"om_disable_all_campaigns":false,"_monsterinsights_skip_tracking":false,"_monsterinsights_sitenote_active":false,"_monsterinsights_sitenote_note":"","_monsterinsights_sitenote_category":0},"categories":[1],"tags":[],"aioseo_notices":[],"gutentor_comment":0,"rttpg_featured_image_url":{"full":["https:\/\/arantv.az\/wp-content\/uploads\/2019\/09\/tmg-slideshow_l.jpg",620,420,false],"landscape":["https:\/\/arantv.az\/wp-content\/uploads\/2019\/09\/tmg-slideshow_l.jpg",620,420,false],"portraits":["https:\/\/arantv.az\/wp-content\/uploads\/2019\/09\/tmg-slideshow_l.jpg",620,420,false],"thumbnail":["https:\/\/arantv.az\/wp-content\/uploads\/2019\/09\/tmg-slideshow_l-150x150.jpg",150,150,true],"medium":["https:\/\/arantv.az\/wp-content\/uploads\/2019\/09\/tmg-slideshow_l-300x203.jpg",300,203,true],"large":["https:\/\/arantv.az\/wp-content\/uploads\/2019\/09\/tmg-slideshow_l.jpg",620,420,false],"1536x1536":["https:\/\/arantv.az\/wp-content\/uploads\/2019\/09\/tmg-slideshow_l.jpg",620,420,false],"2048x2048":["https:\/\/arantv.az\/wp-content\/uploads\/2019\/09\/tmg-slideshow_l.jpg",620,420,false],"post-thumbnail":["https:\/\/arantv.az\/wp-content\/uploads\/2019\/09\/tmg-slideshow_l-240x172.jpg",240,172,true],"advps-thumb-one":["https:\/\/arantv.az\/wp-content\/uploads\/2019\/09\/tmg-slideshow_l.jpg",620,420,false]},"rttpg_author":{"display_name":"V\u00fcsal Rafiqo\u011flu","author_link":"https:\/\/arantv.az\/?author=2"},"rttpg_comment":0,"rttpg_category":"<a href=\"https:\/\/arantv.az\/?cat=1\" rel=\"category\">C\u0259miyy\u0259t<\/a>","rttpg_excerpt":"Bu g\u00fcn s\u0259h\u0259r saat 09:00-dan Bak\u0131n\u0131n Qarada\u011f rayonu, Qobustan q\u0259s\u0259b\u0259sind\u0259 bir qrup istehlak\u00e7\u0131n\u0131n qaz t\u0259chizat\u0131 dayand\u0131r\u0131l\u0131b. Bu bar\u0259d\u0259 &#8220;Az\u0259riqaz&#8221; \u0130stehsalat Birliyi m\u0259lumat yay\u0131b. Bildirilib ki, bu m\u00fcdd\u0259t \u0259rzind\u0259 qaz x\u0259ttinin m\u0259nb\u0259y\u0259 birl\u0259\u015fdirilm\u0259si i\u015fl\u0259ri icra olunacaq. Saat 10:00-dan Bak\u0131n\u0131n Sabun\u00e7u rayonunun Zabrat q\u0259s\u0259b\u0259sind\u0259, t\u0259mir b\u0259rpa i\u015fl\u0259rinin yerin\u0259 yetirilm\u0259si il\u0259 \u0259laq\u0259dar is\u0259 saat 10:00-dan 16:00-d\u0259k Qazax rayonunun&hellip;","_links":{"self":[{"href":"https:\/\/arantv.az\/index.php?rest_route=\/wp\/v2\/posts\/77664"}],"collection":[{"href":"https:\/\/arantv.az\/index.php?rest_route=\/wp\/v2\/posts"}],"about":[{"href":"https:\/\/arantv.az\/index.php?rest_route=\/wp\/v2\/types\/post"}],"author":[{"embeddable":true,"href":"https:\/\/arantv.az\/index.php?rest_route=\/wp\/v2\/users\/2"}],"replies":[{"embeddable":true,"href":"https:\/\/arantv.az\/index.php?rest_route=%2Fwp%2Fv2%2Fcomments&post=77664"}],"version-history":[{"count":0,"href":"https:\/\/arantv.az\/index.php?rest_route=\/wp\/v2\/posts\/77664\/revisions"}],"wp:featuredmedia":[{"embeddable":true,"href":"https:\/\/arantv.az\/index.php?rest_route=\/wp\/v2\/media\/77665"}],"wp:attachment":[{"href":"https:\/\/arantv.az\/index.php?rest_route=%2Fwp%2Fv2%2Fmedia&parent=77664"}],"wp:term":[{"taxonomy":"category","embeddable":true,"href":"https:\/\/arantv.az\/index.php?rest_route=%2Fwp%2Fv2%2Fcategories&post=77664"},{"taxonomy":"post_tag","embeddable":true,"href":"https:\/\/arantv.az\/index.php?rest_route=%2Fwp%2Fv2%2Ftags&post=77664"}],"curies":[{"name":"wp","href":"https:\/\/api.w.org\/{rel}","templated":true}]}}