{"id":77667,"date":"2019-09-09T09:59:04","date_gmt":"2019-09-09T06:59:04","guid":{"rendered":"http:\/\/arantv.az\/?p=77667"},"modified":"2019-09-09T09:59:04","modified_gmt":"2019-09-09T06:59:04","slug":"aqta-s%c9%99drind%c9%99n-anemiya-il%c9%99-bagli-h%c9%99y%c9%99can-t%c9%99bili","status":"publish","type":"post","link":"https:\/\/arantv.az\/?p=77667","title":{"rendered":"AQTA s\u0259drind\u0259n anemiya il\u0259 ba\u011fl\u0131 &#8211; H\u018fY\u018fCAN T\u018fB\u0130L\u0130"},"content":{"rendered":"<p>Apar\u0131lan ara\u015fd\u0131rmalara g\u00f6r\u0259, bu g\u00fcn Az\u0259rbaycanda be\u015f ya\u015fad\u0259k u\u015faqlar\u0131n 15 faizind\u0259 d\u0259mir \u00e7at\u0131\u015fmazl\u0131\u011f\u0131 var.<\/p>\n<p><strong>ARANTV.AZ<\/strong>-\u0131n m\u0259lumat\u0131na g\u00f6r\u0259, bunu Avropa v\u0259 M\u0259rk\u0259zi Asiyada mikronutriyentl\u0259rin \u00e7at\u0131\u015fmazl\u0131\u011f\u0131n\u0131n qar\u015f\u0131s\u0131n\u0131 almaq \u00fc\u00e7\u00fcn unun z\u0259nginl\u0259\u015fdirilm\u0259si i\u015finin planla\u015fd\u0131r\u0131lmas\u0131, icras\u0131 v\u0259 monitorinqi \u00fczr\u0259 seminarda Qida T\u0259hl\u00fck\u0259sizliyi Agentliyinin (AQTA) s\u0259dri Qo\u015fqar T\u0259hm\u0259zli bildirib.<\/p>\n<p>Q.T\u0259hm\u0259zli bildirib ki, be\u015f ya\u015fad\u0259k u\u015faqlar\u0131n 24,2 faizind\u0259 anemiya var:<\/p>\n<p>&#8220;Qad\u0131nlar aras\u0131nda is\u0259 bu g\u00f6st\u0259ricil\u0259r daha y\u00fcks\u0259kdir. Qad\u0131nlar aras\u0131nda d\u0259mir \u00e7at\u0131\u015fmazl\u0131\u011f\u0131 34,1 faiz, anemiya 38,2 faiz olub. Hamil\u0259 qad\u0131nlar aras\u0131nda anemiyan\u0131n yay\u0131lmas\u0131 40,4 faiz\u0259 \u00e7at\u0131b. Bu g\u00fcn \u0259hali aras\u0131nda geni\u015f yay\u0131lm\u0131\u015f vitamin v\u0259 minerallar\u0131n \u00e7at\u0131\u015fmazl\u0131\u011f\u0131n\u0131n aradan qald\u0131rmas\u0131n\u0131n effektiv \u00fcsulu qida m\u0259hsullar\u0131n\u0131n z\u0259nginl\u0259\u015fdirilm\u0259sidir&#8221;.<\/p>\n<p>Onun s\u00f6zl\u0259rin\u0259 g\u00f6r\u0259, bu g\u00fcn d\u00fcnya \u0259halisinin \u00fc\u00e7d\u0259 bir hiss\u0259sini \u0259hat\u0259 ed\u0259n mikronutriyent \u00e7at\u0131\u015fmazl\u0131qlar\u0131na d\u0259mir, vitamin A v\u0259 yod \u00e7at\u0131\u015fmazl\u0131\u011f\u0131 s\u0259b\u0259b olur:<\/p>\n<p>&#8220;Bunlardan \u0259n geni\u015f yay\u0131lm\u0131\u015f\u0131 is\u0259 d\u0259mir \u00e7at\u0131\u015fmazl\u0131\u011f\u0131d\u0131r. Statistikaya n\u0259z\u0259r salsaq, g\u00f6r\u0259rik ki, haz\u0131rda d\u00fcnyada iki milyard insan anemiyadan \u0259ziyy\u0259t \u00e7\u0259kir. D\u0259mir \u00e7at\u0131\u015fmazl\u0131\u011f\u0131 d\u0259mir-defisitli anemiyalar\u0131n yaranmas\u0131na s\u0259b\u0259b olur. Bu is\u0259 x\u00fcsusi h\u0259ssas \u0259hali qrupunun &#8211; qad\u0131nlar\u0131n sa\u011flaml\u0131\u011f\u0131na, d\u00fcnyaya g\u0259tirdikl\u0259ri u\u015faqlar\u0131n immun sisteminin z\u0259if olmas\u0131na, daha \u00e7ox infeksiyalara m\u0259ruz qalmas\u0131na, fiziki v\u0259 intellektual inki\u015faflar\u0131na m\u0259nfi t\u0259sir g\u00f6st\u0259rir.<\/p>\n<p>Haz\u0131rda \u00f6lk\u0259mizd\u0259 bu problemin aradan qald\u0131r\u0131lmas\u0131 b\u00f6y\u00fck \u0259h\u0259miyy\u0259t k\u0259sb edir v\u0259 bu istiqam\u0259td\u0259 add\u0131mlar at\u0131l\u0131r&#8221;.<\/p>\n<p>Agentlik s\u0259drinin s\u00f6zl\u0259rin\u0259 g\u00f6r\u0259, t\u0259msil etdiyi qurum f\u0259aliyy\u0259t\u0259 ba\u015flayandan sonra m\u00fcvafiq qurumlarla birg\u0259 unun z\u0259nginl\u0259\u015fdirilm\u0259sin\u0259 dair qanun layih\u0259si \u00fcz\u0259rind\u0259 i\u015fl\u0259r apar\u0131l\u0131b:<\/p>\n<p>&#8220;Haz\u0131rda bu proses davam edir. Bug\u00fcnk\u00fc t\u0259dbirin d\u0259 \u0259sas m\u0259qs\u0259dl\u0259rind\u0259n biri bu sah\u0259d\u0259 beyn\u0259lxalq t\u0259cr\u00fcb\u0259ni \u00f6yr\u0259nm\u0259k, m\u00f6vcud qanunvericilik bazas\u0131n\u0131 t\u0259kmill\u0259\u015fdirm\u0259k, problemin h\u0259lli istiqam\u0259tind\u0259 ictimaiyy\u0259ti laz\u0131mi s\u0259viyy\u0259d\u0259 m\u0259lumatland\u0131rmaqd\u0131r&#8221;.oxu.az<\/p>\n","protected":false},"excerpt":{"rendered":"<p>Apar\u0131lan ara\u015fd\u0131rmalara g\u00f6r\u0259, bu g\u00fcn Az\u0259rbaycanda be\u015f ya\u015fad\u0259k u\u015faqlar\u0131n 15 faizind\u0259 d\u0259mir \u00e7at\u0131\u015fmazl\u0131\u011f\u0131 var. ARANTV.AZ-\u0131n m\u0259lumat\u0131na g\u00f6r\u0259, bunu Avropa v\u0259 M\u0259rk\u0259zi Asiyada mikronutriyentl\u0259rin \u00e7at\u0131\u015fmazl\u0131\u011f\u0131n\u0131n qar\u015f\u0131s\u0131n\u0131 almaq \u00fc\u00e7\u00fcn unun z\u0259nginl\u0259\u015fdirilm\u0259si i\u015finin planla\u015fd\u0131r\u0131lmas\u0131, icras\u0131 v\u0259 monitorinqi \u00fczr\u0259 seminarda Qida T\u0259hl\u00fck\u0259sizliyi Agentliyinin (AQTA) s\u0259dri Qo\u015fqar T\u0259hm\u0259zli bildirib. Q.T\u0259hm\u0259zli bildirib ki, be\u015f ya\u015fad\u0259k u\u015faqlar\u0131n 24,2 faizind\u0259 anemiya var: &#8220;Qad\u0131nlar aras\u0131nda is\u0259 bu g\u00f6st\u0259ricil\u0259r daha y\u00fcks\u0259kdir. Qad\u0131nlar aras\u0131nda d\u0259mir \u00e7at\u0131\u015fmazl\u0131\u011f\u0131 34,1 faiz, anemiya 38,2 faiz olub. Hamil\u0259 qad\u0131nlar aras\u0131nda anemiyan\u0131n yay\u0131lmas\u0131 40,4 faiz\u0259 \u00e7at\u0131b. Bu g\u00fcn \u0259hali aras\u0131nda geni\u015f yay\u0131lm\u0131\u015f vitamin v\u0259 minerallar\u0131n \u00e7at\u0131\u015fmazl\u0131\u011f\u0131n\u0131n aradan&hellip;<\/p>\n","protected":false},"author":2,"featured_media":77668,"comment_status":"closed","ping_status":"closed","sticky":false,"template":"","format":"standard","meta":{"om_disable_all_campaigns":false,"_monsterinsights_skip_tracking":false,"_monsterinsights_sitenote_active":false,"_monsterinsights_sitenote_note":"","_monsterinsights_sitenote_category":0},"categories":[1],"tags":[],"aioseo_notices":[],"gutentor_comment":0,"rttpg_featured_image_url":{"full":["https:\/\/arantv.az\/wp-content\/uploads\/2019\/09\/1496043716_qan_vermek_014.jpg",620,430,false],"landscape":["https:\/\/arantv.az\/wp-content\/uploads\/2019\/09\/1496043716_qan_vermek_014.jpg",620,430,false],"portraits":["https:\/\/arantv.az\/wp-content\/uploads\/2019\/09\/1496043716_qan_vermek_014.jpg",620,430,false],"thumbnail":["https:\/\/arantv.az\/wp-content\/uploads\/2019\/09\/1496043716_qan_vermek_014-150x150.jpg",150,150,true],"medium":["https:\/\/arantv.az\/wp-content\/uploads\/2019\/09\/1496043716_qan_vermek_014-300x208.jpg",300,208,true],"large":["https:\/\/arantv.az\/wp-content\/uploads\/2019\/09\/1496043716_qan_vermek_014.jpg",620,430,false],"1536x1536":["https:\/\/arantv.az\/wp-content\/uploads\/2019\/09\/1496043716_qan_vermek_014.jpg",620,430,false],"2048x2048":["https:\/\/arantv.az\/wp-content\/uploads\/2019\/09\/1496043716_qan_vermek_014.jpg",620,430,false],"post-thumbnail":["https:\/\/arantv.az\/wp-content\/uploads\/2019\/09\/1496043716_qan_vermek_014-240x172.jpg",240,172,true],"advps-thumb-one":["https:\/\/arantv.az\/wp-content\/uploads\/2019\/09\/1496043716_qan_vermek_014.jpg",620,430,false]},"rttpg_author":{"display_name":"V\u00fcsal Rafiqo\u011flu","author_link":"https:\/\/arantv.az\/?author=2"},"rttpg_comment":0,"rttpg_category":"<a href=\"https:\/\/arantv.az\/?cat=1\" rel=\"category\">C\u0259miyy\u0259t<\/a>","rttpg_excerpt":"Apar\u0131lan ara\u015fd\u0131rmalara g\u00f6r\u0259, bu g\u00fcn Az\u0259rbaycanda be\u015f ya\u015fad\u0259k u\u015faqlar\u0131n 15 faizind\u0259 d\u0259mir \u00e7at\u0131\u015fmazl\u0131\u011f\u0131 var. ARANTV.AZ-\u0131n m\u0259lumat\u0131na g\u00f6r\u0259, bunu Avropa v\u0259 M\u0259rk\u0259zi Asiyada mikronutriyentl\u0259rin \u00e7at\u0131\u015fmazl\u0131\u011f\u0131n\u0131n qar\u015f\u0131s\u0131n\u0131 almaq \u00fc\u00e7\u00fcn unun z\u0259nginl\u0259\u015fdirilm\u0259si i\u015finin planla\u015fd\u0131r\u0131lmas\u0131, icras\u0131 v\u0259 monitorinqi \u00fczr\u0259 seminarda Qida T\u0259hl\u00fck\u0259sizliyi Agentliyinin (AQTA) s\u0259dri Qo\u015fqar T\u0259hm\u0259zli bildirib. Q.T\u0259hm\u0259zli bildirib ki, be\u015f ya\u015fad\u0259k u\u015faqlar\u0131n 24,2 faizind\u0259 anemiya var: &#8220;Qad\u0131nlar&hellip;","_links":{"self":[{"href":"https:\/\/arantv.az\/index.php?rest_route=\/wp\/v2\/posts\/77667"}],"collection":[{"href":"https:\/\/arantv.az\/index.php?rest_route=\/wp\/v2\/posts"}],"about":[{"href":"https:\/\/arantv.az\/index.php?rest_route=\/wp\/v2\/types\/post"}],"author":[{"embeddable":true,"href":"https:\/\/arantv.az\/index.php?rest_route=\/wp\/v2\/users\/2"}],"replies":[{"embeddable":true,"href":"https:\/\/arantv.az\/index.php?rest_route=%2Fwp%2Fv2%2Fcomments&post=77667"}],"version-history":[{"count":0,"href":"https:\/\/arantv.az\/index.php?rest_route=\/wp\/v2\/posts\/77667\/revisions"}],"wp:featuredmedia":[{"embeddable":true,"href":"https:\/\/arantv.az\/index.php?rest_route=\/wp\/v2\/media\/77668"}],"wp:attachment":[{"href":"https:\/\/arantv.az\/index.php?rest_route=%2Fwp%2Fv2%2Fmedia&parent=77667"}],"wp:term":[{"taxonomy":"category","embeddable":true,"href":"https:\/\/arantv.az\/index.php?rest_route=%2Fwp%2Fv2%2Fcategories&post=77667"},{"taxonomy":"post_tag","embeddable":true,"href":"https:\/\/arantv.az\/index.php?rest_route=%2Fwp%2Fv2%2Ftags&post=77667"}],"curies":[{"name":"wp","href":"https:\/\/api.w.org\/{rel}","templated":true}]}}